{"id":1434,"date":"2020-03-31T19:11:54","date_gmt":"2020-03-31T17:11:54","guid":{"rendered":"http:\/\/agora.xtec.cat\/ieslesmarines\/?p=1434"},"modified":"2020-04-02T14:08:47","modified_gmt":"2020-04-02T12:08:47","slug":"selectivitat-2020-les-pau-seran-del-7-al-9-de-juliol","status":"publish","type":"post","link":"https:\/\/agora.xtec.cat\/ieslesmarines\/general\/selectivitat-2020-les-pau-seran-del-7-al-9-de-juliol\/","title":{"rendered":"Selectivitat 2020: les PAU seran del 7 al 9 de juliol"},"content":{"rendered":"<p><b><u>COMUNICAT OFICIAL SOBRE LES NOVES DATES DE LES PROVES<\/u><\/b><\/p>\n<p>El Govern i les universitats de Catalunya han acordat, en el marc del Consell Interuniversitari de Catalunya (CIC), les noves dates de celebraci\u00f3 de les diferents proves d\u2019acc\u00e9s a la universitat, en la seva convocat\u00f2ria ordin\u00e0ria.<\/p>\n<p>L&#8217;ajornament generalitzat del calendari es pren davant l&#8217;actual situaci\u00f3 excepcional d&#8217;emerg\u00e8ncia sanit\u00e0ria, per tal de minimitzar el risc de contagi per coronavirus COVID-19 entre la poblaci\u00f3.\u00a0<b>En aquest sentit, cal subratllar que el calendari aprovat queda supeditat a possibles noves mesures que puguin adoptar les autoritats competents en relaci\u00f3 amb aquesta pand\u00e8mia<\/b>.<\/p>\n<p>Aix\u00ed mateix, el nou calendari permet garantir que l&#8217;alumnat accedeixi a la universitat respectant els principis d&#8217;igualtat, m\u00e8rit i capacitat que sempre -i tamb\u00e9 en circumst\u00e0ncies excepcionals- han de regir l&#8217;acc\u00e9s i l&#8217;admissi\u00f3 als estudis universitaris.<\/p>\n<p>El nou calendari de les proves d&#8217;acc\u00e9s a la universitat \u00e9s el seg\u00fcent:<\/p>\n<p><b>Prova d&#8217;acc\u00e9s a la universitat (PAU). Convocat\u00f2ria ordin\u00e0ria:<\/b><\/p>\n<p>Dimarts 7, dimecres 8 i dijous 9 de juliol de 2020<\/p>\n<p><b>Prova d&#8217;aptitud personal (PAP) per a l&#8217;acc\u00e9s als graus en Educaci\u00f3 Infantil i en Educaci\u00f3 Prim\u00e0ria. Convocat\u00f2ria ordin\u00e0ria:<\/b><\/p>\n<p>Divendres, 19 de juny de 2020<\/p>\n<p>A partir d&#8217;aquestes noves dates, i en funci\u00f3 de l&#8217;evoluci\u00f3 de la situaci\u00f3 actual, s&#8217;establir\u00e0 un nou calendari de tr\u00e0mits, el qual es comunicar\u00e0 oportunament.<\/p>\n<p>A aquest <a href=\"https:\/\/www.ccma.cat\/324\/la-selectivitat-es-fara-el-7-8-i-9-de-juliol\/noticia\/3001309\/\" target=\"_blank\" rel=\"noopener noreferrer\">enlla\u00e7<\/a> trobareu la not\u00edcia de TV3 respecte a aquest canvi de dates de les PAU (selectivitat) i de les proves d&#8217;aptitud personal per a l&#8221;acc\u00e8s als graus en Educaci\u00f3 Infantil i en Educaci\u00f3 Prim\u00e0ria.<\/p>\n<p>&nbsp;<\/p>\n","protected":false},"excerpt":{"rendered":"<p>COMUNICAT OFICIAL SOBRE LES NOVES DATES DE LES PROVES El Govern i les universitats de Catalunya han acordat, en el marc del Consell Interuniversitari de Catalunya (CIC), les noves dates de celebraci\u00f3 de les diferents proves d\u2019acc\u00e9s a la universitat, en la seva convocat\u00f2ria ordin\u00e0ria. L&#8217;ajornament generalitzat del calendari es pren davant l&#8217;actual situaci\u00f3 excepcional [&hellip;]<\/p>\n","protected":false},"author":1,"featured_media":1435,"comment_status":"closed","ping_status":"closed","sticky":false,"template":"","format":"standard","meta":{"_bbp_topic_count":0,"_bbp_reply_count":0,"_bbp_total_topic_count":0,"_bbp_total_reply_count":0,"_bbp_voice_count":0,"_bbp_anonymous_reply_count":0,"_bbp_topic_count_hidden":0,"_bbp_reply_count_hidden":0,"_bbp_forum_subforum_count":0,"site-sidebar-layout":"default","site-content-layout":"","ast-site-content-layout":"","site-content-style":"default","site-sidebar-style":"default","ast-global-header-display":"","ast-banner-title-visibility":"","ast-main-header-display":"","ast-hfb-above-header-display":"","ast-hfb-below-header-display":"","ast-hfb-mobile-header-display":"","site-post-title":"","ast-breadcrumbs-content":"","ast-featured-img":"","footer-sml-layout":"","theme-transparent-header-meta":"","adv-header-id-meta":"","stick-header-meta":"","header-above-stick-meta":"","header-main-stick-meta":"","header-below-stick-meta":"","astra-migrate-meta-layouts":"default","ast-page-background-enabled":"default","ast-page-background-meta":{"desktop":{"background-color":"var(--ast-global-color-4)","background-image":"","background-repeat":"repeat","background-position":"center center","background-size":"auto","background-attachment":"scroll","background-type":"","background-media":"","overlay-type":"","overlay-color":"","overlay-opacity":"","overlay-gradient":""},"tablet":{"background-color":"","background-image":"","background-repeat":"repeat","background-position":"center center","background-size":"auto","background-attachment":"scroll","background-type":"","background-media":"","overlay-type":"","overlay-color":"","overlay-opacity":"","overlay-gradient":""},"mobile":{"background-color":"","background-image":"","background-repeat":"repeat","background-position":"center center","background-size":"auto","background-attachment":"scroll","background-type":"","background-media":"","overlay-type":"","overlay-color":"","overlay-opacity":"","overlay-gradient":""}},"ast-content-background-meta":{"desktop":{"background-color":"var(--ast-global-color-5)","background-image":"","background-repeat":"repeat","background-position":"center center","background-size":"auto","background-attachment":"scroll","background-type":"","background-media":"","overlay-type":"","overlay-color":"","overlay-opacity":"","overlay-gradient":""},"tablet":{"background-color":"var(--ast-global-color-5)","background-image":"","background-repeat":"repeat","background-position":"center center","background-size":"auto","background-attachment":"scroll","background-type":"","background-media":"","overlay-type":"","overlay-color":"","overlay-opacity":"","overlay-gradient":""},"mobile":{"background-color":"var(--ast-global-color-5)","background-image":"","background-repeat":"repeat","background-position":"center center","background-size":"auto","background-attachment":"scroll","background-type":"","background-media":"","overlay-type":"","overlay-color":"","overlay-opacity":"","overlay-gradient":""}},"footnotes":""},"categories":[1,29],"tags":[],"class_list":["post-1434","post","type-post","status-publish","format-standard","has-post-thumbnail","hentry","category-general","category-portada"],"post_mailing_queue_ids":[],"_links":{"self":[{"href":"https:\/\/agora.xtec.cat\/ieslesmarines\/wp-json\/wp\/v2\/posts\/1434","targetHints":{"allow":["GET"]}}],"collection":[{"href":"https:\/\/agora.xtec.cat\/ieslesmarines\/wp-json\/wp\/v2\/posts"}],"about":[{"href":"https:\/\/agora.xtec.cat\/ieslesmarines\/wp-json\/wp\/v2\/types\/post"}],"author":[{"embeddable":true,"href":"https:\/\/agora.xtec.cat\/ieslesmarines\/wp-json\/wp\/v2\/users\/1"}],"replies":[{"embeddable":true,"href":"https:\/\/agora.xtec.cat\/ieslesmarines\/wp-json\/wp\/v2\/comments?post=1434"}],"version-history":[{"count":3,"href":"https:\/\/agora.xtec.cat\/ieslesmarines\/wp-json\/wp\/v2\/posts\/1434\/revisions"}],"predecessor-version":[{"id":1444,"href":"https:\/\/agora.xtec.cat\/ieslesmarines\/wp-json\/wp\/v2\/posts\/1434\/revisions\/1444"}],"wp:featuredmedia":[{"embeddable":true,"href":"https:\/\/agora.xtec.cat\/ieslesmarines\/wp-json\/wp\/v2\/media\/1435"}],"wp:attachment":[{"href":"https:\/\/agora.xtec.cat\/ieslesmarines\/wp-json\/wp\/v2\/media?parent=1434"}],"wp:term":[{"taxonomy":"category","embeddable":true,"href":"https:\/\/agora.xtec.cat\/ieslesmarines\/wp-json\/wp\/v2\/categories?post=1434"},{"taxonomy":"post_tag","embeddable":true,"href":"https:\/\/agora.xtec.cat\/ieslesmarines\/wp-json\/wp\/v2\/tags?post=1434"}],"curies":[{"name":"wp","href":"https:\/\/api.w.org\/{rel}","templated":true}]}}