{"id":1365,"date":"2020-01-30T14:46:03","date_gmt":"2020-01-30T13:46:03","guid":{"rendered":"http:\/\/agora.xtec.cat\/ieslesmarines\/?p=1365"},"modified":"2020-01-30T14:46:03","modified_gmt":"2020-01-30T13:46:03","slug":"commemoracio-del-dia-internacional-en-memoria-de-les-victimes-de-lholocaust","status":"publish","type":"post","link":"https:\/\/agora.xtec.cat\/ieslesmarines\/general\/commemoracio-del-dia-internacional-en-memoria-de-les-victimes-de-lholocaust\/","title":{"rendered":"Commemoraci\u00f3 del Dia Internacional en mem\u00f2ria de les v\u00edctimes de l&#8217;Holocaust"},"content":{"rendered":"<div class=\"gs\">\n<div class=\"\">\n<div id=\":y6\" class=\"ii gt\">\n<div id=\":m7\" class=\"a3s aXjCH \">\n<div dir=\"ltr\">\n<div>\n<div><\/div>\n<\/div>\n<div>El passat 27 de gener amb motiu de la Commemoraci\u00f3 del Dia Internacional en mem\u00f2ria de les v\u00edctimes de l&#8217;Holocaust, l&#8217;Ajuntament de Castelldefels va presentar a la nova pla\u00e7a dedicada a Neus Catal\u00e0 (activista, recentment morta, que va sobreviure al Camp d&#8217;Extermini de\u00a0Ravensbr\u00fccknovena) un acte d&#8217;homenatge a totes les v\u00edctimes.<\/div>\n<div><\/div>\n<div>En aquest sentit, el nostre centre participa des del curs passat en el projecte &#8220;Xarxa de Mem\u00f2ria i prevenci\u00f3 del feixisme Mai M\u00e9s&#8221;. Dins\u00a0d&#8217;aquest projecte organitzat pel departament de Ci\u00e8ncies Socials, els nostres alumnes de 1r Batxillerat i 4t d&#8217;ESO (que fan la mat\u00e8ria de Filosofia) van participar activament a l&#8217;acte.<\/div>\n<div><\/div>\n<div>Cal ressaltar que la finalitat d&#8217;aquest homenatge de sensibilitzaci\u00f3 de la mem\u00f2ria de les v\u00edctimes de l&#8217;Holocaust (tamb\u00e9 d&#8217;altres genocidis i crims contra la humanitat) s&#8217;emmarca amb els nostres estudiants fent \u00e8mfasis en la nostra realitat i\u00a0la pr\u00f2pia hist\u00f2ria. <a href=\"https:\/\/photos.app.goo.gl\/Qx6TzJjmrGNoVciY6\" target=\"_blank\" rel=\"noopener noreferrer\">Aqu\u00ed<\/a> trobareu una selecci\u00f3 de fotos de la participaci\u00f3 del nostre alumnat.<\/div>\n<div><\/div>\n<div>Moltes gr\u00e0cies a tots i totes per fer possible aquest\u00a0homenatge!<\/div>\n<\/div>\n<div class=\"yj6qo\"><\/div>\n<div class=\"adL\"><\/div>\n<\/div>\n<\/div>\n<div id=\":117\" class=\"hq gt\">\n<div id=\":118\" class=\"ho\">\n<div class=\"aZi J-J5-Ji\">\n<div id=\":11n\" class=\"T-I J-J5-Ji aZj T-I-ax7 T-I-Js-IF L3\" tabindex=\"0\" role=\"button\" aria-label=\"Baixa tots els fitxers adjunts\" data-tooltip=\"Baixa tots els fitxers adjunts\" aria-disabled=\"false\">\n<div class=\"a3I\"><\/div>\n<\/div>\n<div id=\":11o\" class=\"T-I J-J5-Ji aZj T-I-ax7 T-I-Js-Gs L3\" tabindex=\"0\" role=\"button\" aria-label=\"Desa-ho tot a Drive\" aria-disabled=\"false\" data-tooltip=\"Desa-ho tot a Drive\">\n<div class=\"asa\">\n<div class=\"aZg T-I-J3 J-J5-Ji\">\n<div class=\"T-aT4\">\n<div><\/div>\n<div class=\"T-aT4-JX\"><\/div>\n<\/div>\n<\/div>\n<\/div>\n<div class=\"a3I\"><\/div>\n<\/div>\n<\/div>\n<\/div>\n<div id=\":11a\"><\/div>\n<div id=\":119\" class=\"aQH\">\n<div class=\"aZK\"><\/div>\n<\/div>\n<\/div>\n<div class=\"hi\"><\/div>\n<\/div>\n<\/div>\n","protected":false},"excerpt":{"rendered":"<p>El passat 27 de gener amb motiu de la Commemoraci\u00f3 del Dia Internacional en mem\u00f2ria de les v\u00edctimes de l&#8217;Holocaust, l&#8217;Ajuntament de Castelldefels va presentar a la nova pla\u00e7a dedicada a Neus Catal\u00e0 (activista, recentment morta, que va sobreviure al Camp d&#8217;Extermini de\u00a0Ravensbr\u00fccknovena) un acte d&#8217;homenatge a totes les v\u00edctimes. En aquest sentit, el nostre [&hellip;]<\/p>\n","protected":false},"author":1,"featured_media":1366,"comment_status":"open","ping_status":"closed","sticky":false,"template":"","format":"standard","meta":{"_bbp_topic_count":0,"_bbp_reply_count":0,"_bbp_total_topic_count":0,"_bbp_total_reply_count":0,"_bbp_voice_count":0,"_bbp_anonymous_reply_count":0,"_bbp_topic_count_hidden":0,"_bbp_reply_count_hidden":0,"_bbp_forum_subforum_count":0,"site-sidebar-layout":"default","site-content-layout":"","ast-site-content-layout":"","site-content-style":"default","site-sidebar-style":"default","ast-global-header-display":"","ast-banner-title-visibility":"","ast-main-header-display":"","ast-hfb-above-header-display":"","ast-hfb-below-header-display":"","ast-hfb-mobile-header-display":"","site-post-title":"","ast-breadcrumbs-content":"","ast-featured-img":"","footer-sml-layout":"","theme-transparent-header-meta":"","adv-header-id-meta":"","stick-header-meta":"","header-above-stick-meta":"","header-main-stick-meta":"","header-below-stick-meta":"","astra-migrate-meta-layouts":"default","ast-page-background-enabled":"default","ast-page-background-meta":{"desktop":{"background-color":"var(--ast-global-color-4)","background-image":"","background-repeat":"repeat","background-position":"center center","background-size":"auto","background-attachment":"scroll","background-type":"","background-media":"","overlay-type":"","overlay-color":"","overlay-opacity":"","overlay-gradient":""},"tablet":{"background-color":"","background-image":"","background-repeat":"repeat","background-position":"center center","background-size":"auto","background-attachment":"scroll","background-type":"","background-media":"","overlay-type":"","overlay-color":"","overlay-opacity":"","overlay-gradient":""},"mobile":{"background-color":"","background-image":"","background-repeat":"repeat","background-position":"center center","background-size":"auto","background-attachment":"scroll","background-type":"","background-media":"","overlay-type":"","overlay-color":"","overlay-opacity":"","overlay-gradient":""}},"ast-content-background-meta":{"desktop":{"background-color":"var(--ast-global-color-5)","background-image":"","background-repeat":"repeat","background-position":"center center","background-size":"auto","background-attachment":"scroll","background-type":"","background-media":"","overlay-type":"","overlay-color":"","overlay-opacity":"","overlay-gradient":""},"tablet":{"background-color":"var(--ast-global-color-5)","background-image":"","background-repeat":"repeat","background-position":"center center","background-size":"auto","background-attachment":"scroll","background-type":"","background-media":"","overlay-type":"","overlay-color":"","overlay-opacity":"","overlay-gradient":""},"mobile":{"background-color":"var(--ast-global-color-5)","background-image":"","background-repeat":"repeat","background-position":"center center","background-size":"auto","background-attachment":"scroll","background-type":"","background-media":"","overlay-type":"","overlay-color":"","overlay-opacity":"","overlay-gradient":""}},"footnotes":""},"categories":[1,29],"tags":[],"class_list":["post-1365","post","type-post","status-publish","format-standard","has-post-thumbnail","hentry","category-general","category-portada"],"post_mailing_queue_ids":[],"_links":{"self":[{"href":"https:\/\/agora.xtec.cat\/ieslesmarines\/wp-json\/wp\/v2\/posts\/1365","targetHints":{"allow":["GET"]}}],"collection":[{"href":"https:\/\/agora.xtec.cat\/ieslesmarines\/wp-json\/wp\/v2\/posts"}],"about":[{"href":"https:\/\/agora.xtec.cat\/ieslesmarines\/wp-json\/wp\/v2\/types\/post"}],"author":[{"embeddable":true,"href":"https:\/\/agora.xtec.cat\/ieslesmarines\/wp-json\/wp\/v2\/users\/1"}],"replies":[{"embeddable":true,"href":"https:\/\/agora.xtec.cat\/ieslesmarines\/wp-json\/wp\/v2\/comments?post=1365"}],"version-history":[{"count":1,"href":"https:\/\/agora.xtec.cat\/ieslesmarines\/wp-json\/wp\/v2\/posts\/1365\/revisions"}],"predecessor-version":[{"id":1367,"href":"https:\/\/agora.xtec.cat\/ieslesmarines\/wp-json\/wp\/v2\/posts\/1365\/revisions\/1367"}],"wp:featuredmedia":[{"embeddable":true,"href":"https:\/\/agora.xtec.cat\/ieslesmarines\/wp-json\/wp\/v2\/media\/1366"}],"wp:attachment":[{"href":"https:\/\/agora.xtec.cat\/ieslesmarines\/wp-json\/wp\/v2\/media?parent=1365"}],"wp:term":[{"taxonomy":"category","embeddable":true,"href":"https:\/\/agora.xtec.cat\/ieslesmarines\/wp-json\/wp\/v2\/categories?post=1365"},{"taxonomy":"post_tag","embeddable":true,"href":"https:\/\/agora.xtec.cat\/ieslesmarines\/wp-json\/wp\/v2\/tags?post=1365"}],"curies":[{"name":"wp","href":"https:\/\/api.w.org\/{rel}","templated":true}]}}