{"id":1349,"date":"2020-01-20T20:35:02","date_gmt":"2020-01-20T19:35:02","guid":{"rendered":"http:\/\/agora.xtec.cat\/ieslesmarines\/?p=1349"},"modified":"2020-01-20T20:35:02","modified_gmt":"2020-01-20T19:35:02","slug":"presentacio-del-projecte-eslora","status":"publish","type":"post","link":"https:\/\/agora.xtec.cat\/ieslesmarines\/portada\/presentacio-del-projecte-eslora\/","title":{"rendered":"Presentaci\u00f3 del Projecte Eslora"},"content":{"rendered":"<p>El passat 15 de gener es va presentar a l&#8217;espai Margarido Xirgu de la Biblioteca de Castelldefels la novena edici\u00f3 del Projecte l&#8217;Eslora, un programa de diversificaci\u00f3 curricular que ofereix a estudiants d&#8217;ESO estades formatives en empreses i serveis municipals amb l&#8217;objectiu de millorar la seva socialitzaci\u00f3 i estimular-los les ganes d&#8217;aprendre i d&#8217;anar-se incorporant al m\u00f3n dels adults.<\/p>\n<p>Enguany hi participen a Castelldefels 39 joves de 3er i 4rt d&#8217;ESO, seleccionats pels quatre instituts de la ciutat: Les Marines, Josep Llu\u00eds Sert, Mediterr\u00e0nia i Valeria Halin\u00e9.<\/p>\n<p>Les estades a empreses i serveis municipals s\u00f3n personalitzades per a cada estudiant i el que es busca \u00e9s que visquin una experi\u00e8ncia i rebin unes possibilitats d&#8217;aprenentatge complement\u00e0ries a les activitats que ofereix el centre escolar, sense substituir-ne la responsabilitat educadora, ja que l&#8217;institut continua assumint la planificaci\u00f3, el seguiment, l&#8217;orientaci\u00f3 i l&#8217;avaluaci\u00f3 de l&#8217;alumnat. Estem conven\u00e7uts que aquesta sera una experi\u00e8ncia enriquidora i profitosa pels nostres alumnes participants.<\/p>\n<p>&nbsp;<\/p>\n<p>&nbsp;<\/p>\n","protected":false},"excerpt":{"rendered":"<p>El passat 15 de gener es va presentar a l&#8217;espai Margarido Xirgu de la Biblioteca de Castelldefels la novena edici\u00f3 del Projecte l&#8217;Eslora, un programa de diversificaci\u00f3 curricular que ofereix a estudiants d&#8217;ESO estades formatives en empreses i serveis municipals amb l&#8217;objectiu de millorar la seva socialitzaci\u00f3 i estimular-los les ganes d&#8217;aprendre i d&#8217;anar-se incorporant [&hellip;]<\/p>\n","protected":false},"author":1,"featured_media":1350,"comment_status":"open","ping_status":"closed","sticky":false,"template":"","format":"standard","meta":{"_bbp_topic_count":0,"_bbp_reply_count":0,"_bbp_total_topic_count":0,"_bbp_total_reply_count":0,"_bbp_voice_count":0,"_bbp_anonymous_reply_count":0,"_bbp_topic_count_hidden":0,"_bbp_reply_count_hidden":0,"_bbp_forum_subforum_count":0,"site-sidebar-layout":"default","site-content-layout":"","ast-site-content-layout":"","site-content-style":"default","site-sidebar-style":"default","ast-global-header-display":"","ast-banner-title-visibility":"","ast-main-header-display":"","ast-hfb-above-header-display":"","ast-hfb-below-header-display":"","ast-hfb-mobile-header-display":"","site-post-title":"","ast-breadcrumbs-content":"","ast-featured-img":"","footer-sml-layout":"","theme-transparent-header-meta":"","adv-header-id-meta":"","stick-header-meta":"","header-above-stick-meta":"","header-main-stick-meta":"","header-below-stick-meta":"","astra-migrate-meta-layouts":"default","ast-page-background-enabled":"default","ast-page-background-meta":{"desktop":{"background-color":"var(--ast-global-color-4)","background-image":"","background-repeat":"repeat","background-position":"center center","background-size":"auto","background-attachment":"scroll","background-type":"","background-media":"","overlay-type":"","overlay-color":"","overlay-opacity":"","overlay-gradient":""},"tablet":{"background-color":"","background-image":"","background-repeat":"repeat","background-position":"center center","background-size":"auto","background-attachment":"scroll","background-type":"","background-media":"","overlay-type":"","overlay-color":"","overlay-opacity":"","overlay-gradient":""},"mobile":{"background-color":"","background-image":"","background-repeat":"repeat","background-position":"center center","background-size":"auto","background-attachment":"scroll","background-type":"","background-media":"","overlay-type":"","overlay-color":"","overlay-opacity":"","overlay-gradient":""}},"ast-content-background-meta":{"desktop":{"background-color":"var(--ast-global-color-5)","background-image":"","background-repeat":"repeat","background-position":"center center","background-size":"auto","background-attachment":"scroll","background-type":"","background-media":"","overlay-type":"","overlay-color":"","overlay-opacity":"","overlay-gradient":""},"tablet":{"background-color":"var(--ast-global-color-5)","background-image":"","background-repeat":"repeat","background-position":"center center","background-size":"auto","background-attachment":"scroll","background-type":"","background-media":"","overlay-type":"","overlay-color":"","overlay-opacity":"","overlay-gradient":""},"mobile":{"background-color":"var(--ast-global-color-5)","background-image":"","background-repeat":"repeat","background-position":"center center","background-size":"auto","background-attachment":"scroll","background-type":"","background-media":"","overlay-type":"","overlay-color":"","overlay-opacity":"","overlay-gradient":""}},"footnotes":""},"categories":[29],"tags":[],"class_list":["post-1349","post","type-post","status-publish","format-standard","has-post-thumbnail","hentry","category-portada"],"post_mailing_queue_ids":[],"_links":{"self":[{"href":"https:\/\/agora.xtec.cat\/ieslesmarines\/wp-json\/wp\/v2\/posts\/1349","targetHints":{"allow":["GET"]}}],"collection":[{"href":"https:\/\/agora.xtec.cat\/ieslesmarines\/wp-json\/wp\/v2\/posts"}],"about":[{"href":"https:\/\/agora.xtec.cat\/ieslesmarines\/wp-json\/wp\/v2\/types\/post"}],"author":[{"embeddable":true,"href":"https:\/\/agora.xtec.cat\/ieslesmarines\/wp-json\/wp\/v2\/users\/1"}],"replies":[{"embeddable":true,"href":"https:\/\/agora.xtec.cat\/ieslesmarines\/wp-json\/wp\/v2\/comments?post=1349"}],"version-history":[{"count":1,"href":"https:\/\/agora.xtec.cat\/ieslesmarines\/wp-json\/wp\/v2\/posts\/1349\/revisions"}],"predecessor-version":[{"id":1351,"href":"https:\/\/agora.xtec.cat\/ieslesmarines\/wp-json\/wp\/v2\/posts\/1349\/revisions\/1351"}],"wp:featuredmedia":[{"embeddable":true,"href":"https:\/\/agora.xtec.cat\/ieslesmarines\/wp-json\/wp\/v2\/media\/1350"}],"wp:attachment":[{"href":"https:\/\/agora.xtec.cat\/ieslesmarines\/wp-json\/wp\/v2\/media?parent=1349"}],"wp:term":[{"taxonomy":"category","embeddable":true,"href":"https:\/\/agora.xtec.cat\/ieslesmarines\/wp-json\/wp\/v2\/categories?post=1349"},{"taxonomy":"post_tag","embeddable":true,"href":"https:\/\/agora.xtec.cat\/ieslesmarines\/wp-json\/wp\/v2\/tags?post=1349"}],"curies":[{"name":"wp","href":"https:\/\/api.w.org\/{rel}","templated":true}]}}