{"id":1230,"date":"2019-06-28T08:10:30","date_gmt":"2019-06-28T06:10:30","guid":{"rendered":"http:\/\/agora.xtec.cat\/ieslesmarines\/?p=1230"},"modified":"2019-06-28T08:10:30","modified_gmt":"2019-06-28T06:10:30","slug":"perfils-les-marines-isa-lopez","status":"publish","type":"post","link":"https:\/\/agora.xtec.cat\/ieslesmarines\/general\/perfils-les-marines-isa-lopez\/","title":{"rendered":"Perfils Les Marines: Isa L\u00f3pez"},"content":{"rendered":"<p><span style=\"font-weight: 400;\">La Isabel L\u00f3pez \u00e9s professora de l\u2019Institut Les Marines, on imparteix ci\u00e8ncies socials i l\u2019optativa \u00abexperimentem en moviment\u00bb a 3er d\u2019ESO i ensenya Hist\u00f2ria del M\u00f3n Contemporani a 1er de Batxillerat. <\/span><span style=\"font-weight: 400;\">En total va estar vuit anys estudiant per llicenciar-se en filosofia, antropologia, per tenir un m\u00e0ster d\u2019investigaci\u00f3 d\u2019educaci\u00f3 amb did\u00e0ctica a les ci\u00e8ncies socials i un certificat de t\u00edtol pedag\u00f2gic. <\/span><span style=\"font-weight: 400;\">Ha estat uns dotze anys a les aules, impartint des de prim\u00e0ria fins a secund\u00e0ria, a centres d\u2019Esplugues, Viladecans i Castelldefels, i d\u2019aquests ha estat onze ensenyant a secund\u00e0ria. A Les Marines hi porta dos anys.<\/span><\/p>\n<p><span style=\"font-weight: 400;\">Ser professora era una idea que sempre li havia agradat i el que m\u00e9s li agrada en especial \u00e9s que \u00abbeu de l\u2019elixir de l\u2019eterna joventut\u00bb ja que l\u2019edat dels dotze a divuit anys s\u00f3n etapes potents i intenses,estar en contacte amb persones d\u2019aquestes edats \u00e9s estar connectada a la vida, una intensitat que enganxa per\u00f2 que de vegades resulta esgotadora.<\/span><\/p>\n<p><span style=\"font-weight: 400;\">A classe troba que hi ha molta energia per\u00f2 a l\u2019hora una gran contaminaci\u00f3 amb les xarxes socials que fa que costi controlar la classe, per\u00f2 aix\u00f2 s\u00f3n aspectes que assumeix amb els que ha de tractar, i no s\u00f3n els que menys li agraden, de fet, per ella el pitjor \u00e9s corregir perqu\u00e8 \u00e9s un treball cansat i que costa, per\u00f2 quan les classes funcionen i veu un bon treball s\u2019ho passa b\u00e9 i sent que el seu esfor\u00e7 t\u00e9 sentit.<\/span><\/p>\n<p><span style=\"font-weight: 400;\">Respecte el nostre sistema educatiu, creu que hi ha punts per millorar, comen\u00e7ant per abaixar la r\u00e0tio d\u2019alumnes per a establir un millor vincle per a aprendre, a m\u00e9s, d\u2019aquesta manera tamb\u00e9 es podria considerar m\u00e9s als estudiants i pensar en les seves necessitats. <\/span><span style=\"font-weight: 400;\">Opina que les classes s\u2019han de fer d\u2019una manera m\u00e9s viva i acollir les equivocacions, perqu\u00e8 formen part del proc\u00e9s d\u2019aprenentatge, que es completaria excel\u00b7lentment amb un tracte respectu\u00f3s i d\u2019igualtat entre l\u2019alumnat i els companys, i establir el vincle des d\u2019un lloc m\u00e9s honest.<\/span><\/p>\n<p><span style=\"font-weight: 400;\">Si parlem de Les Marines, ella sent que hi ha un ambient acollidor i c\u00f2mode, on hi ha una bona atmosfera entre els docents.<\/span><\/p>\n<p><span style=\"font-weight: 400;\">La ra\u00f3 per la que li agrada ensenyar hist\u00f2ria \u00e9s perqu\u00e8 per ella \u00e9s una eina que tenim per fer mem\u00f2ria de la humanitat, sobretot li crida la hist\u00f2ria recent perqu\u00e8 \u00e9s una font d\u2019aprenentatge que ens ajuda a abordar els conflictes del present i a transformar-los per a que no siguin conflictes futurs.<\/span><\/p>\n<p><span style=\"font-weight: 400;\">Si pogu\u00e9s viatjar en el temps, aniria als anys 30 perqu\u00e8 per ella \u00e9s un moment molt viu, perqu\u00e8 hi ha esperan\u00e7a a una etapa dif\u00edcil. Tamb\u00e9 viatjaria als anys 70 o al maig del 68.<\/span><\/p>\n<p><span style=\"font-weight: 400;\">Ens recomana diferents pel\u00b7l\u00edcules hist\u00f2riques com <\/span><i><span style=\"font-weight: 400;\">Garaje Olimpo, La llista de Schindler, Sufragistas <\/span><\/i><span style=\"font-weight: 400;\">i <\/span><i><span style=\"font-weight: 400;\">\u00c1gora. <\/span><\/i><span style=\"font-weight: 400;\">Tot i que li agradin ens va confessar que les veia poc perqu\u00e8 la majoria tracten de temes socials que al final li acaben fent mal perqu\u00e8 li toquen m\u00e9s les pel\u00b7l\u00edcules d\u2019hist\u00f2ria recent. Com que les veu poc, s\u2019ha aficionat a pel\u00b7l\u00edcules rom\u00e0ntiques com <\/span><i><span style=\"font-weight: 400;\">Cartas a Julieta <\/span><\/i><span style=\"font-weight: 400;\">o <\/span><i><span style=\"font-weight: 400;\">27 vestidos, <\/span><\/i><span style=\"font-weight: 400;\">per\u00f2 no les recomana. <\/span><span style=\"font-weight: 400;\">Per sobre de totes les pel\u00b7l\u00edcules, la que m\u00e9s li va marcar va ser <\/span><i><span style=\"font-weight: 400;\">El club de los poetas muertos. <\/span><\/i><span style=\"font-weight: 400;\">L<\/span><span style=\"font-weight: 400;\">a va veure d\u2019adolescent i el missatge li va arribar fortament.<\/span><\/p>\n<p><span style=\"font-weight: 400;\">Una altra de les seves aficions \u00e9s la filosofia. De fet en <\/span><span style=\"font-weight: 400;\">llegeix <\/span><span style=\"font-weight: 400;\">molta i ens anima a llegir els llibres de Marina Garc\u00e9s com<\/span><i><span style=\"font-weight: 400;\"> La filosof\u00eda inacabada, La nueva<\/span><\/i> <i><span style=\"font-weight: 400;\">ilustraci\u00f3n radical <\/span><\/i><span style=\"font-weight: 400;\">i F<\/span><i><span style=\"font-weight: 400;\">uera de clase. <\/span><\/i><span style=\"font-weight: 400;\">Tamb\u00e9 recomana llegir llibres filos\u00f2fics d\u2019altres estils com els de Virginia Woolf, en especial <\/span><i><span style=\"font-weight: 400;\">La habitaci\u00f3n propia.<\/span><\/i><\/p>\n<p><span style=\"font-weight: 400;\">Altres passions seves s\u00f3n la m\u00fasica i ballar dansa contempor\u00e0nia, un dels hobbies que m\u00e9s temps porta fent, i a m\u00e9s, en el seu temps lliure forma part de moviments socials des de ben jove perqu\u00e8, com tots sabem t\u00e9 una gran consci\u00e8ncia de classe i s\u2019identifica amb els moviments obrers. Sorprenentment es considera feminista nom\u00e9s des de fa cinc anys, degut a que la paraula feminisme li havia fet rebuig fins que va atendre una xerrada sobre el feminisme a un col\u00b7legi on treballava i li va canviar la seva visi\u00f3.\u00a0<\/span><\/p>\n<p><span style=\"font-weight: 400;\">Dins del feminisme ella creu en el feminisme radical, que vol dir \u00abd\u2019arrel\u00bb, i defensa la caiguda del patriarcat per viure en una societat igualit\u00e0ria. A m\u00e9s diu que la imatge en aquesta societat \u00e9s una cosa terrible i que al m\u00f3n de les dones arriba a grans l\u00edmits en gran part per culpa dels comentaris socials. <\/span><span style=\"font-weight: 400;\">Pensa que es poden fer moltes lectures i diferents interpretacions d\u2019aquest moviment per\u00f2 per sobre de tot la sororitat \u00e9s una l\u00ednia vermella que no es pot traspassar si ets feminista. <\/span><span style=\"font-weight: 400;\">Per a ella la paraula feminisme t\u00e9 un significat d\u2019alliberament, i sobretot en l\u2019\u00e0mbit amor\u00f3s i en les relacions de parelles. <\/span><span style=\"font-weight: 400;\">Per concloure amb la xerrada feminista ens va dir que \u00abfem el que podem per ser feministes en un m\u00f3n patriarcal\u00bb.<\/span><\/p>\n<p><span style=\"font-weight: 400;\">La Isa pensa que altres causes del m\u00f3n injust les ha portat el capitalisme, a partir dels segles\u00a0 XVIII-XIX, com l\u2019explotaci\u00f3 laboral, la import\u00e0ncia de la imatge, la divisi\u00f3 social&#8230; Opina que hi ha molta gent estigmatitzada per tres factors clau; el g\u00e8nere, la ra\u00e7a i classe, on se surt de la societat tothom que no segueixi l\u2019est\u00e0ndard que ha sigut imposat.<\/span><\/p>\n<p><span style=\"font-weight: 400;\">Per concloure l\u2019entrevista li vam preguntar per algun consell. Encara que no li agradi aconsellar perqu\u00e8 creu que cada persona t\u00e9 una experi\u00e8ncia i aprenentatge diferent, ens recomana gaudir del moment, Carpe Diem, un t\u00f2pic literari que li ha acompanyat tota la vida. Per finalitzar ens va recomanar utilitzar l\u2019escriptura per expressar els nostres sentiments, i per sobre de tot, deixar sentir tots els nostres sentiments i gaudir.<\/span><\/p>\n<p>Aquest perfil ha estat elaborat per <span style=\"font-weight: 400;\">Camila Dall\u2019orzo, <\/span><span style=\"font-weight: 400;\">Eva Ferrer, <\/span><span style=\"font-weight: 400;\">Josema Mu\u00f1oz i <\/span><span style=\"font-weight: 400;\">Alba Parra de 1r de batxillerat a partir d&#8217;una entrevista que van mantenir amb la Isa L\u00f3pez.<\/span><\/p>\n","protected":false},"excerpt":{"rendered":"<p>La Isabel L\u00f3pez \u00e9s professora de l\u2019Institut Les Marines, on imparteix ci\u00e8ncies socials i l\u2019optativa \u00abexperimentem en moviment\u00bb a 3er d\u2019ESO i ensenya Hist\u00f2ria del M\u00f3n Contemporani a 1er de Batxillerat. En total va estar vuit anys estudiant per llicenciar-se en filosofia, antropologia, per tenir un m\u00e0ster d\u2019investigaci\u00f3 d\u2019educaci\u00f3 amb did\u00e0ctica a les ci\u00e8ncies socials [&hellip;]<\/p>\n","protected":false},"author":1,"featured_media":1232,"comment_status":"open","ping_status":"closed","sticky":false,"template":"","format":"standard","meta":{"_bbp_topic_count":0,"_bbp_reply_count":0,"_bbp_total_topic_count":0,"_bbp_total_reply_count":0,"_bbp_voice_count":0,"_bbp_anonymous_reply_count":0,"_bbp_topic_count_hidden":0,"_bbp_reply_count_hidden":0,"_bbp_forum_subforum_count":0,"site-sidebar-layout":"default","site-content-layout":"","ast-site-content-layout":"","site-content-style":"default","site-sidebar-style":"default","ast-global-header-display":"","ast-banner-title-visibility":"","ast-main-header-display":"","ast-hfb-above-header-display":"","ast-hfb-below-header-display":"","ast-hfb-mobile-header-display":"","site-post-title":"","ast-breadcrumbs-content":"","ast-featured-img":"","footer-sml-layout":"","theme-transparent-header-meta":"","adv-header-id-meta":"","stick-header-meta":"","header-above-stick-meta":"","header-main-stick-meta":"","header-below-stick-meta":"","astra-migrate-meta-layouts":"default","ast-page-background-enabled":"default","ast-page-background-meta":{"desktop":{"background-color":"var(--ast-global-color-4)","background-image":"","background-repeat":"repeat","background-position":"center center","background-size":"auto","background-attachment":"scroll","background-type":"","background-media":"","overlay-type":"","overlay-color":"","overlay-opacity":"","overlay-gradient":""},"tablet":{"background-color":"","background-image":"","background-repeat":"repeat","background-position":"center center","background-size":"auto","background-attachment":"scroll","background-type":"","background-media":"","overlay-type":"","overlay-color":"","overlay-opacity":"","overlay-gradient":""},"mobile":{"background-color":"","background-image":"","background-repeat":"repeat","background-position":"center center","background-size":"auto","background-attachment":"scroll","background-type":"","background-media":"","overlay-type":"","overlay-color":"","overlay-opacity":"","overlay-gradient":""}},"ast-content-background-meta":{"desktop":{"background-color":"var(--ast-global-color-5)","background-image":"","background-repeat":"repeat","background-position":"center center","background-size":"auto","background-attachment":"scroll","background-type":"","background-media":"","overlay-type":"","overlay-color":"","overlay-opacity":"","overlay-gradient":""},"tablet":{"background-color":"var(--ast-global-color-5)","background-image":"","background-repeat":"repeat","background-position":"center center","background-size":"auto","background-attachment":"scroll","background-type":"","background-media":"","overlay-type":"","overlay-color":"","overlay-opacity":"","overlay-gradient":""},"mobile":{"background-color":"var(--ast-global-color-5)","background-image":"","background-repeat":"repeat","background-position":"center center","background-size":"auto","background-attachment":"scroll","background-type":"","background-media":"","overlay-type":"","overlay-color":"","overlay-opacity":"","overlay-gradient":""}},"footnotes":""},"categories":[1,29],"tags":[],"class_list":["post-1230","post","type-post","status-publish","format-standard","has-post-thumbnail","hentry","category-general","category-portada"],"post_mailing_queue_ids":[],"_links":{"self":[{"href":"https:\/\/agora.xtec.cat\/ieslesmarines\/wp-json\/wp\/v2\/posts\/1230","targetHints":{"allow":["GET"]}}],"collection":[{"href":"https:\/\/agora.xtec.cat\/ieslesmarines\/wp-json\/wp\/v2\/posts"}],"about":[{"href":"https:\/\/agora.xtec.cat\/ieslesmarines\/wp-json\/wp\/v2\/types\/post"}],"author":[{"embeddable":true,"href":"https:\/\/agora.xtec.cat\/ieslesmarines\/wp-json\/wp\/v2\/users\/1"}],"replies":[{"embeddable":true,"href":"https:\/\/agora.xtec.cat\/ieslesmarines\/wp-json\/wp\/v2\/comments?post=1230"}],"version-history":[{"count":1,"href":"https:\/\/agora.xtec.cat\/ieslesmarines\/wp-json\/wp\/v2\/posts\/1230\/revisions"}],"predecessor-version":[{"id":1233,"href":"https:\/\/agora.xtec.cat\/ieslesmarines\/wp-json\/wp\/v2\/posts\/1230\/revisions\/1233"}],"wp:featuredmedia":[{"embeddable":true,"href":"https:\/\/agora.xtec.cat\/ieslesmarines\/wp-json\/wp\/v2\/media\/1232"}],"wp:attachment":[{"href":"https:\/\/agora.xtec.cat\/ieslesmarines\/wp-json\/wp\/v2\/media?parent=1230"}],"wp:term":[{"taxonomy":"category","embeddable":true,"href":"https:\/\/agora.xtec.cat\/ieslesmarines\/wp-json\/wp\/v2\/categories?post=1230"},{"taxonomy":"post_tag","embeddable":true,"href":"https:\/\/agora.xtec.cat\/ieslesmarines\/wp-json\/wp\/v2\/tags?post=1230"}],"curies":[{"name":"wp","href":"https:\/\/api.w.org\/{rel}","templated":true}]}}