{"id":1213,"date":"2019-06-19T17:27:13","date_gmt":"2019-06-19T15:27:13","guid":{"rendered":"http:\/\/agora.xtec.cat\/ieslesmarines\/?p=1213"},"modified":"2019-06-19T17:27:13","modified_gmt":"2019-06-19T15:27:13","slug":"premis-edurecerca-2019","status":"publish","type":"post","link":"https:\/\/agora.xtec.cat\/ieslesmarines\/general\/premis-edurecerca-2019\/","title":{"rendered":"Premis Edurecerca 2019"},"content":{"rendered":"<p><span style=\"font-weight: 400;\">El passat 17 de juny es va portar a terme l\u2019acte de lliurament dels premis Edurecerca 2019. Un acte que fa un reconeixement dels treballs de recerca del Batxillerat m\u00e9s destacats de la comarca.<\/span><\/p>\n<p><span style=\"font-weight: 400;\">L\u2019Institut Les Marines comptava amb una \u00e0mplia representaci\u00f3 a l\u2019acte:<\/span><\/p>\n<ul>\n<li style=\"font-weight: 400;\"><i><span style=\"font-weight: 400;\">La psicologia del color a nivell personal<\/span><\/i><span style=\"font-weight: 400;\"> de Fernando C\u00edvico i Carla Mart\u00ednez seleccionat en la modalitat Aula de M\u00fasica i Teatre.<\/span><\/li>\n<li style=\"font-weight: 400;\"><i><span style=\"font-weight: 400;\">Alimentaci\u00f3, c\u00e0ncer i els seus mites<\/span><\/i><span style=\"font-weight: 400;\"> de Marina C\u00edvico i Laura Sogas seleccionat en la modalitat Premi UPC.<\/span><\/li>\n<li style=\"font-weight: 400;\"><i><span style=\"font-weight: 400;\">El cavall com a terapeuta<\/span><\/i><span style=\"font-weight: 400;\"> de Raquel Mart\u00ednez seleccionat en la modalitat Consell Esportiu. <\/span><\/li>\n<\/ul>\n<p><span style=\"font-weight: 400;\">Volem que aquesta ressenya serveixi com a reconeixement a la tasca reeixida d\u2019uns alumnes que acaben la seva etapa a l\u2019Institut. Enhorabona!<\/span><\/p>\n","protected":false},"excerpt":{"rendered":"<p>El passat 17 de juny es va portar a terme l\u2019acte de lliurament dels premis Edurecerca 2019. Un acte que fa un reconeixement dels treballs de recerca del Batxillerat m\u00e9s destacats de la comarca. L\u2019Institut Les Marines comptava amb una \u00e0mplia representaci\u00f3 a l\u2019acte: La psicologia del color a nivell personal de Fernando C\u00edvico i [&hellip;]<\/p>\n","protected":false},"author":1,"featured_media":1214,"comment_status":"open","ping_status":"closed","sticky":false,"template":"","format":"standard","meta":{"_bbp_topic_count":0,"_bbp_reply_count":0,"_bbp_total_topic_count":0,"_bbp_total_reply_count":0,"_bbp_voice_count":0,"_bbp_anonymous_reply_count":0,"_bbp_topic_count_hidden":0,"_bbp_reply_count_hidden":0,"_bbp_forum_subforum_count":0,"site-sidebar-layout":"default","site-content-layout":"","ast-site-content-layout":"","site-content-style":"default","site-sidebar-style":"default","ast-global-header-display":"","ast-banner-title-visibility":"","ast-main-header-display":"","ast-hfb-above-header-display":"","ast-hfb-below-header-display":"","ast-hfb-mobile-header-display":"","site-post-title":"","ast-breadcrumbs-content":"","ast-featured-img":"","footer-sml-layout":"","theme-transparent-header-meta":"","adv-header-id-meta":"","stick-header-meta":"","header-above-stick-meta":"","header-main-stick-meta":"","header-below-stick-meta":"","astra-migrate-meta-layouts":"default","ast-page-background-enabled":"default","ast-page-background-meta":{"desktop":{"background-color":"var(--ast-global-color-4)","background-image":"","background-repeat":"repeat","background-position":"center center","background-size":"auto","background-attachment":"scroll","background-type":"","background-media":"","overlay-type":"","overlay-color":"","overlay-opacity":"","overlay-gradient":""},"tablet":{"background-color":"","background-image":"","background-repeat":"repeat","background-position":"center center","background-size":"auto","background-attachment":"scroll","background-type":"","background-media":"","overlay-type":"","overlay-color":"","overlay-opacity":"","overlay-gradient":""},"mobile":{"background-color":"","background-image":"","background-repeat":"repeat","background-position":"center center","background-size":"auto","background-attachment":"scroll","background-type":"","background-media":"","overlay-type":"","overlay-color":"","overlay-opacity":"","overlay-gradient":""}},"ast-content-background-meta":{"desktop":{"background-color":"var(--ast-global-color-5)","background-image":"","background-repeat":"repeat","background-position":"center center","background-size":"auto","background-attachment":"scroll","background-type":"","background-media":"","overlay-type":"","overlay-color":"","overlay-opacity":"","overlay-gradient":""},"tablet":{"background-color":"var(--ast-global-color-5)","background-image":"","background-repeat":"repeat","background-position":"center center","background-size":"auto","background-attachment":"scroll","background-type":"","background-media":"","overlay-type":"","overlay-color":"","overlay-opacity":"","overlay-gradient":""},"mobile":{"background-color":"var(--ast-global-color-5)","background-image":"","background-repeat":"repeat","background-position":"center center","background-size":"auto","background-attachment":"scroll","background-type":"","background-media":"","overlay-type":"","overlay-color":"","overlay-opacity":"","overlay-gradient":""}},"footnotes":""},"categories":[1,29],"tags":[],"class_list":["post-1213","post","type-post","status-publish","format-standard","has-post-thumbnail","hentry","category-general","category-portada"],"post_mailing_queue_ids":[],"_links":{"self":[{"href":"https:\/\/agora.xtec.cat\/ieslesmarines\/wp-json\/wp\/v2\/posts\/1213","targetHints":{"allow":["GET"]}}],"collection":[{"href":"https:\/\/agora.xtec.cat\/ieslesmarines\/wp-json\/wp\/v2\/posts"}],"about":[{"href":"https:\/\/agora.xtec.cat\/ieslesmarines\/wp-json\/wp\/v2\/types\/post"}],"author":[{"embeddable":true,"href":"https:\/\/agora.xtec.cat\/ieslesmarines\/wp-json\/wp\/v2\/users\/1"}],"replies":[{"embeddable":true,"href":"https:\/\/agora.xtec.cat\/ieslesmarines\/wp-json\/wp\/v2\/comments?post=1213"}],"version-history":[{"count":1,"href":"https:\/\/agora.xtec.cat\/ieslesmarines\/wp-json\/wp\/v2\/posts\/1213\/revisions"}],"predecessor-version":[{"id":1215,"href":"https:\/\/agora.xtec.cat\/ieslesmarines\/wp-json\/wp\/v2\/posts\/1213\/revisions\/1215"}],"wp:featuredmedia":[{"embeddable":true,"href":"https:\/\/agora.xtec.cat\/ieslesmarines\/wp-json\/wp\/v2\/media\/1214"}],"wp:attachment":[{"href":"https:\/\/agora.xtec.cat\/ieslesmarines\/wp-json\/wp\/v2\/media?parent=1213"}],"wp:term":[{"taxonomy":"category","embeddable":true,"href":"https:\/\/agora.xtec.cat\/ieslesmarines\/wp-json\/wp\/v2\/categories?post=1213"},{"taxonomy":"post_tag","embeddable":true,"href":"https:\/\/agora.xtec.cat\/ieslesmarines\/wp-json\/wp\/v2\/tags?post=1213"}],"curies":[{"name":"wp","href":"https:\/\/api.w.org\/{rel}","templated":true}]}}