{"id":1146,"date":"2019-05-12T20:24:02","date_gmt":"2019-05-12T18:24:02","guid":{"rendered":"http:\/\/agora.xtec.cat\/ieslesmarines\/?p=1146"},"modified":"2019-05-12T20:25:05","modified_gmt":"2019-05-12T18:25:05","slug":"participacio-en-el-fem-recerca-xvii-forum","status":"publish","type":"post","link":"https:\/\/agora.xtec.cat\/ieslesmarines\/general\/participacio-en-el-fem-recerca-xvii-forum\/","title":{"rendered":"Participaci\u00f3 en el Fem Recerca &#8211; XVII F\u00f2rum"},"content":{"rendered":"<p><span style=\"font-weight: 400;\">El passat 3 d&#8217;abril el campus universitari de la UPC de Castelldefels va acollir el 17\u00e8 F\u00f2rum &#8211; Fem Recerca. <\/span><span style=\"font-weight: 400;\">Aquest acte consisteix en l&#8217;exposici\u00f3 d\u2019una selecci\u00f3 dels treballs de recerca de batxillerat de cada Institut del municipi. <\/span><span style=\"font-weight: 400;\">L&#8217;acte va estar organitzat pels Serveis Educatius de Castelldefels amb la col\u00b7laboraci\u00f3 de l&#8217;Ajuntament de Castelldefels i l&#8217;UPC.<\/span><\/p>\n<p><span style=\"font-weight: 400;\">Dues alumnes de l\u2019Institut Les Marines van presentar amb magnific\u00e8ncia els seus treballs de recerca:<\/span><\/p>\n<ul>\n<li style=\"font-weight: 400;\"><i><b>Raquel Mart\u00ednez<\/b><span style=\"font-weight: 400;\"> : <\/span><span style=\"font-weight: 400;\">El cavall com a terapeuta<\/span><\/i><\/li>\n<li style=\"font-weight: 400;\"><b>Ainhoa Molina<\/b><span style=\"font-weight: 400;\">: \u00a0<\/span><span style=\"font-weight: 400;\">Influ\u00e8ncia psicoanal\u00edtica a la cultura contempor\u00e0nia<\/span><\/li>\n<\/ul>\n<p><span style=\"font-weight: 400;\">Aprofitem l\u2019avinentesa per felicitar-les des del centre per l\u2019excel\u00b7l\u00e8ncia aconseguida en els seus treballs i pel reconeixement rebut. <\/span><span style=\"font-weight: 400;\">En aquest <a href=\"https:\/\/photos.app.goo.gl\/LZ7EFdgnhx16QnkQ9\" target=\"_blank\" rel=\"noopener\">enlla\u00e7<\/a> podeu trobar un recull de fotografies de l\u2019acte i en aquest <\/span><a href=\"http:\/\/www.elcastell.org\/ca\/index\/13654\/L'alumnat-de-batxillerat-i-cicles-formatius-de-.html\"><span style=\"font-weight: 400;\">altre<\/span><\/a><span style=\"font-weight: 400;\"> una not\u00edcia en el diari local. <\/span><\/p>\n","protected":false},"excerpt":{"rendered":"<p>El passat 3 d&#8217;abril el campus universitari de la UPC de Castelldefels va acollir el 17\u00e8 F\u00f2rum &#8211; Fem Recerca. Aquest acte consisteix en l&#8217;exposici\u00f3 d\u2019una selecci\u00f3 dels treballs de recerca de batxillerat de cada Institut del municipi. L&#8217;acte va estar organitzat pels Serveis Educatius de Castelldefels amb la col\u00b7laboraci\u00f3 de l&#8217;Ajuntament de Castelldefels i [&hellip;]<\/p>\n","protected":false},"author":1,"featured_media":1147,"comment_status":"open","ping_status":"closed","sticky":false,"template":"","format":"standard","meta":{"_bbp_topic_count":0,"_bbp_reply_count":0,"_bbp_total_topic_count":0,"_bbp_total_reply_count":0,"_bbp_voice_count":0,"_bbp_anonymous_reply_count":0,"_bbp_topic_count_hidden":0,"_bbp_reply_count_hidden":0,"_bbp_forum_subforum_count":0,"site-sidebar-layout":"default","site-content-layout":"","ast-site-content-layout":"","site-content-style":"default","site-sidebar-style":"default","ast-global-header-display":"","ast-banner-title-visibility":"","ast-main-header-display":"","ast-hfb-above-header-display":"","ast-hfb-below-header-display":"","ast-hfb-mobile-header-display":"","site-post-title":"","ast-breadcrumbs-content":"","ast-featured-img":"","footer-sml-layout":"","theme-transparent-header-meta":"","adv-header-id-meta":"","stick-header-meta":"","header-above-stick-meta":"","header-main-stick-meta":"","header-below-stick-meta":"","astra-migrate-meta-layouts":"default","ast-page-background-enabled":"default","ast-page-background-meta":{"desktop":{"background-color":"var(--ast-global-color-4)","background-image":"","background-repeat":"repeat","background-position":"center center","background-size":"auto","background-attachment":"scroll","background-type":"","background-media":"","overlay-type":"","overlay-color":"","overlay-opacity":"","overlay-gradient":""},"tablet":{"background-color":"","background-image":"","background-repeat":"repeat","background-position":"center center","background-size":"auto","background-attachment":"scroll","background-type":"","background-media":"","overlay-type":"","overlay-color":"","overlay-opacity":"","overlay-gradient":""},"mobile":{"background-color":"","background-image":"","background-repeat":"repeat","background-position":"center center","background-size":"auto","background-attachment":"scroll","background-type":"","background-media":"","overlay-type":"","overlay-color":"","overlay-opacity":"","overlay-gradient":""}},"ast-content-background-meta":{"desktop":{"background-color":"var(--ast-global-color-5)","background-image":"","background-repeat":"repeat","background-position":"center center","background-size":"auto","background-attachment":"scroll","background-type":"","background-media":"","overlay-type":"","overlay-color":"","overlay-opacity":"","overlay-gradient":""},"tablet":{"background-color":"var(--ast-global-color-5)","background-image":"","background-repeat":"repeat","background-position":"center center","background-size":"auto","background-attachment":"scroll","background-type":"","background-media":"","overlay-type":"","overlay-color":"","overlay-opacity":"","overlay-gradient":""},"mobile":{"background-color":"var(--ast-global-color-5)","background-image":"","background-repeat":"repeat","background-position":"center center","background-size":"auto","background-attachment":"scroll","background-type":"","background-media":"","overlay-type":"","overlay-color":"","overlay-opacity":"","overlay-gradient":""}},"footnotes":""},"categories":[1,29],"tags":[],"class_list":["post-1146","post","type-post","status-publish","format-standard","has-post-thumbnail","hentry","category-general","category-portada"],"post_mailing_queue_ids":[],"_links":{"self":[{"href":"https:\/\/agora.xtec.cat\/ieslesmarines\/wp-json\/wp\/v2\/posts\/1146","targetHints":{"allow":["GET"]}}],"collection":[{"href":"https:\/\/agora.xtec.cat\/ieslesmarines\/wp-json\/wp\/v2\/posts"}],"about":[{"href":"https:\/\/agora.xtec.cat\/ieslesmarines\/wp-json\/wp\/v2\/types\/post"}],"author":[{"embeddable":true,"href":"https:\/\/agora.xtec.cat\/ieslesmarines\/wp-json\/wp\/v2\/users\/1"}],"replies":[{"embeddable":true,"href":"https:\/\/agora.xtec.cat\/ieslesmarines\/wp-json\/wp\/v2\/comments?post=1146"}],"version-history":[{"count":2,"href":"https:\/\/agora.xtec.cat\/ieslesmarines\/wp-json\/wp\/v2\/posts\/1146\/revisions"}],"predecessor-version":[{"id":1149,"href":"https:\/\/agora.xtec.cat\/ieslesmarines\/wp-json\/wp\/v2\/posts\/1146\/revisions\/1149"}],"wp:featuredmedia":[{"embeddable":true,"href":"https:\/\/agora.xtec.cat\/ieslesmarines\/wp-json\/wp\/v2\/media\/1147"}],"wp:attachment":[{"href":"https:\/\/agora.xtec.cat\/ieslesmarines\/wp-json\/wp\/v2\/media?parent=1146"}],"wp:term":[{"taxonomy":"category","embeddable":true,"href":"https:\/\/agora.xtec.cat\/ieslesmarines\/wp-json\/wp\/v2\/categories?post=1146"},{"taxonomy":"post_tag","embeddable":true,"href":"https:\/\/agora.xtec.cat\/ieslesmarines\/wp-json\/wp\/v2\/tags?post=1146"}],"curies":[{"name":"wp","href":"https:\/\/api.w.org\/{rel}","templated":true}]}}