{"id":1122,"date":"2019-04-09T19:54:19","date_gmt":"2019-04-09T17:54:19","guid":{"rendered":"http:\/\/agora.xtec.cat\/ieslesmarines\/?p=1122"},"modified":"2019-04-09T20:23:10","modified_gmt":"2019-04-09T18:23:10","slug":"ix-concurs-de-curts-nodaigual","status":"publish","type":"post","link":"https:\/\/agora.xtec.cat\/ieslesmarines\/general\/ix-concurs-de-curts-nodaigual\/","title":{"rendered":"IX concurs de curts &#8220;Nodaigual&#8221;"},"content":{"rendered":"<div class=\"gmail_default\"><span style=\"font-family: arial, helvetica, sans-serif;\">El passat 29 de mar\u00e7 el Teatre Plaza va acollir el lliurament de premis als curtmetratges realitzats per l&#8217;alumnat de secund\u00e0ria de la ciutat sobre igualtat i usos del temps.<\/span><\/div>\n<div class=\"gmail_default\"><span style=\"font-family: arial, helvetica, sans-serif;\">Part dels\u00a0alumnes de 4t d&#8217;ESO del\u00a0nostre centre\u00a0hi van participar i van guanyar bona part dels premis:<\/span><\/div>\n<div class=\"gmail_default\"><span style=\"color: #444444; font-family: arial, helvetica, sans-serif;\">2n premi per la Karol.<\/span><\/div>\n<div class=\"gmail_default\"><span style=\"color: #444444; font-family: arial, helvetica, sans-serif;\">3r premi per la Martina, la Carla i la Luc\u00eda, que tamb\u00e9 van guanyar el premi del p\u00fablic.<\/span><\/div>\n<div class=\"gmail_default\"><span style=\"color: #444444; font-family: arial, helvetica, sans-serif;\">A m\u00e9s de les mencions especials al millor muntatge, a la millor animaci\u00f3 i a la millor interpretaci\u00f3 femenina.<\/span><\/div>\n<div class=\"gmail_default\"><span style=\"color: #444444; font-family: arial, helvetica, sans-serif;\">Moltes felicitats a totes i tots!!! Fes click <a href=\"https:\/\/www.flickr.com\/photos\/ajcastelldefels\/sets\/72157707940353374\" target=\"_blank\" rel=\"noopener\">aqu\u00ed<\/a> per veure una selecci\u00f3 de fotografies d&#8217;aquest emocionant acte.<\/span><\/div>\n","protected":false},"excerpt":{"rendered":"<p>El passat 29 de mar\u00e7 el Teatre Plaza va acollir el lliurament de premis als curtmetratges realitzats per l&#8217;alumnat de secund\u00e0ria de la ciutat sobre igualtat i usos del temps. Part dels\u00a0alumnes de 4t d&#8217;ESO del\u00a0nostre centre\u00a0hi van participar i van guanyar bona part dels premis: 2n premi per la Karol. 3r premi per la [&hellip;]<\/p>\n","protected":false},"author":1,"featured_media":1124,"comment_status":"open","ping_status":"closed","sticky":false,"template":"","format":"standard","meta":{"_bbp_topic_count":0,"_bbp_reply_count":0,"_bbp_total_topic_count":0,"_bbp_total_reply_count":0,"_bbp_voice_count":0,"_bbp_anonymous_reply_count":0,"_bbp_topic_count_hidden":0,"_bbp_reply_count_hidden":0,"_bbp_forum_subforum_count":0,"site-sidebar-layout":"default","site-content-layout":"","ast-site-content-layout":"","site-content-style":"default","site-sidebar-style":"default","ast-global-header-display":"","ast-banner-title-visibility":"","ast-main-header-display":"","ast-hfb-above-header-display":"","ast-hfb-below-header-display":"","ast-hfb-mobile-header-display":"","site-post-title":"","ast-breadcrumbs-content":"","ast-featured-img":"","footer-sml-layout":"","theme-transparent-header-meta":"","adv-header-id-meta":"","stick-header-meta":"","header-above-stick-meta":"","header-main-stick-meta":"","header-below-stick-meta":"","astra-migrate-meta-layouts":"default","ast-page-background-enabled":"default","ast-page-background-meta":{"desktop":{"background-color":"var(--ast-global-color-4)","background-image":"","background-repeat":"repeat","background-position":"center center","background-size":"auto","background-attachment":"scroll","background-type":"","background-media":"","overlay-type":"","overlay-color":"","overlay-opacity":"","overlay-gradient":""},"tablet":{"background-color":"","background-image":"","background-repeat":"repeat","background-position":"center center","background-size":"auto","background-attachment":"scroll","background-type":"","background-media":"","overlay-type":"","overlay-color":"","overlay-opacity":"","overlay-gradient":""},"mobile":{"background-color":"","background-image":"","background-repeat":"repeat","background-position":"center center","background-size":"auto","background-attachment":"scroll","background-type":"","background-media":"","overlay-type":"","overlay-color":"","overlay-opacity":"","overlay-gradient":""}},"ast-content-background-meta":{"desktop":{"background-color":"var(--ast-global-color-5)","background-image":"","background-repeat":"repeat","background-position":"center center","background-size":"auto","background-attachment":"scroll","background-type":"","background-media":"","overlay-type":"","overlay-color":"","overlay-opacity":"","overlay-gradient":""},"tablet":{"background-color":"var(--ast-global-color-5)","background-image":"","background-repeat":"repeat","background-position":"center center","background-size":"auto","background-attachment":"scroll","background-type":"","background-media":"","overlay-type":"","overlay-color":"","overlay-opacity":"","overlay-gradient":""},"mobile":{"background-color":"var(--ast-global-color-5)","background-image":"","background-repeat":"repeat","background-position":"center center","background-size":"auto","background-attachment":"scroll","background-type":"","background-media":"","overlay-type":"","overlay-color":"","overlay-opacity":"","overlay-gradient":""}},"footnotes":""},"categories":[1,29],"tags":[],"class_list":["post-1122","post","type-post","status-publish","format-standard","has-post-thumbnail","hentry","category-general","category-portada"],"post_mailing_queue_ids":[],"_links":{"self":[{"href":"https:\/\/agora.xtec.cat\/ieslesmarines\/wp-json\/wp\/v2\/posts\/1122","targetHints":{"allow":["GET"]}}],"collection":[{"href":"https:\/\/agora.xtec.cat\/ieslesmarines\/wp-json\/wp\/v2\/posts"}],"about":[{"href":"https:\/\/agora.xtec.cat\/ieslesmarines\/wp-json\/wp\/v2\/types\/post"}],"author":[{"embeddable":true,"href":"https:\/\/agora.xtec.cat\/ieslesmarines\/wp-json\/wp\/v2\/users\/1"}],"replies":[{"embeddable":true,"href":"https:\/\/agora.xtec.cat\/ieslesmarines\/wp-json\/wp\/v2\/comments?post=1122"}],"version-history":[{"count":2,"href":"https:\/\/agora.xtec.cat\/ieslesmarines\/wp-json\/wp\/v2\/posts\/1122\/revisions"}],"predecessor-version":[{"id":1130,"href":"https:\/\/agora.xtec.cat\/ieslesmarines\/wp-json\/wp\/v2\/posts\/1122\/revisions\/1130"}],"wp:featuredmedia":[{"embeddable":true,"href":"https:\/\/agora.xtec.cat\/ieslesmarines\/wp-json\/wp\/v2\/media\/1124"}],"wp:attachment":[{"href":"https:\/\/agora.xtec.cat\/ieslesmarines\/wp-json\/wp\/v2\/media?parent=1122"}],"wp:term":[{"taxonomy":"category","embeddable":true,"href":"https:\/\/agora.xtec.cat\/ieslesmarines\/wp-json\/wp\/v2\/categories?post=1122"},{"taxonomy":"post_tag","embeddable":true,"href":"https:\/\/agora.xtec.cat\/ieslesmarines\/wp-json\/wp\/v2\/tags?post=1122"}],"curies":[{"name":"wp","href":"https:\/\/api.w.org\/{rel}","templated":true}]}}