{"id":1115,"date":"2019-03-30T08:13:00","date_gmt":"2019-03-30T07:13:00","guid":{"rendered":"http:\/\/agora.xtec.cat\/ieslesmarines\/?p=1115"},"modified":"2019-03-30T08:27:12","modified_gmt":"2019-03-30T07:27:12","slug":"preinscripcio-2019-20","status":"publish","type":"post","link":"https:\/\/agora.xtec.cat\/ieslesmarines\/general\/preinscripcio-2019-20\/","title":{"rendered":"PREINSCRIPCI\u00d3 2019\/20"},"content":{"rendered":"<p><span style=\"font-weight: 400;\">Aquesta setmana s\u2019inicia el proc\u00e9s de preinscripci\u00f3 dels ensenyaments d\u2019educaci\u00f3 secund\u00e0ria obligat\u00f2ria.\u00a0<\/span><span style=\"font-weight: 400;\">La presentaci\u00f3 de sol\u00b7licituds es podr\u00e0 realitzar del 29 de mar\u00e7 al 9 d\u2019abril.\u00a0<\/span><span style=\"font-weight: 400;\">En els seg\u00fcents enlla\u00e7os trobareu tota la informaci\u00f3 necess\u00e0ria per la preinscripci\u00f3 a l\u2019ESO:<\/span><\/p>\n<ul>\n<li style=\"font-weight: 400;\"><span style=\"font-weight: 400;\">Informaci\u00f3 general sobre el proc\u00e9s: <\/span><a href=\"http:\/\/queestudiar.gencat.cat\/ca\/preinscripcio\/estudis\/obligatoris\/info-general\/\" target=\"_blank\" rel=\"noopener\"><span style=\"font-weight: 400;\">enlla\u00e7<\/span><\/a><\/li>\n<li style=\"font-weight: 400;\"><span style=\"font-weight: 400;\">Calendari: <\/span><a href=\"http:\/\/queestudiar.gencat.cat\/ca\/preinscripcio\/estudis\/obligatoris\/calendari\/\" target=\"_blank\" rel=\"noopener\"><span style=\"font-weight: 400;\">enlla\u00e7<\/span><\/a><\/li>\n<li style=\"font-weight: 400;\"><span style=\"font-weight: 400;\">Sol\u00b7licitud de preinscripci\u00f3:\u00a0<\/span><a href=\"http:\/\/ensenyament.gencat.cat\/ca\/tramits\/tramits-temes\/20483_preinscripcio_escolar?moda=1\" target=\"_blank\" rel=\"noopener\"><span style=\"font-weight: 400;\">enlla\u00e7<\/span><\/a><\/li>\n<li style=\"font-weight: 400;\"><span style=\"font-weight: 400;\">Normativa que regula el proc\u00e9s: <\/span><a href=\"https:\/\/dogc.gencat.cat\/ca\/pdogc_canals_interns\/pdogc_resultats_fitxa\/?action=fitxa&amp;documentId=842762\" target=\"_blank\" rel=\"noopener\"><span style=\"font-weight: 400;\">enlla\u00e7<\/span><\/a><\/li>\n<\/ul>\n<p><span style=\"font-weight: 400;\">Des del 27 de mar\u00e7 est\u00e0 disponible l\u2019oferta de places del centre, podeu consultar-la al taulell d\u2019anuncis del centre o en aquest <\/span><a href=\"https:\/\/drive.google.com\/file\/d\/1ujlyTHMC65xC3TEOv_j5KzjtP550OHN8\/view?usp=sharing\" target=\"_blank\" rel=\"noopener\"><span style=\"font-weight: 400;\">enlla\u00e7<\/span><\/a><span style=\"font-weight: 400;\">.<\/span><\/p>\n<p><span style=\"font-weight: 400;\">L\u2019horari d\u2019atenci\u00f3 al p\u00fablic de la Secretaria del centre \u00e9s:<\/span><\/p>\n<ul>\n<li style=\"font-weight: 400;\"><span style=\"font-weight: 400;\">De dilluns a divendres de 9 a 14 hores.<\/span><\/li>\n<li style=\"font-weight: 400;\"><span style=\"font-weight: 400;\">Dimecres de 16 a 18 hores.<\/span><\/li>\n<\/ul>\n<p>&nbsp;<\/p>\n","protected":false},"excerpt":{"rendered":"<p>Aquesta setmana s\u2019inicia el proc\u00e9s de preinscripci\u00f3 dels ensenyaments d\u2019educaci\u00f3 secund\u00e0ria obligat\u00f2ria.\u00a0La presentaci\u00f3 de sol\u00b7licituds es podr\u00e0 realitzar del 29 de mar\u00e7 al 9 d\u2019abril.\u00a0En els seg\u00fcents enlla\u00e7os trobareu tota la informaci\u00f3 necess\u00e0ria per la preinscripci\u00f3 a l\u2019ESO: Informaci\u00f3 general sobre el proc\u00e9s: enlla\u00e7 Calendari: enlla\u00e7 Sol\u00b7licitud de preinscripci\u00f3:\u00a0enlla\u00e7 Normativa que regula el proc\u00e9s: enlla\u00e7 [&hellip;]<\/p>\n","protected":false},"author":1,"featured_media":1118,"comment_status":"open","ping_status":"closed","sticky":false,"template":"","format":"standard","meta":{"_bbp_topic_count":0,"_bbp_reply_count":0,"_bbp_total_topic_count":0,"_bbp_total_reply_count":0,"_bbp_voice_count":0,"_bbp_anonymous_reply_count":0,"_bbp_topic_count_hidden":0,"_bbp_reply_count_hidden":0,"_bbp_forum_subforum_count":0,"site-sidebar-layout":"default","site-content-layout":"","ast-site-content-layout":"","site-content-style":"default","site-sidebar-style":"default","ast-global-header-display":"","ast-banner-title-visibility":"","ast-main-header-display":"","ast-hfb-above-header-display":"","ast-hfb-below-header-display":"","ast-hfb-mobile-header-display":"","site-post-title":"","ast-breadcrumbs-content":"","ast-featured-img":"","footer-sml-layout":"","theme-transparent-header-meta":"","adv-header-id-meta":"","stick-header-meta":"","header-above-stick-meta":"","header-main-stick-meta":"","header-below-stick-meta":"","astra-migrate-meta-layouts":"default","ast-page-background-enabled":"default","ast-page-background-meta":{"desktop":{"background-color":"var(--ast-global-color-4)","background-image":"","background-repeat":"repeat","background-position":"center center","background-size":"auto","background-attachment":"scroll","background-type":"","background-media":"","overlay-type":"","overlay-color":"","overlay-opacity":"","overlay-gradient":""},"tablet":{"background-color":"","background-image":"","background-repeat":"repeat","background-position":"center center","background-size":"auto","background-attachment":"scroll","background-type":"","background-media":"","overlay-type":"","overlay-color":"","overlay-opacity":"","overlay-gradient":""},"mobile":{"background-color":"","background-image":"","background-repeat":"repeat","background-position":"center center","background-size":"auto","background-attachment":"scroll","background-type":"","background-media":"","overlay-type":"","overlay-color":"","overlay-opacity":"","overlay-gradient":""}},"ast-content-background-meta":{"desktop":{"background-color":"var(--ast-global-color-5)","background-image":"","background-repeat":"repeat","background-position":"center center","background-size":"auto","background-attachment":"scroll","background-type":"","background-media":"","overlay-type":"","overlay-color":"","overlay-opacity":"","overlay-gradient":""},"tablet":{"background-color":"var(--ast-global-color-5)","background-image":"","background-repeat":"repeat","background-position":"center center","background-size":"auto","background-attachment":"scroll","background-type":"","background-media":"","overlay-type":"","overlay-color":"","overlay-opacity":"","overlay-gradient":""},"mobile":{"background-color":"var(--ast-global-color-5)","background-image":"","background-repeat":"repeat","background-position":"center center","background-size":"auto","background-attachment":"scroll","background-type":"","background-media":"","overlay-type":"","overlay-color":"","overlay-opacity":"","overlay-gradient":""}},"footnotes":""},"categories":[1,29],"tags":[],"class_list":["post-1115","post","type-post","status-publish","format-standard","has-post-thumbnail","hentry","category-general","category-portada"],"post_mailing_queue_ids":[],"_links":{"self":[{"href":"https:\/\/agora.xtec.cat\/ieslesmarines\/wp-json\/wp\/v2\/posts\/1115","targetHints":{"allow":["GET"]}}],"collection":[{"href":"https:\/\/agora.xtec.cat\/ieslesmarines\/wp-json\/wp\/v2\/posts"}],"about":[{"href":"https:\/\/agora.xtec.cat\/ieslesmarines\/wp-json\/wp\/v2\/types\/post"}],"author":[{"embeddable":true,"href":"https:\/\/agora.xtec.cat\/ieslesmarines\/wp-json\/wp\/v2\/users\/1"}],"replies":[{"embeddable":true,"href":"https:\/\/agora.xtec.cat\/ieslesmarines\/wp-json\/wp\/v2\/comments?post=1115"}],"version-history":[{"count":3,"href":"https:\/\/agora.xtec.cat\/ieslesmarines\/wp-json\/wp\/v2\/posts\/1115\/revisions"}],"predecessor-version":[{"id":1121,"href":"https:\/\/agora.xtec.cat\/ieslesmarines\/wp-json\/wp\/v2\/posts\/1115\/revisions\/1121"}],"wp:featuredmedia":[{"embeddable":true,"href":"https:\/\/agora.xtec.cat\/ieslesmarines\/wp-json\/wp\/v2\/media\/1118"}],"wp:attachment":[{"href":"https:\/\/agora.xtec.cat\/ieslesmarines\/wp-json\/wp\/v2\/media?parent=1115"}],"wp:term":[{"taxonomy":"category","embeddable":true,"href":"https:\/\/agora.xtec.cat\/ieslesmarines\/wp-json\/wp\/v2\/categories?post=1115"},{"taxonomy":"post_tag","embeddable":true,"href":"https:\/\/agora.xtec.cat\/ieslesmarines\/wp-json\/wp\/v2\/tags?post=1115"}],"curies":[{"name":"wp","href":"https:\/\/api.w.org\/{rel}","templated":true}]}}