{"id":1051,"date":"2019-02-06T13:14:36","date_gmt":"2019-02-06T12:14:36","guid":{"rendered":"http:\/\/agora.xtec.cat\/ieslesmarines\/?p=1051"},"modified":"2019-03-06T13:46:35","modified_gmt":"2019-03-06T12:46:35","slug":"sortides-del-departament-deducacio-fisica","status":"publish","type":"post","link":"https:\/\/agora.xtec.cat\/ieslesmarines\/general\/sortides-del-departament-deducacio-fisica\/","title":{"rendered":"Sortides del departament d&#8217;educaci\u00f3 f\u00edsica"},"content":{"rendered":"<p>Des del departament d&#8217;educaci\u00f3 f\u00edsica s&#8217;han organitzat un seguit de sortides al llarg de la primera meitat del curs.Cliqueu als links que us oferim a continuaci\u00f3 per veure una selecci\u00f3 fotogr\u00e0fica de cadascuna d&#8217;aquestes activitats esportives protagonitzades pels nostres alumnes d&#8217;ESO i batxillerat.<\/p>\n<p><a href=\"https:\/\/photos.app.goo.gl\/Bzs8RsXHtuLd1iLP9\" target=\"_blank\" rel=\"noopener\">Inici activitat vela 3r d\u2019ESO<\/a><\/p>\n<p><a href=\"https:\/\/photos.app.goo.gl\/Uqi5JknERyF8yKeL6\" target=\"_blank\" rel=\"noopener\">Escalada 1r batx gimn\u00e0s Okaeri Viladecans<\/a><\/p>\n<p><a href=\"https:\/\/photos.app.goo.gl\/DoLqAvU48wFvrMxt9\" target=\"_blank\" rel=\"noopener\">P\u00e0del amb els grups de 3r al Gran Via Mar de Castelldefels<\/a><\/p>\n<p><a href=\"https:\/\/photos.app.goo.gl\/5sdQ3MGQqg2qUUMU6\" target=\"_blank\" rel=\"noopener\">Atletisme i jocs a la platja de Castelldefels 1r d\u2019ESO<\/a><\/p>\n<p><a href=\"https:\/\/photos.app.goo.gl\/QAc5vt4xTco84i1t7\" target=\"_blank\" rel=\"noopener\">Sortida volei platja Castelldefels 2n ESO<\/a><\/p>\n<p><a href=\"https:\/\/photos.app.goo.gl\/XTMFJuwLSbHxztJJ8\" target=\"_blank\" rel=\"noopener\">Esport adaptat<\/a><\/p>\n","protected":false},"excerpt":{"rendered":"<p>Des del departament d&#8217;educaci\u00f3 f\u00edsica s&#8217;han organitzat un seguit de sortides al llarg de la primera meitat del curs.Cliqueu als links que us oferim a continuaci\u00f3 per veure una selecci\u00f3 fotogr\u00e0fica de cadascuna d&#8217;aquestes activitats esportives protagonitzades pels nostres alumnes d&#8217;ESO i batxillerat. Inici activitat vela 3r d\u2019ESO Escalada 1r batx gimn\u00e0s Okaeri Viladecans P\u00e0del [&hellip;]<\/p>\n","protected":false},"author":1,"featured_media":1052,"comment_status":"open","ping_status":"closed","sticky":false,"template":"","format":"standard","meta":{"_bbp_topic_count":0,"_bbp_reply_count":0,"_bbp_total_topic_count":0,"_bbp_total_reply_count":0,"_bbp_voice_count":0,"_bbp_anonymous_reply_count":0,"_bbp_topic_count_hidden":0,"_bbp_reply_count_hidden":0,"_bbp_forum_subforum_count":0,"site-sidebar-layout":"default","site-content-layout":"","ast-site-content-layout":"","site-content-style":"default","site-sidebar-style":"default","ast-global-header-display":"","ast-banner-title-visibility":"","ast-main-header-display":"","ast-hfb-above-header-display":"","ast-hfb-below-header-display":"","ast-hfb-mobile-header-display":"","site-post-title":"","ast-breadcrumbs-content":"","ast-featured-img":"","footer-sml-layout":"","theme-transparent-header-meta":"","adv-header-id-meta":"","stick-header-meta":"","header-above-stick-meta":"","header-main-stick-meta":"","header-below-stick-meta":"","astra-migrate-meta-layouts":"default","ast-page-background-enabled":"default","ast-page-background-meta":{"desktop":{"background-color":"var(--ast-global-color-4)","background-image":"","background-repeat":"repeat","background-position":"center center","background-size":"auto","background-attachment":"scroll","background-type":"","background-media":"","overlay-type":"","overlay-color":"","overlay-opacity":"","overlay-gradient":""},"tablet":{"background-color":"","background-image":"","background-repeat":"repeat","background-position":"center center","background-size":"auto","background-attachment":"scroll","background-type":"","background-media":"","overlay-type":"","overlay-color":"","overlay-opacity":"","overlay-gradient":""},"mobile":{"background-color":"","background-image":"","background-repeat":"repeat","background-position":"center center","background-size":"auto","background-attachment":"scroll","background-type":"","background-media":"","overlay-type":"","overlay-color":"","overlay-opacity":"","overlay-gradient":""}},"ast-content-background-meta":{"desktop":{"background-color":"var(--ast-global-color-5)","background-image":"","background-repeat":"repeat","background-position":"center center","background-size":"auto","background-attachment":"scroll","background-type":"","background-media":"","overlay-type":"","overlay-color":"","overlay-opacity":"","overlay-gradient":""},"tablet":{"background-color":"var(--ast-global-color-5)","background-image":"","background-repeat":"repeat","background-position":"center center","background-size":"auto","background-attachment":"scroll","background-type":"","background-media":"","overlay-type":"","overlay-color":"","overlay-opacity":"","overlay-gradient":""},"mobile":{"background-color":"var(--ast-global-color-5)","background-image":"","background-repeat":"repeat","background-position":"center center","background-size":"auto","background-attachment":"scroll","background-type":"","background-media":"","overlay-type":"","overlay-color":"","overlay-opacity":"","overlay-gradient":""}},"footnotes":""},"categories":[1,29],"tags":[],"class_list":["post-1051","post","type-post","status-publish","format-standard","has-post-thumbnail","hentry","category-general","category-portada"],"post_mailing_queue_ids":[],"_links":{"self":[{"href":"https:\/\/agora.xtec.cat\/ieslesmarines\/wp-json\/wp\/v2\/posts\/1051","targetHints":{"allow":["GET"]}}],"collection":[{"href":"https:\/\/agora.xtec.cat\/ieslesmarines\/wp-json\/wp\/v2\/posts"}],"about":[{"href":"https:\/\/agora.xtec.cat\/ieslesmarines\/wp-json\/wp\/v2\/types\/post"}],"author":[{"embeddable":true,"href":"https:\/\/agora.xtec.cat\/ieslesmarines\/wp-json\/wp\/v2\/users\/1"}],"replies":[{"embeddable":true,"href":"https:\/\/agora.xtec.cat\/ieslesmarines\/wp-json\/wp\/v2\/comments?post=1051"}],"version-history":[{"count":3,"href":"https:\/\/agora.xtec.cat\/ieslesmarines\/wp-json\/wp\/v2\/posts\/1051\/revisions"}],"predecessor-version":[{"id":1100,"href":"https:\/\/agora.xtec.cat\/ieslesmarines\/wp-json\/wp\/v2\/posts\/1051\/revisions\/1100"}],"wp:featuredmedia":[{"embeddable":true,"href":"https:\/\/agora.xtec.cat\/ieslesmarines\/wp-json\/wp\/v2\/media\/1052"}],"wp:attachment":[{"href":"https:\/\/agora.xtec.cat\/ieslesmarines\/wp-json\/wp\/v2\/media?parent=1051"}],"wp:term":[{"taxonomy":"category","embeddable":true,"href":"https:\/\/agora.xtec.cat\/ieslesmarines\/wp-json\/wp\/v2\/categories?post=1051"},{"taxonomy":"post_tag","embeddable":true,"href":"https:\/\/agora.xtec.cat\/ieslesmarines\/wp-json\/wp\/v2\/tags?post=1051"}],"curies":[{"name":"wp","href":"https:\/\/api.w.org\/{rel}","templated":true}]}}