{"id":1033,"date":"2019-01-29T20:09:37","date_gmt":"2019-01-29T19:09:37","guid":{"rendered":"http:\/\/agora.xtec.cat\/ieslesmarines\/?p=1033"},"modified":"2019-01-29T20:33:05","modified_gmt":"2019-01-29T19:33:05","slug":"constitucio-del-nou-consell-escolar","status":"publish","type":"post","link":"https:\/\/agora.xtec.cat\/ieslesmarines\/general\/constitucio-del-nou-consell-escolar\/","title":{"rendered":"Constituci\u00f3 del nou consell escolar"},"content":{"rendered":"<p>El passat 19 de desembre es va constituir el nou Consell Escolar de l\u2019Institut Les Marines. Donem la benvinguda a la Val\u00e8ria Conte Mart\u00edn i al Daniel Miguel Yepes com a representants dels alumnes; a la Mar\u00eda Jos\u00e9 De Miguel Echezarreta, a la Nina Eriksson, a la Cristina Quiroga Tojeiro i a la Yolanda Fern\u00e1ndez Mej\u00edas com a representants de les fam\u00edlies; i a la Lourdes Onna Juana, la Juliana Del Bosque Garc\u00eda i a la N\u00faria Onna Juanes com a representants del professorat.<\/p>\n<p>Durant els propers dos anys, els membres del Consell Escolar seran els seg\u00fcents:<\/p>\n<ul style=\"list-style-type: circle;\">\n<li><strong>Director<\/strong>:\u00a0Vicent Chofre Mart\u00ednez<\/li>\n<li><strong>Cap d&#8217;Estudis<\/strong>:Maria del Mar Mayoral Sanes<\/li>\n<li><strong>Representant sector PAS<\/strong>: Nicol\u00e1s Garc\u00eda Ales<\/li>\n<li><strong>Representant AMPA<\/strong>: Ildefons Fern\u00e1ndez Araque<\/li>\n<li><strong>Secretari<\/strong>: Antoni Travesset i Villarte<\/li>\n<li><strong>Regidora o representant Ajuntament<\/strong>:\u00a0Carmen Ferrer Panillo<\/li>\n<li><strong>Representants sector professorat<\/strong>: Roser Farr\u00e9s Costafreda, Isabel Garc\u00eda S\u00e1nchez, Rosa Maria Ruiz Castell, Maria Angel Cintora Yag\u00fce,Lourdes Onna Juanes i Juliana Del Bosque Garc\u00eda, N\u00faria Onna Juanes<\/li>\n<li><strong>Representants sector mares\/pares d\u2019alumnes<\/strong>: Maria Jos\u00e9 De Miguel Echezarreta, Cristina Quiroga Tojeiro, Nina Eriksson, Yolanda Fern\u00e1ndez Mej\u00edas<\/li>\n<li><strong>Representants sector alumnes<\/strong>: Val\u00e8ria Conte Mart\u00edn, Daniel Miguel Yepes, Roger Heredia Soriano, Alex Madrid Lerga<\/li>\n<\/ul>\n<p>&nbsp;<\/p>\n","protected":false},"excerpt":{"rendered":"<p>El passat 19 de desembre es va constituir el nou Consell Escolar de l\u2019Institut Les Marines. Donem la benvinguda a la Val\u00e8ria Conte Mart\u00edn i al Daniel Miguel Yepes com a representants dels alumnes; a la Mar\u00eda Jos\u00e9 De Miguel Echezarreta, a la Nina Eriksson, a la Cristina Quiroga Tojeiro i a la Yolanda Fern\u00e1ndez [&hellip;]<\/p>\n","protected":false},"author":1,"featured_media":1034,"comment_status":"open","ping_status":"closed","sticky":false,"template":"","format":"standard","meta":{"_bbp_topic_count":0,"_bbp_reply_count":0,"_bbp_total_topic_count":0,"_bbp_total_reply_count":0,"_bbp_voice_count":0,"_bbp_anonymous_reply_count":0,"_bbp_topic_count_hidden":0,"_bbp_reply_count_hidden":0,"_bbp_forum_subforum_count":0,"site-sidebar-layout":"default","site-content-layout":"","ast-site-content-layout":"","site-content-style":"default","site-sidebar-style":"default","ast-global-header-display":"","ast-banner-title-visibility":"","ast-main-header-display":"","ast-hfb-above-header-display":"","ast-hfb-below-header-display":"","ast-hfb-mobile-header-display":"","site-post-title":"","ast-breadcrumbs-content":"","ast-featured-img":"","footer-sml-layout":"","theme-transparent-header-meta":"","adv-header-id-meta":"","stick-header-meta":"","header-above-stick-meta":"","header-main-stick-meta":"","header-below-stick-meta":"","astra-migrate-meta-layouts":"default","ast-page-background-enabled":"default","ast-page-background-meta":{"desktop":{"background-color":"var(--ast-global-color-4)","background-image":"","background-repeat":"repeat","background-position":"center center","background-size":"auto","background-attachment":"scroll","background-type":"","background-media":"","overlay-type":"","overlay-color":"","overlay-opacity":"","overlay-gradient":""},"tablet":{"background-color":"","background-image":"","background-repeat":"repeat","background-position":"center center","background-size":"auto","background-attachment":"scroll","background-type":"","background-media":"","overlay-type":"","overlay-color":"","overlay-opacity":"","overlay-gradient":""},"mobile":{"background-color":"","background-image":"","background-repeat":"repeat","background-position":"center center","background-size":"auto","background-attachment":"scroll","background-type":"","background-media":"","overlay-type":"","overlay-color":"","overlay-opacity":"","overlay-gradient":""}},"ast-content-background-meta":{"desktop":{"background-color":"var(--ast-global-color-5)","background-image":"","background-repeat":"repeat","background-position":"center center","background-size":"auto","background-attachment":"scroll","background-type":"","background-media":"","overlay-type":"","overlay-color":"","overlay-opacity":"","overlay-gradient":""},"tablet":{"background-color":"var(--ast-global-color-5)","background-image":"","background-repeat":"repeat","background-position":"center center","background-size":"auto","background-attachment":"scroll","background-type":"","background-media":"","overlay-type":"","overlay-color":"","overlay-opacity":"","overlay-gradient":""},"mobile":{"background-color":"var(--ast-global-color-5)","background-image":"","background-repeat":"repeat","background-position":"center center","background-size":"auto","background-attachment":"scroll","background-type":"","background-media":"","overlay-type":"","overlay-color":"","overlay-opacity":"","overlay-gradient":""}},"footnotes":""},"categories":[1],"tags":[],"class_list":["post-1033","post","type-post","status-publish","format-standard","has-post-thumbnail","hentry","category-general"],"post_mailing_queue_ids":[],"_links":{"self":[{"href":"https:\/\/agora.xtec.cat\/ieslesmarines\/wp-json\/wp\/v2\/posts\/1033","targetHints":{"allow":["GET"]}}],"collection":[{"href":"https:\/\/agora.xtec.cat\/ieslesmarines\/wp-json\/wp\/v2\/posts"}],"about":[{"href":"https:\/\/agora.xtec.cat\/ieslesmarines\/wp-json\/wp\/v2\/types\/post"}],"author":[{"embeddable":true,"href":"https:\/\/agora.xtec.cat\/ieslesmarines\/wp-json\/wp\/v2\/users\/1"}],"replies":[{"embeddable":true,"href":"https:\/\/agora.xtec.cat\/ieslesmarines\/wp-json\/wp\/v2\/comments?post=1033"}],"version-history":[{"count":3,"href":"https:\/\/agora.xtec.cat\/ieslesmarines\/wp-json\/wp\/v2\/posts\/1033\/revisions"}],"predecessor-version":[{"id":1040,"href":"https:\/\/agora.xtec.cat\/ieslesmarines\/wp-json\/wp\/v2\/posts\/1033\/revisions\/1040"}],"wp:featuredmedia":[{"embeddable":true,"href":"https:\/\/agora.xtec.cat\/ieslesmarines\/wp-json\/wp\/v2\/media\/1034"}],"wp:attachment":[{"href":"https:\/\/agora.xtec.cat\/ieslesmarines\/wp-json\/wp\/v2\/media?parent=1033"}],"wp:term":[{"taxonomy":"category","embeddable":true,"href":"https:\/\/agora.xtec.cat\/ieslesmarines\/wp-json\/wp\/v2\/categories?post=1033"},{"taxonomy":"post_tag","embeddable":true,"href":"https:\/\/agora.xtec.cat\/ieslesmarines\/wp-json\/wp\/v2\/tags?post=1033"}],"curies":[{"name":"wp","href":"https:\/\/api.w.org\/{rel}","templated":true}]}}