{"id":1027,"date":"2019-01-15T21:38:41","date_gmt":"2019-01-15T20:38:41","guid":{"rendered":"http:\/\/agora.xtec.cat\/ieslesmarines\/?p=1027"},"modified":"2019-01-15T21:38:41","modified_gmt":"2019-01-15T20:38:41","slug":"atlantis-la-ciencia-del-mite","status":"publish","type":"post","link":"https:\/\/agora.xtec.cat\/ieslesmarines\/portada\/atlantis-la-ciencia-del-mite\/","title":{"rendered":"Atlantis, la ci\u00e8ncia del mite"},"content":{"rendered":"<p><span style=\"font-weight: 400;\">El 17 de desembre passat vam tenir l\u2019immens plaer de rebre al nostre institut al periodista gallec i divulgador cient\u00edfic Emilio Varela. Va presentar davant dels alumnes de 1r i 2n de Batxillerat el projecte de divulgaci\u00f3 \u201cAtlantis, la ciencia del mito\u201d, elaborat per ell mateix a partir dels seus viatges (a N\u00e0pols, Atenes, Santorini i Creta) i en \u00a0experi\u00e8ncies personals.<\/span><\/p>\n<p><span style=\"font-weight: 400;\">En una sessi\u00f3 de car\u00e0cter transversal i agafant com a fil conductor el fenomen volc\u00e0nic, va tractar temes de geologia, arqueologia, hist\u00f2ria, filosofia i ecologia. <\/span><\/p>\n<p><span style=\"font-weight: 400;\">Es trobava l\u2019Atl\u00e0ntida dels <\/span><i><span style=\"font-weight: 400;\">Di\u00e0legs<\/span><\/i><span style=\"font-weight: 400;\"> del Plat\u00f3 a l\u2019antiga illa de Thera, actual Santorini, on una gran erupci\u00f3 volc\u00e0nica hauria pogut fer desapar\u00e8ixer tota una societat? A partir d\u2019aquest mite l\u2019Emilio Varela va parlar, de manera apassionada, no nom\u00e9s de vulcanisme, sin\u00f3 tamb\u00e9 de temes com les restes de diferents museus d\u2019una cultura que va existir fa m\u00e9s de 3600 anys, passant per l\u2019estat actual del mar Mediterrani amb el seu turisme incontrolat i esgotament dels seus recursos i els efectes del canvi clim\u00e0tic. I tot aix\u00f2 acompanyat de bell\u00edssimes imatges i interessants documentals.<\/span><\/p>\n<p><span style=\"font-weight: 400;\">Finalment, i per tancar la pon\u00e8ncia, va haver-hi un col\u00b7loqui amb l\u2019alumnat present. <a href=\"https:\/\/photos.app.goo.gl\/7tgy9WQm533ggppc7\" target=\"_blank\" rel=\"noopener\">Aqu\u00ed<\/a> trobareu una selecci\u00f3 de fotografies de l&#8217;acte.<\/span><\/p>\n","protected":false},"excerpt":{"rendered":"<p>El 17 de desembre passat vam tenir l\u2019immens plaer de rebre al nostre institut al periodista gallec i divulgador cient\u00edfic Emilio Varela. Va presentar davant dels alumnes de 1r i 2n de Batxillerat el projecte de divulgaci\u00f3 \u201cAtlantis, la ciencia del mito\u201d, elaborat per ell mateix a partir dels seus viatges (a N\u00e0pols, Atenes, Santorini [&hellip;]<\/p>\n","protected":false},"author":1,"featured_media":1028,"comment_status":"open","ping_status":"closed","sticky":false,"template":"","format":"standard","meta":{"_bbp_topic_count":0,"_bbp_reply_count":0,"_bbp_total_topic_count":0,"_bbp_total_reply_count":0,"_bbp_voice_count":0,"_bbp_anonymous_reply_count":0,"_bbp_topic_count_hidden":0,"_bbp_reply_count_hidden":0,"_bbp_forum_subforum_count":0,"site-sidebar-layout":"default","site-content-layout":"","ast-site-content-layout":"","site-content-style":"default","site-sidebar-style":"default","ast-global-header-display":"","ast-banner-title-visibility":"","ast-main-header-display":"","ast-hfb-above-header-display":"","ast-hfb-below-header-display":"","ast-hfb-mobile-header-display":"","site-post-title":"","ast-breadcrumbs-content":"","ast-featured-img":"","footer-sml-layout":"","theme-transparent-header-meta":"","adv-header-id-meta":"","stick-header-meta":"","header-above-stick-meta":"","header-main-stick-meta":"","header-below-stick-meta":"","astra-migrate-meta-layouts":"default","ast-page-background-enabled":"default","ast-page-background-meta":{"desktop":{"background-color":"var(--ast-global-color-4)","background-image":"","background-repeat":"repeat","background-position":"center center","background-size":"auto","background-attachment":"scroll","background-type":"","background-media":"","overlay-type":"","overlay-color":"","overlay-opacity":"","overlay-gradient":""},"tablet":{"background-color":"","background-image":"","background-repeat":"repeat","background-position":"center center","background-size":"auto","background-attachment":"scroll","background-type":"","background-media":"","overlay-type":"","overlay-color":"","overlay-opacity":"","overlay-gradient":""},"mobile":{"background-color":"","background-image":"","background-repeat":"repeat","background-position":"center center","background-size":"auto","background-attachment":"scroll","background-type":"","background-media":"","overlay-type":"","overlay-color":"","overlay-opacity":"","overlay-gradient":""}},"ast-content-background-meta":{"desktop":{"background-color":"var(--ast-global-color-5)","background-image":"","background-repeat":"repeat","background-position":"center center","background-size":"auto","background-attachment":"scroll","background-type":"","background-media":"","overlay-type":"","overlay-color":"","overlay-opacity":"","overlay-gradient":""},"tablet":{"background-color":"var(--ast-global-color-5)","background-image":"","background-repeat":"repeat","background-position":"center center","background-size":"auto","background-attachment":"scroll","background-type":"","background-media":"","overlay-type":"","overlay-color":"","overlay-opacity":"","overlay-gradient":""},"mobile":{"background-color":"var(--ast-global-color-5)","background-image":"","background-repeat":"repeat","background-position":"center center","background-size":"auto","background-attachment":"scroll","background-type":"","background-media":"","overlay-type":"","overlay-color":"","overlay-opacity":"","overlay-gradient":""}},"footnotes":""},"categories":[29],"tags":[],"class_list":["post-1027","post","type-post","status-publish","format-standard","has-post-thumbnail","hentry","category-portada"],"post_mailing_queue_ids":[],"_links":{"self":[{"href":"https:\/\/agora.xtec.cat\/ieslesmarines\/wp-json\/wp\/v2\/posts\/1027","targetHints":{"allow":["GET"]}}],"collection":[{"href":"https:\/\/agora.xtec.cat\/ieslesmarines\/wp-json\/wp\/v2\/posts"}],"about":[{"href":"https:\/\/agora.xtec.cat\/ieslesmarines\/wp-json\/wp\/v2\/types\/post"}],"author":[{"embeddable":true,"href":"https:\/\/agora.xtec.cat\/ieslesmarines\/wp-json\/wp\/v2\/users\/1"}],"replies":[{"embeddable":true,"href":"https:\/\/agora.xtec.cat\/ieslesmarines\/wp-json\/wp\/v2\/comments?post=1027"}],"version-history":[{"count":1,"href":"https:\/\/agora.xtec.cat\/ieslesmarines\/wp-json\/wp\/v2\/posts\/1027\/revisions"}],"predecessor-version":[{"id":1029,"href":"https:\/\/agora.xtec.cat\/ieslesmarines\/wp-json\/wp\/v2\/posts\/1027\/revisions\/1029"}],"wp:featuredmedia":[{"embeddable":true,"href":"https:\/\/agora.xtec.cat\/ieslesmarines\/wp-json\/wp\/v2\/media\/1028"}],"wp:attachment":[{"href":"https:\/\/agora.xtec.cat\/ieslesmarines\/wp-json\/wp\/v2\/media?parent=1027"}],"wp:term":[{"taxonomy":"category","embeddable":true,"href":"https:\/\/agora.xtec.cat\/ieslesmarines\/wp-json\/wp\/v2\/categories?post=1027"},{"taxonomy":"post_tag","embeddable":true,"href":"https:\/\/agora.xtec.cat\/ieslesmarines\/wp-json\/wp\/v2\/tags?post=1027"}],"curies":[{"name":"wp","href":"https:\/\/api.w.org\/{rel}","templated":true}]}}