{"id":9931,"date":"2021-03-22T14:46:47","date_gmt":"2021-03-22T13:46:47","guid":{"rendered":"http:\/\/agora.xtec.cat\/ieslescala\/?p=9931"},"modified":"2021-03-22T15:34:09","modified_gmt":"2021-03-22T14:34:09","slug":"dia-mundial-de-la-poesia-2021","status":"publish","type":"post","link":"https:\/\/agora.xtec.cat\/ieslescala\/biblioteca\/dia-mundial-de-la-poesia-2021\/","title":{"rendered":"Dia Mundial de la Poesia 2021"},"content":{"rendered":"<p style=\"text-align: justify;\"><a href=\"https:\/\/agora.xtec.cat\/ieslescala\/wp-content\/uploads\/usu933\/2021\/03\/IMG-20210322-WA0004-1.jpg\"><img loading=\"lazy\" decoding=\"async\" class=\"wp-image-9942 alignleft\" src=\"https:\/\/agora.xtec.cat\/ieslescala\/wp-content\/uploads\/usu933\/2021\/03\/IMG-20210322-WA0004-1-225x300.jpg\" alt=\"\" width=\"429\" height=\"572\" srcset=\"https:\/\/agora.xtec.cat\/ieslescala\/wp-content\/uploads\/usu933\/2021\/03\/IMG-20210322-WA0004-1-225x300.jpg 225w, https:\/\/agora.xtec.cat\/ieslescala\/wp-content\/uploads\/usu933\/2021\/03\/IMG-20210322-WA0004-1-768x1024.jpg 768w, https:\/\/agora.xtec.cat\/ieslescala\/wp-content\/uploads\/usu933\/2021\/03\/IMG-20210322-WA0004-1.jpg 1536w\" sizes=\"auto, (max-width: 429px) 100vw, 429px\" \/><\/a>Cada 21 de mar\u00e7 es commemora el Dia Mundial de la Poesia. La Instituci\u00f3 de les Lletres Catalanes (ILC) fa la tria d\u2019un autor\/a el poema del qual es tradueix a nombroses lleng\u00fces, mostrant la riquesa mundial de la poesia. Aquest any, el text \u00e9s de l&#8217;escriptora, pintora i traductora Fel\u00edcia Fuster i Viladecans, en el centenari del seu naixement. El seu t\u00edtol \u00e9s &#8220;No em despulleu&#8221;.<\/p>\n<p style=\"text-align: justify;\"><img loading=\"lazy\" decoding=\"async\" class=\"size-medium wp-image-9932 alignright\" src=\"https:\/\/agora.xtec.cat\/ieslescala\/wp-content\/uploads\/usu933\/2021\/03\/Imatge-DMP21-211x300.png\" alt=\"\" width=\"211\" height=\"300\" srcset=\"https:\/\/agora.xtec.cat\/ieslescala\/wp-content\/uploads\/usu933\/2021\/03\/Imatge-DMP21-211x300.png 211w, https:\/\/agora.xtec.cat\/ieslescala\/wp-content\/uploads\/usu933\/2021\/03\/Imatge-DMP21-720x1024.png 720w, https:\/\/agora.xtec.cat\/ieslescala\/wp-content\/uploads\/usu933\/2021\/03\/Imatge-DMP21.png 726w\" sizes=\"auto, (max-width: 211px) 100vw, 211px\" \/><\/p>\n<p style=\"text-align: justify;\">Trobareu tota la informaci\u00f3 sobre aquesta autora i les seves obres al web de <a href=\"https:\/\/www.escriptors.cat\/autors\/fusterf\/portic\">l&#8217;Associaci\u00f3 d&#8217;Escriptors en Llengua Catalana.<\/a><\/p>\n<p style=\"text-align: justify;\">Us deixem tamb\u00e9 l&#8217;enlla\u00e7 al fullet on trobareu el poema tradu\u00eft a vint-i-una lleng\u00fces: <a href=\"https:\/\/agora.xtec.cat\/ieslescala\/wp-content\/uploads\/usu933\/2021\/03\/Fullet-DMP21_pantalla.pdf\">Fullet-DMP21_pantalla<\/a><\/p>\n<p style=\"text-align: justify;\">I a la nostra biblioteca teniu aquest mural amb informaci\u00f3 de la Fel\u00edcia Fuster i algunes de les traduccions del seu text. Tamb\u00e9 hi trobareu molts llibres de poesia d&#8217;autors cl\u00e0ssics i moderns. Veniu a demanar-los en pr\u00e9stec.<\/p>\n<p style=\"text-align: justify;\">Gaudim de la poesia!<\/p>\n<p><a href=\"https:\/\/agora.xtec.cat\/ieslescala\/wp-content\/uploads\/usu933\/2021\/03\/Poema-Feli\u0301cia-Fuster.jpeg\"><img loading=\"lazy\" decoding=\"async\" class=\"wp-image-9937 aligncenter\" src=\"https:\/\/agora.xtec.cat\/ieslescala\/wp-content\/uploads\/usu933\/2021\/03\/Poema-Feli\u0301cia-Fuster-249x300.jpeg\" alt=\"\" width=\"434\" height=\"523\" srcset=\"https:\/\/agora.xtec.cat\/ieslescala\/wp-content\/uploads\/usu933\/2021\/03\/Poema-Feli\u0301cia-Fuster-249x300.jpeg 249w, https:\/\/agora.xtec.cat\/ieslescala\/wp-content\/uploads\/usu933\/2021\/03\/Poema-Feli\u0301cia-Fuster.jpeg 686w\" sizes=\"auto, (max-width: 434px) 100vw, 434px\" \/><\/a><\/p>\n","protected":false},"excerpt":{"rendered":"<p>Cada 21 de mar\u00e7 es commemora el Dia Mundial de la Poesia. La Instituci\u00f3 de les Lletres Catalanes (ILC) fa [&hellip;]<\/p>\n","protected":false},"author":40,"featured_media":9932,"comment_status":"closed","ping_status":"closed","sticky":false,"template":"","format":"standard","meta":{"_bbp_topic_count":0,"_bbp_reply_count":0,"_bbp_total_topic_count":0,"_bbp_total_reply_count":0,"_bbp_voice_count":0,"_bbp_anonymous_reply_count":0,"_bbp_topic_count_hidden":0,"_bbp_reply_count_hidden":0,"_bbp_forum_subforum_count":0,"site-sidebar-layout":"default","site-content-layout":"","ast-site-content-layout":"","site-content-style":"default","site-sidebar-style":"default","ast-global-header-display":"","ast-banner-title-visibility":"","ast-main-header-display":"","ast-hfb-above-header-display":"","ast-hfb-below-header-display":"","ast-hfb-mobile-header-display":"","site-post-title":"","ast-breadcrumbs-content":"","ast-featured-img":"","footer-sml-layout":"","theme-transparent-header-meta":"","adv-header-id-meta":"","stick-header-meta":"","header-above-stick-meta":"","header-main-stick-meta":"","header-below-stick-meta":"","astra-migrate-meta-layouts":"default","ast-page-background-enabled":"default","ast-page-background-meta":{"desktop":{"background-color":"var(--ast-global-color-4)","background-image":"","background-repeat":"repeat","background-position":"center center","background-size":"auto","background-attachment":"scroll","background-type":"","background-media":"","overlay-type":"","overlay-color":"","overlay-opacity":"","overlay-gradient":""},"tablet":{"background-color":"","background-image":"","background-repeat":"repeat","background-position":"center center","background-size":"auto","background-attachment":"scroll","background-type":"","background-media":"","overlay-type":"","overlay-color":"","overlay-opacity":"","overlay-gradient":""},"mobile":{"background-color":"","background-image":"","background-repeat":"repeat","background-position":"center center","background-size":"auto","background-attachment":"scroll","background-type":"","background-media":"","overlay-type":"","overlay-color":"","overlay-opacity":"","overlay-gradient":""}},"ast-content-background-meta":{"desktop":{"background-color":"var(--ast-global-color-5)","background-image":"","background-repeat":"repeat","background-position":"center center","background-size":"auto","background-attachment":"scroll","background-type":"","background-media":"","overlay-type":"","overlay-color":"","overlay-opacity":"","overlay-gradient":""},"tablet":{"background-color":"var(--ast-global-color-5)","background-image":"","background-repeat":"repeat","background-position":"center center","background-size":"auto","background-attachment":"scroll","background-type":"","background-media":"","overlay-type":"","overlay-color":"","overlay-opacity":"","overlay-gradient":""},"mobile":{"background-color":"var(--ast-global-color-5)","background-image":"","background-repeat":"repeat","background-position":"center center","background-size":"auto","background-attachment":"scroll","background-type":"","background-media":"","overlay-type":"","overlay-color":"","overlay-opacity":"","overlay-gradient":""}},"footnotes":""},"categories":[178,213],"tags":[183,224,208],"class_list":["post-9931","post","type-post","status-publish","format-standard","has-post-thumbnail","hentry","category-biblioteca","category-lectura","tag-efemerides","tag-habit-lector","tag-poesia"],"post_mailing_queue_ids":[],"_links":{"self":[{"href":"https:\/\/agora.xtec.cat\/ieslescala\/wp-json\/wp\/v2\/posts\/9931","targetHints":{"allow":["GET"]}}],"collection":[{"href":"https:\/\/agora.xtec.cat\/ieslescala\/wp-json\/wp\/v2\/posts"}],"about":[{"href":"https:\/\/agora.xtec.cat\/ieslescala\/wp-json\/wp\/v2\/types\/post"}],"author":[{"embeddable":true,"href":"https:\/\/agora.xtec.cat\/ieslescala\/wp-json\/wp\/v2\/users\/40"}],"replies":[{"embeddable":true,"href":"https:\/\/agora.xtec.cat\/ieslescala\/wp-json\/wp\/v2\/comments?post=9931"}],"version-history":[{"count":3,"href":"https:\/\/agora.xtec.cat\/ieslescala\/wp-json\/wp\/v2\/posts\/9931\/revisions"}],"predecessor-version":[{"id":9948,"href":"https:\/\/agora.xtec.cat\/ieslescala\/wp-json\/wp\/v2\/posts\/9931\/revisions\/9948"}],"wp:featuredmedia":[{"embeddable":true,"href":"https:\/\/agora.xtec.cat\/ieslescala\/wp-json\/wp\/v2\/media\/9932"}],"wp:attachment":[{"href":"https:\/\/agora.xtec.cat\/ieslescala\/wp-json\/wp\/v2\/media?parent=9931"}],"wp:term":[{"taxonomy":"category","embeddable":true,"href":"https:\/\/agora.xtec.cat\/ieslescala\/wp-json\/wp\/v2\/categories?post=9931"},{"taxonomy":"post_tag","embeddable":true,"href":"https:\/\/agora.xtec.cat\/ieslescala\/wp-json\/wp\/v2\/tags?post=9931"}],"curies":[{"name":"wp","href":"https:\/\/api.w.org\/{rel}","templated":true}]}}