{"id":9689,"date":"2021-02-08T12:58:14","date_gmt":"2021-02-08T11:58:14","guid":{"rendered":"http:\/\/agora.xtec.cat\/ieslescala\/?p=9689"},"modified":"2021-02-08T13:11:12","modified_gmt":"2021-02-08T12:11:12","slug":"veniu-a-veure-les-novetats-a-la-biblioteca","status":"publish","type":"post","link":"https:\/\/agora.xtec.cat\/ieslescala\/portada\/veniu-a-veure-les-novetats-a-la-biblioteca\/","title":{"rendered":"Recomanacions de lectura"},"content":{"rendered":"<p>Us presentem algunes novetats que hem catalogat a la nostra biblioteca aquests \u00faltims dies: <a href=\"https:\/\/agora.xtec.cat\/ieslescala\/wp-content\/uploads\/usu933\/2021\/02\/IMG_6235.jpg\"><img loading=\"lazy\" decoding=\"async\" class=\" wp-image-9691 alignright\" src=\"https:\/\/agora.xtec.cat\/ieslescala\/wp-content\/uploads\/usu933\/2021\/02\/IMG_6235-300x225.jpg\" alt=\"\" width=\"379\" height=\"285\" srcset=\"https:\/\/agora.xtec.cat\/ieslescala\/wp-content\/uploads\/usu933\/2021\/02\/IMG_6235-300x225.jpg 300w, https:\/\/agora.xtec.cat\/ieslescala\/wp-content\/uploads\/usu933\/2021\/02\/IMG_6235-200x150.jpg 200w, https:\/\/agora.xtec.cat\/ieslescala\/wp-content\/uploads\/usu933\/2021\/02\/IMG_6235.jpg 640w\" sizes=\"auto, (max-width: 379px) 100vw, 379px\" \/><\/a><\/p>\n<p style=\"text-align: justify;\"><strong>Fins l\u00faltim al\u00e8. Viv\u00e8ncies d&#8217;una renascuda<\/strong>\u00a0de Gerard Jurnet. Es tracta d&#8217;una hist\u00f2ria de superaci\u00f3 del professor d&#8217;educaci\u00f3 f\u00edsica del nostre centre, a partir del seu accident. Li agra\u00efm molt\u00edssim a en Gerard la donaci\u00f3 del seu llibre a la biblioteca i la dedicat\u00f2ria a tot el centre. El recomanem per a totes les edats.<\/p>\n<p style=\"text-align: justify;\"><strong>Entre dos blaus<\/strong>\u00a0d&#8217;Arturo Padilla. &#8220;L&#8217;Alba i la Marina han fet un regal molt especial al seu pare: una immersi\u00f3 en un vaixell enfonsat. I no es volen perdre el moment en qu\u00e8 ell es capbussa amb els dos instructors de busseig que l&#8217;acompanyaran en aquesta aventura: l&#8217;Oriol i la Laia. Les dues germanes contemplen, des d&#8217;una llanxa, com els tres submarinistes desapareixen enmig del mar, sense imaginar-se que aquest ser\u00e0 l&#8217;\u00faltim cop que tots ells es veuran. El mar es pot convertir en un lloc molt perill\u00f3s, tant a la superf\u00edcie com a les profunditats. Els herois s\u00f3n els \u00fanics que hi poden sobreviure!&#8221; Aquest libre de l&#8217;editorial Barcanova \u00e9s recomanat per a m\u00e9s grans de 14 anys.<\/p>\n<p style=\"text-align: justify;\"><iframe loading=\"lazy\" src=\"https:\/\/www.youtube.com\/embed\/RLBT85NQA3w\" width=\"560\" height=\"315\" frameborder=\"0\"><\/iframe><br \/>\n<strong>Les aventures d&#8217;en Cebeta<\/strong>\u00a0de Gianni Rodari. \u00a0&#8220;Una divertida faula contra les opressions protagonitzada per unes fruites i verdures entranyables. Amb l\u2019objectiu d\u2019alliberar el seu pare, empresonat injustament pel malvat Pr\u00edncep Llimona, en Cebeta emprendr\u00e0 una aventura trepidant aliant-se amb les criatures sotmeses per la reialesa. Seran capaces de derrotar totes juntes la sup\u00e8rbia del poder? Amb la seva m\u00e0gia eterna i universal, Gianni Rodari ens ofereix una lli\u00e7\u00f3 emocionant sobre el b\u00e9 i el mal i el poder de l\u2019amistat, per\u00f2 tamb\u00e9 una finestra per a imaginar una societat m\u00e9s lliure i m\u00e9s justa per a tothom&#8221;. Publicat a l&#8217;editorial Sembra, recomanat per als alumnes de 1r i 2n d&#8217;ESO.<\/p>\n<p><strong>Les guineus del desert<\/strong>\u00a0de \u00a0Pierdomenico Baccalario. En aquesta novel\u00b7la juvenil es planteja una intriga que, de la m\u00e0 del jove protagonista, ens porta a un petit poble de C\u00f2rsega, on s\u2019amaguen massa secrets, secrets que van n\u00e9ixer a la Segona Guerra Mundial i que tants anys despr\u00e9s s\u00f3n per fi desvetllats. <em>\u00c9s possible que hi hagi un punt de connexi\u00f3 entre el secretari personal de Hitler, Bormann; el general Rommel, conegut com la Guineu del desert; i Antoine de Saint-Exup\u00e9ry, autor d\u2019El Petit Pr\u00edncep? <\/em>Si llegiu aquesta novel\u00b7la ho descubrireu.<\/p>\n<p><strong>Una bossa de bales<\/strong> de Joseph Joffo. L&#8217;autor ens explica una hist\u00f2ria autobiogr\u00e0fica: Dos germans petits jueus viuen a la Fran\u00e7a ocupada pels nazis durant la Segona Guerra Mundial. Decideixen abandonar la seva fam\u00edlia amb molta ast\u00facia i enginy per alliberar-se dels invasors i procedir amb l&#8217;objectiu marcat: tornar a reunir tota la fam\u00edlia a la zona lliure del sud de Fran\u00e7a. El 2017 es va estrenar una pel\u00b7l\u00edcula dirigida per <em>Christian Duguay <\/em>basada en aquesta obra. Recomanada per a totes les edats.<br \/>\n<iframe loading=\"lazy\" src=\"https:\/\/www.youtube.com\/embed\/KoeCEl6yVvc\" width=\"560\" height=\"315\" frameborder=\"0\"><\/iframe><\/p>\n<p><strong>Veniu a demanar-les en pr\u00e9stec a la nostra biblioteca escolar!<\/strong><\/p>\n<p><strong>BONA LECTURA!<\/strong><\/p>\n","protected":false},"excerpt":{"rendered":"<p>Us presentem algunes novetats que hem catalogat a la nostra biblioteca aquests \u00faltims dies: Fins l\u00faltim al\u00e8. Viv\u00e8ncies d&#8217;una renascuda\u00a0de [&hellip;]<\/p>\n","protected":false},"author":40,"featured_media":9691,"comment_status":"closed","ping_status":"closed","sticky":false,"template":"","format":"standard","meta":{"_bbp_topic_count":0,"_bbp_reply_count":0,"_bbp_total_topic_count":0,"_bbp_total_reply_count":0,"_bbp_voice_count":0,"_bbp_anonymous_reply_count":0,"_bbp_topic_count_hidden":0,"_bbp_reply_count_hidden":0,"_bbp_forum_subforum_count":0,"site-sidebar-layout":"default","site-content-layout":"","ast-site-content-layout":"","site-content-style":"default","site-sidebar-style":"default","ast-global-header-display":"","ast-banner-title-visibility":"","ast-main-header-display":"","ast-hfb-above-header-display":"","ast-hfb-below-header-display":"","ast-hfb-mobile-header-display":"","site-post-title":"","ast-breadcrumbs-content":"","ast-featured-img":"","footer-sml-layout":"","theme-transparent-header-meta":"","adv-header-id-meta":"","stick-header-meta":"","header-above-stick-meta":"","header-main-stick-meta":"","header-below-stick-meta":"","astra-migrate-meta-layouts":"default","ast-page-background-enabled":"default","ast-page-background-meta":{"desktop":{"background-color":"var(--ast-global-color-4)","background-image":"","background-repeat":"repeat","background-position":"center center","background-size":"auto","background-attachment":"scroll","background-type":"","background-media":"","overlay-type":"","overlay-color":"","overlay-opacity":"","overlay-gradient":""},"tablet":{"background-color":"","background-image":"","background-repeat":"repeat","background-position":"center center","background-size":"auto","background-attachment":"scroll","background-type":"","background-media":"","overlay-type":"","overlay-color":"","overlay-opacity":"","overlay-gradient":""},"mobile":{"background-color":"","background-image":"","background-repeat":"repeat","background-position":"center center","background-size":"auto","background-attachment":"scroll","background-type":"","background-media":"","overlay-type":"","overlay-color":"","overlay-opacity":"","overlay-gradient":""}},"ast-content-background-meta":{"desktop":{"background-color":"var(--ast-global-color-5)","background-image":"","background-repeat":"repeat","background-position":"center center","background-size":"auto","background-attachment":"scroll","background-type":"","background-media":"","overlay-type":"","overlay-color":"","overlay-opacity":"","overlay-gradient":""},"tablet":{"background-color":"var(--ast-global-color-5)","background-image":"","background-repeat":"repeat","background-position":"center center","background-size":"auto","background-attachment":"scroll","background-type":"","background-media":"","overlay-type":"","overlay-color":"","overlay-opacity":"","overlay-gradient":""},"mobile":{"background-color":"var(--ast-global-color-5)","background-image":"","background-repeat":"repeat","background-position":"center center","background-size":"auto","background-attachment":"scroll","background-type":"","background-media":"","overlay-type":"","overlay-color":"","overlay-opacity":"","overlay-gradient":""}},"footnotes":""},"categories":[178,213,212,29],"tags":[224,199,282],"class_list":["post-9689","post","type-post","status-publish","format-standard","has-post-thumbnail","hentry","category-biblioteca","category-lectura","category-recursos","category-portada","tag-habit-lector","tag-informacio-biblioteca","tag-recomanacions-lectores"],"post_mailing_queue_ids":[],"_links":{"self":[{"href":"https:\/\/agora.xtec.cat\/ieslescala\/wp-json\/wp\/v2\/posts\/9689","targetHints":{"allow":["GET"]}}],"collection":[{"href":"https:\/\/agora.xtec.cat\/ieslescala\/wp-json\/wp\/v2\/posts"}],"about":[{"href":"https:\/\/agora.xtec.cat\/ieslescala\/wp-json\/wp\/v2\/types\/post"}],"author":[{"embeddable":true,"href":"https:\/\/agora.xtec.cat\/ieslescala\/wp-json\/wp\/v2\/users\/40"}],"replies":[{"embeddable":true,"href":"https:\/\/agora.xtec.cat\/ieslescala\/wp-json\/wp\/v2\/comments?post=9689"}],"version-history":[{"count":3,"href":"https:\/\/agora.xtec.cat\/ieslescala\/wp-json\/wp\/v2\/posts\/9689\/revisions"}],"predecessor-version":[{"id":9708,"href":"https:\/\/agora.xtec.cat\/ieslescala\/wp-json\/wp\/v2\/posts\/9689\/revisions\/9708"}],"wp:featuredmedia":[{"embeddable":true,"href":"https:\/\/agora.xtec.cat\/ieslescala\/wp-json\/wp\/v2\/media\/9691"}],"wp:attachment":[{"href":"https:\/\/agora.xtec.cat\/ieslescala\/wp-json\/wp\/v2\/media?parent=9689"}],"wp:term":[{"taxonomy":"category","embeddable":true,"href":"https:\/\/agora.xtec.cat\/ieslescala\/wp-json\/wp\/v2\/categories?post=9689"},{"taxonomy":"post_tag","embeddable":true,"href":"https:\/\/agora.xtec.cat\/ieslescala\/wp-json\/wp\/v2\/tags?post=9689"}],"curies":[{"name":"wp","href":"https:\/\/api.w.org\/{rel}","templated":true}]}}