{"id":9259,"date":"2020-10-22T09:00:21","date_gmt":"2020-10-22T07:00:21","guid":{"rendered":"http:\/\/agora.xtec.cat\/ieslescala\/?p=9259"},"modified":"2020-10-22T11:18:18","modified_gmt":"2020-10-22T09:18:18","slug":"participeu-al-club-de-lectura-de-linstitut","status":"publish","type":"post","link":"https:\/\/agora.xtec.cat\/ieslescala\/portada\/participeu-al-club-de-lectura-de-linstitut\/","title":{"rendered":"Participeu al Club de lectura de l&#8217;institut!"},"content":{"rendered":"<p style=\"text-align: justify;\"><a href=\"https:\/\/agora.xtec.cat\/ieslescala\/wp-content\/uploads\/usu933\/2020\/10\/IMG_6080.jpg\"><img loading=\"lazy\" decoding=\"async\" class=\"size-medium wp-image-9260 alignright\" src=\"https:\/\/agora.xtec.cat\/ieslescala\/wp-content\/uploads\/usu933\/2020\/10\/IMG_6080-300x225.jpg\" alt=\"\" width=\"300\" height=\"225\" \/><\/a>Si us agraden els relats de por i de misteri, veniu a la biblioteca a buscar un exemplar de<em> Contes macabres <\/em>d&#8217;Edgar Allan Poe. Durant el mes d&#8217;octubre llegirem aquesta obra i despr\u00e9s la comentarem al Club de lectura de l&#8217;INS El Pedr\u00f3.<\/p>\n<p style=\"text-align: justify;\">Com no podem fer la trobada presencial com altres anys, aquest curs farem una trobad<a href=\"https:\/\/agora.xtec.cat\/ieslescala\/wp-content\/uploads\/usu933\/2020\/10\/meva.jpeg\"><img loading=\"lazy\" decoding=\"async\" class=\"size-full wp-image-9267 alignleft\" src=\"https:\/\/agora.xtec.cat\/ieslescala\/wp-content\/uploads\/usu933\/2020\/10\/meva.jpeg\" alt=\"\" width=\"194\" height=\"259\" \/><\/a>a virtual la primera setmana de novembre, coincidint amb Halloween.<\/p>\n<p style=\"text-align: justify;\">Es tracta d&#8217;un recull de vuit contes: \u00abBerenice\u00bb, \u00abEl gat negre\u00bb, \u00abL&#8217;illa de la fada\u00bb, \u00abEl cor delator\u00bb, \u00abLa caiguda de la casa Usher\u00bb, \u00abEl retrat oval\u00bb, \u00abMorella\u00bb i \u00abLigeia\u00bb, que ens arriba amb una magn\u00edfica traducci\u00f3 de la m\u00e0 de Julio Cort\u00e1zar, considerada la millor que han rebut els textos de l\u2019autor d\u2019Eureka i il\u00b7lustrada per Benjamin Lacombe. En el v\u00eddeo podeu veure alguns dels seus dibuixos.<\/p>\n<p style=\"text-align: justify;\">Veniu a la biblioteca i us donarem tota la informaci\u00f3 sobre l&#8217;organitzaci\u00f3 del nostre Club de lectura. Us animem a participar-hi. Us ho passareu molt b\u00e9!<\/p>\n<p><iframe loading=\"lazy\" src=\"\/\/www.youtube.com\/embed\/QSj9claADRc\" width=\"680\" height=\"324\" frameborder=\"0\"><\/iframe><\/p>\n","protected":false},"excerpt":{"rendered":"<p>Si us agraden els relats de por i de misteri, veniu a la biblioteca a buscar un exemplar de Contes [&hellip;]<\/p>\n","protected":false},"author":40,"featured_media":9260,"comment_status":"closed","ping_status":"closed","sticky":false,"template":"","format":"standard","meta":{"_bbp_topic_count":0,"_bbp_reply_count":0,"_bbp_total_topic_count":0,"_bbp_total_reply_count":0,"_bbp_voice_count":0,"_bbp_anonymous_reply_count":0,"_bbp_topic_count_hidden":0,"_bbp_reply_count_hidden":0,"_bbp_forum_subforum_count":0,"site-sidebar-layout":"default","site-content-layout":"","ast-site-content-layout":"","site-content-style":"default","site-sidebar-style":"default","ast-global-header-display":"","ast-banner-title-visibility":"","ast-main-header-display":"","ast-hfb-above-header-display":"","ast-hfb-below-header-display":"","ast-hfb-mobile-header-display":"","site-post-title":"","ast-breadcrumbs-content":"","ast-featured-img":"","footer-sml-layout":"","theme-transparent-header-meta":"","adv-header-id-meta":"","stick-header-meta":"","header-above-stick-meta":"","header-main-stick-meta":"","header-below-stick-meta":"","astra-migrate-meta-layouts":"default","ast-page-background-enabled":"default","ast-page-background-meta":{"desktop":{"background-color":"var(--ast-global-color-4)","background-image":"","background-repeat":"repeat","background-position":"center center","background-size":"auto","background-attachment":"scroll","background-type":"","background-media":"","overlay-type":"","overlay-color":"","overlay-opacity":"","overlay-gradient":""},"tablet":{"background-color":"","background-image":"","background-repeat":"repeat","background-position":"center center","background-size":"auto","background-attachment":"scroll","background-type":"","background-media":"","overlay-type":"","overlay-color":"","overlay-opacity":"","overlay-gradient":""},"mobile":{"background-color":"","background-image":"","background-repeat":"repeat","background-position":"center center","background-size":"auto","background-attachment":"scroll","background-type":"","background-media":"","overlay-type":"","overlay-color":"","overlay-opacity":"","overlay-gradient":""}},"ast-content-background-meta":{"desktop":{"background-color":"var(--ast-global-color-5)","background-image":"","background-repeat":"repeat","background-position":"center center","background-size":"auto","background-attachment":"scroll","background-type":"","background-media":"","overlay-type":"","overlay-color":"","overlay-opacity":"","overlay-gradient":""},"tablet":{"background-color":"var(--ast-global-color-5)","background-image":"","background-repeat":"repeat","background-position":"center center","background-size":"auto","background-attachment":"scroll","background-type":"","background-media":"","overlay-type":"","overlay-color":"","overlay-opacity":"","overlay-gradient":""},"mobile":{"background-color":"var(--ast-global-color-5)","background-image":"","background-repeat":"repeat","background-position":"center center","background-size":"auto","background-attachment":"scroll","background-type":"","background-media":"","overlay-type":"","overlay-color":"","overlay-opacity":"","overlay-gradient":""}},"footnotes":""},"categories":[178,234,213,29],"tags":[101],"class_list":["post-9259","post","type-post","status-publish","format-standard","has-post-thumbnail","hentry","category-biblioteca","category-club-de-lectura","category-lectura","category-portada","tag-club-de-lectura"],"post_mailing_queue_ids":[],"_links":{"self":[{"href":"https:\/\/agora.xtec.cat\/ieslescala\/wp-json\/wp\/v2\/posts\/9259","targetHints":{"allow":["GET"]}}],"collection":[{"href":"https:\/\/agora.xtec.cat\/ieslescala\/wp-json\/wp\/v2\/posts"}],"about":[{"href":"https:\/\/agora.xtec.cat\/ieslescala\/wp-json\/wp\/v2\/types\/post"}],"author":[{"embeddable":true,"href":"https:\/\/agora.xtec.cat\/ieslescala\/wp-json\/wp\/v2\/users\/40"}],"replies":[{"embeddable":true,"href":"https:\/\/agora.xtec.cat\/ieslescala\/wp-json\/wp\/v2\/comments?post=9259"}],"version-history":[{"count":3,"href":"https:\/\/agora.xtec.cat\/ieslescala\/wp-json\/wp\/v2\/posts\/9259\/revisions"}],"predecessor-version":[{"id":9268,"href":"https:\/\/agora.xtec.cat\/ieslescala\/wp-json\/wp\/v2\/posts\/9259\/revisions\/9268"}],"wp:featuredmedia":[{"embeddable":true,"href":"https:\/\/agora.xtec.cat\/ieslescala\/wp-json\/wp\/v2\/media\/9260"}],"wp:attachment":[{"href":"https:\/\/agora.xtec.cat\/ieslescala\/wp-json\/wp\/v2\/media?parent=9259"}],"wp:term":[{"taxonomy":"category","embeddable":true,"href":"https:\/\/agora.xtec.cat\/ieslescala\/wp-json\/wp\/v2\/categories?post=9259"},{"taxonomy":"post_tag","embeddable":true,"href":"https:\/\/agora.xtec.cat\/ieslescala\/wp-json\/wp\/v2\/tags?post=9259"}],"curies":[{"name":"wp","href":"https:\/\/api.w.org\/{rel}","templated":true}]}}