{"id":8491,"date":"2020-04-15T16:52:54","date_gmt":"2020-04-15T14:52:54","guid":{"rendered":"http:\/\/agora.xtec.cat\/ieslescala\/?p=8491"},"modified":"2020-04-15T17:01:05","modified_gmt":"2020-04-15T15:01:05","slug":"propostes-de-la-biblioteca-victor-catala-durant-el-confinament","status":"publish","type":"post","link":"https:\/\/agora.xtec.cat\/ieslescala\/biblioteca\/propostes-de-la-biblioteca-victor-catala-durant-el-confinament\/","title":{"rendered":"Propostes de la Biblioteca V\u00edctor Catal\u00e0 durant el confinament"},"content":{"rendered":"<p>Aquestes setmanes de confinament pel coronavirus la cultura no s&#8217;atura. La biblioteca V\u00edctor Catal\u00e0 de l&#8217;Escala ens presenta diverses propostes a la<a href=\"https:\/\/www.facebook.com\/bibliotecalescala\/\"> seva p\u00e0gina de Facebook.<\/a><\/p>\n<p>Un concurs literari diari, recomanacion<span style=\"font-family: inherit; font-size: 1em;\">s de llibres, lectures de poemes, v\u00eddeos literaris (&#8220;Glopets de cultura&#8221;), etc\u00a0 <\/span><\/p>\n<p><strong>Us animem a seguir aquestes activitats liter\u00e0ries del nostre municipi!<\/strong><\/p>\n<p>GLOPETS DE CULT<a href=\"https:\/\/agora.xtec.cat\/ieslescala\/wp-content\/uploads\/usu933\/2020\/04\/93289149_2789575001092373_6338833509364269056_n.jpg\"><img loading=\"lazy\" decoding=\"async\" class=\"wp-image-8501 alignleft\" src=\"https:\/\/agora.xtec.cat\/ieslescala\/wp-content\/uploads\/usu933\/2020\/04\/93289149_2789575001092373_6338833509364269056_n.jpg\" alt=\"\" width=\"439\" height=\"329\" srcset=\"https:\/\/agora.xtec.cat\/ieslescala\/wp-content\/uploads\/usu933\/2020\/04\/93289149_2789575001092373_6338833509364269056_n.jpg 960w, https:\/\/agora.xtec.cat\/ieslescala\/wp-content\/uploads\/usu933\/2020\/04\/93289149_2789575001092373_6338833509364269056_n-300x225.jpg 300w, https:\/\/agora.xtec.cat\/ieslescala\/wp-content\/uploads\/usu933\/2020\/04\/93289149_2789575001092373_6338833509364269056_n-768x576.jpg 768w, https:\/\/agora.xtec.cat\/ieslescala\/wp-content\/uploads\/usu933\/2020\/04\/93289149_2789575001092373_6338833509364269056_n-200x150.jpg 200w\" sizes=\"auto, (max-width: 439px) 100vw, 439px\" \/><\/a>URA: Lectura del poema Mediterr\u00e0nia de Carles Duarte, del seu llibre<strong> Mar\u00edntim:<\/strong> <a href=\"https:\/\/www.facebook.com\/bibliotecalescala\/videos\/2837939809621245\/\">https<\/a><a href=\"https:\/\/www.facebook.com\/bibliotecalescala\/videos\/2837939809621245\/\">:\/\/www.facebook.com\/\/videos\/2837939809621245\/<\/a><\/p>\n<p>CANAL10 TV:\u00a0<a href=\"http:\/\/www.canal10.cat\/video\/18609-la-biblioteca-v-ctor-catal-proposa-activitats-liter-ries-al-seu-compte-de-facebook\">http:\/\/www.canal10.cat\/video\/18609-la-biblioteca-v-ctor-catal-proposa-activitats-liter-ries-al-seu-compte-de-facebook<\/a><\/p>\n<p>Tamb\u00e9 per Canal10 Empord\u00e0, la televisi\u00f3 de l&#8217;Escala, trobareu lectures de contes per als m\u00e9s petits. El programa <a href=\"http:\/\/www.canal10.cat\/video\/18630-l-hora-del-conte-la-llebre-i-la-tortuga\">L&#8217;HORA DEL CONTE.<\/a><\/p>\n<p><a href=\"https:\/\/agora.xtec.cat\/ieslescala\/wp-content\/uploads\/usu933\/2020\/04\/878135377_295x166.jpg\"><img loading=\"lazy\" decoding=\"async\" class=\" wp-image-8502 alignleft\" src=\"https:\/\/agora.xtec.cat\/ieslescala\/wp-content\/uploads\/usu933\/2020\/04\/878135377_295x166.jpg\" alt=\"\" width=\"290\" height=\"163\" \/><\/a><a href=\"https:\/\/agora.xtec.cat\/ieslescala\/wp-content\/uploads\/usu933\/2020\/04\/92952984_2788884384494768_471267545706397696_n.png\"><img loading=\"lazy\" decoding=\"async\" class=\"wp-image-8505 alignnone\" src=\"https:\/\/agora.xtec.cat\/ieslescala\/wp-content\/uploads\/usu933\/2020\/04\/92952984_2788884384494768_471267545706397696_n.png\" alt=\"\" width=\"323\" height=\"232\" srcset=\"https:\/\/agora.xtec.cat\/ieslescala\/wp-content\/uploads\/usu933\/2020\/04\/92952984_2788884384494768_471267545706397696_n.png 557w, https:\/\/agora.xtec.cat\/ieslescala\/wp-content\/uploads\/usu933\/2020\/04\/92952984_2788884384494768_471267545706397696_n-300x216.png 300w\" sizes=\"auto, (max-width: 323px) 100vw, 323px\" \/><\/a><img loading=\"lazy\" decoding=\"async\" class=\"wp-image-8493 alignnone\" src=\"https:\/\/agora.xtec.cat\/ieslescala\/wp-content\/uploads\/usu933\/2020\/04\/92707431_2784519901597883_5410864876845268992_n.jpg\" alt=\"\" width=\"309\" height=\"232\" srcset=\"https:\/\/agora.xtec.cat\/ieslescala\/wp-content\/uploads\/usu933\/2020\/04\/92707431_2784519901597883_5410864876845268992_n.jpg 960w, https:\/\/agora.xtec.cat\/ieslescala\/wp-content\/uploads\/usu933\/2020\/04\/92707431_2784519901597883_5410864876845268992_n-300x225.jpg 300w, https:\/\/agora.xtec.cat\/ieslescala\/wp-content\/uploads\/usu933\/2020\/04\/92707431_2784519901597883_5410864876845268992_n-768x576.jpg 768w, https:\/\/agora.xtec.cat\/ieslescala\/wp-content\/uploads\/usu933\/2020\/04\/92707431_2784519901597883_5410864876845268992_n-200x150.jpg 200w\" sizes=\"auto, (max-width: 309px) 100vw, 309px\" \/><\/p>\n<p><iframe loading=\"lazy\" src=\"https:\/\/www.facebook.com\/plugins\/video.php?href=https%3A%2F%2Fwww.facebook.com%2Fbibliotecalescala%2Fvideos%2F169770954127869%2F&amp;show_text=0&amp;width=267\" width=\"267\" height=\"476\" frameborder=\"0\"><\/iframe><\/p>\n<p>&nbsp;<\/p>\n<p>&nbsp;<\/p>\n<p>&nbsp;<\/p>\n<p>&nbsp;<\/p>\n<p><a href=\"https:\/\/agora.xtec.cat\/ieslescala\/wp-content\/uploads\/usu933\/2020\/04\/92707431_2784519901597883_5410864876845268992_n.jpg\">\u00a0<\/a><\/p>\n<p>&nbsp;<\/p>\n<p>&nbsp;<\/p>\n<p>&nbsp;<\/p>\n","protected":false},"excerpt":{"rendered":"<p>Aquestes setmanes de confinament pel coronavirus la cultura no s&#8217;atura. La biblioteca V\u00edctor Catal\u00e0 de l&#8217;Escala ens presenta diverses propostes [&hellip;]<\/p>\n","protected":false},"author":40,"featured_media":8501,"comment_status":"closed","ping_status":"closed","sticky":false,"template":"","format":"standard","meta":{"_bbp_topic_count":0,"_bbp_reply_count":0,"_bbp_total_topic_count":0,"_bbp_total_reply_count":0,"_bbp_voice_count":0,"_bbp_anonymous_reply_count":0,"_bbp_topic_count_hidden":0,"_bbp_reply_count_hidden":0,"_bbp_forum_subforum_count":0,"site-sidebar-layout":"default","site-content-layout":"","ast-site-content-layout":"","site-content-style":"default","site-sidebar-style":"default","ast-global-header-display":"","ast-banner-title-visibility":"","ast-main-header-display":"","ast-hfb-above-header-display":"","ast-hfb-below-header-display":"","ast-hfb-mobile-header-display":"","site-post-title":"","ast-breadcrumbs-content":"","ast-featured-img":"","footer-sml-layout":"","theme-transparent-header-meta":"","adv-header-id-meta":"","stick-header-meta":"","header-above-stick-meta":"","header-main-stick-meta":"","header-below-stick-meta":"","astra-migrate-meta-layouts":"default","ast-page-background-enabled":"default","ast-page-background-meta":{"desktop":{"background-color":"var(--ast-global-color-4)","background-image":"","background-repeat":"repeat","background-position":"center center","background-size":"auto","background-attachment":"scroll","background-type":"","background-media":"","overlay-type":"","overlay-color":"","overlay-opacity":"","overlay-gradient":""},"tablet":{"background-color":"","background-image":"","background-repeat":"repeat","background-position":"center center","background-size":"auto","background-attachment":"scroll","background-type":"","background-media":"","overlay-type":"","overlay-color":"","overlay-opacity":"","overlay-gradient":""},"mobile":{"background-color":"","background-image":"","background-repeat":"repeat","background-position":"center center","background-size":"auto","background-attachment":"scroll","background-type":"","background-media":"","overlay-type":"","overlay-color":"","overlay-opacity":"","overlay-gradient":""}},"ast-content-background-meta":{"desktop":{"background-color":"var(--ast-global-color-5)","background-image":"","background-repeat":"repeat","background-position":"center center","background-size":"auto","background-attachment":"scroll","background-type":"","background-media":"","overlay-type":"","overlay-color":"","overlay-opacity":"","overlay-gradient":""},"tablet":{"background-color":"var(--ast-global-color-5)","background-image":"","background-repeat":"repeat","background-position":"center center","background-size":"auto","background-attachment":"scroll","background-type":"","background-media":"","overlay-type":"","overlay-color":"","overlay-opacity":"","overlay-gradient":""},"mobile":{"background-color":"var(--ast-global-color-5)","background-image":"","background-repeat":"repeat","background-position":"center center","background-size":"auto","background-attachment":"scroll","background-type":"","background-media":"","overlay-type":"","overlay-color":"","overlay-opacity":"","overlay-gradient":""}},"footnotes":""},"categories":[178,219],"tags":[],"class_list":["post-8491","post","type-post","status-publish","format-standard","has-post-thumbnail","hentry","category-biblioteca","category-biblioteca-publica"],"post_mailing_queue_ids":[],"_links":{"self":[{"href":"https:\/\/agora.xtec.cat\/ieslescala\/wp-json\/wp\/v2\/posts\/8491","targetHints":{"allow":["GET"]}}],"collection":[{"href":"https:\/\/agora.xtec.cat\/ieslescala\/wp-json\/wp\/v2\/posts"}],"about":[{"href":"https:\/\/agora.xtec.cat\/ieslescala\/wp-json\/wp\/v2\/types\/post"}],"author":[{"embeddable":true,"href":"https:\/\/agora.xtec.cat\/ieslescala\/wp-json\/wp\/v2\/users\/40"}],"replies":[{"embeddable":true,"href":"https:\/\/agora.xtec.cat\/ieslescala\/wp-json\/wp\/v2\/comments?post=8491"}],"version-history":[{"count":3,"href":"https:\/\/agora.xtec.cat\/ieslescala\/wp-json\/wp\/v2\/posts\/8491\/revisions"}],"predecessor-version":[{"id":8508,"href":"https:\/\/agora.xtec.cat\/ieslescala\/wp-json\/wp\/v2\/posts\/8491\/revisions\/8508"}],"wp:featuredmedia":[{"embeddable":true,"href":"https:\/\/agora.xtec.cat\/ieslescala\/wp-json\/wp\/v2\/media\/8501"}],"wp:attachment":[{"href":"https:\/\/agora.xtec.cat\/ieslescala\/wp-json\/wp\/v2\/media?parent=8491"}],"wp:term":[{"taxonomy":"category","embeddable":true,"href":"https:\/\/agora.xtec.cat\/ieslescala\/wp-json\/wp\/v2\/categories?post=8491"},{"taxonomy":"post_tag","embeddable":true,"href":"https:\/\/agora.xtec.cat\/ieslescala\/wp-json\/wp\/v2\/tags?post=8491"}],"curies":[{"name":"wp","href":"https:\/\/api.w.org\/{rel}","templated":true}]}}