{"id":8468,"date":"2020-03-27T22:10:03","date_gmt":"2020-03-27T21:10:03","guid":{"rendered":"http:\/\/agora.xtec.cat\/ieslescala\/?p=8468"},"modified":"2020-09-20T00:23:21","modified_gmt":"2020-09-19T22:23:21","slug":"27-de-marc-dia-mundial-del-teatre-3","status":"publish","type":"post","link":"https:\/\/agora.xtec.cat\/ieslescala\/biblioteca\/27-de-marc-dia-mundial-del-teatre-3\/","title":{"rendered":"27 de mar\u00e7: Dia Mundial del Teatre"},"content":{"rendered":"<p style=\"text-align: justify;\">Avui es commemora el Dia Mundial del Teatre. Aprofiteu per llegir-lo i veure alguna de les propostes que us ofereixen les xarxes.<\/p>\n<p style=\"text-align: justify;\">El manifest d&#8217;aquest any ha estat escrit per Shahid Nadeem, principal dramaturg de Pakistan i director del Teatre Ajoka. El podeu llegir <a href=\"http:\/\/entreacte.cat\/entrades\/actualitat\/missatge-internacional-del-dia-mundial-del-teatre-2020\/\">aqu\u00ed.\u00a0<\/a><\/p>\n<p style=\"text-align: justify;\"><a href=\"https:\/\/www.catalunyapress.cat\/texto-diario\/mostrar\/1860011\/joan-pera-llanca-missatge-desperanca-per-dia-mundial-teatre-sense-teatres\"><img loading=\"lazy\" decoding=\"async\" class=\" wp-image-8469 alignright\" src=\"https:\/\/agora.xtec.cat\/ieslescala\/wp-content\/uploads\/usu933\/2020\/03\/Teatre.jpg\" alt=\"\" width=\"443\" height=\"443\" \/><\/a>La Junta de l\u2019Associaci\u00f3 d\u2019Actors i Directors Professionals de Catalunya (ADDPC) signa aquest <a href=\"http:\/\/entreacte.cat\/entrades\/actualitat\/manifest-de-laadpc-del-dia-mundial-del-teatre-2020\/\">manifest<\/a> i l&#8217;actor Joan Pera llan\u00e7a un missatge d&#8217;esperan\u00e7a. Podeu llegir-lo en aquest article\u00a0 de\u00a0 <a href=\"https:\/\/www.catalunyapress.cat\/texto-diario\/mostrar\/1860011\/joan-pera-llanca-missatge-desperanca-per-dia-mundial-teatre-sense-teatres\">catalunyapress.cat.\u00a0<\/a><\/p>\n<p style=\"text-align: justify;\">Us deixem l&#8217;enlla\u00e7 de la representaci\u00f3 de l&#8217;obra El jard\u00ed dels cirerers d&#8217;Anton Tx\u00e9khov per La Funcional Teatre, la companyia de Figueres:<\/p>\n<p>Obra complerta: \u00a0<a href=\"https:\/\/vimeo.com\/24462126?fbclid=IwAR3GlPziX_Vw1MEKOVcmmDS_zH2zlOFfK0eSuPEazVppiPI8SzAyiK5aFy0\">El jard\u00ed dels cirerers\u00a0<\/a><\/p>\n<p><iframe loading=\"lazy\" src=\"https:\/\/www.youtube.com\/embed\/sxvsxRoc9HQ\" width=\"560\" height=\"315\" frameborder=\"0\"><\/iframe><br \/>\nEsperem que us agradi!<\/p>\n<p><strong>GAUDIU DEL TEATRE<\/strong><\/p>\n","protected":false},"excerpt":{"rendered":"<p>Avui es commemora el Dia Mundial del Teatre. Aprofiteu per llegir-lo i veure alguna de les propostes que us ofereixen [&hellip;]<\/p>\n","protected":false},"author":40,"featured_media":8469,"comment_status":"closed","ping_status":"closed","sticky":false,"template":"","format":"standard","meta":{"_bbp_topic_count":0,"_bbp_reply_count":0,"_bbp_total_topic_count":0,"_bbp_total_reply_count":0,"_bbp_voice_count":0,"_bbp_anonymous_reply_count":0,"_bbp_topic_count_hidden":0,"_bbp_reply_count_hidden":0,"_bbp_forum_subforum_count":0,"site-sidebar-layout":"default","site-content-layout":"","ast-site-content-layout":"","site-content-style":"default","site-sidebar-style":"default","ast-global-header-display":"","ast-banner-title-visibility":"","ast-main-header-display":"","ast-hfb-above-header-display":"","ast-hfb-below-header-display":"","ast-hfb-mobile-header-display":"","site-post-title":"","ast-breadcrumbs-content":"","ast-featured-img":"","footer-sml-layout":"","theme-transparent-header-meta":"","adv-header-id-meta":"","stick-header-meta":"","header-above-stick-meta":"","header-main-stick-meta":"","header-below-stick-meta":"","astra-migrate-meta-layouts":"default","ast-page-background-enabled":"default","ast-page-background-meta":{"desktop":{"background-color":"var(--ast-global-color-4)","background-image":"","background-repeat":"repeat","background-position":"center center","background-size":"auto","background-attachment":"scroll","background-type":"","background-media":"","overlay-type":"","overlay-color":"","overlay-opacity":"","overlay-gradient":""},"tablet":{"background-color":"","background-image":"","background-repeat":"repeat","background-position":"center center","background-size":"auto","background-attachment":"scroll","background-type":"","background-media":"","overlay-type":"","overlay-color":"","overlay-opacity":"","overlay-gradient":""},"mobile":{"background-color":"","background-image":"","background-repeat":"repeat","background-position":"center center","background-size":"auto","background-attachment":"scroll","background-type":"","background-media":"","overlay-type":"","overlay-color":"","overlay-opacity":"","overlay-gradient":""}},"ast-content-background-meta":{"desktop":{"background-color":"var(--ast-global-color-5)","background-image":"","background-repeat":"repeat","background-position":"center center","background-size":"auto","background-attachment":"scroll","background-type":"","background-media":"","overlay-type":"","overlay-color":"","overlay-opacity":"","overlay-gradient":""},"tablet":{"background-color":"var(--ast-global-color-5)","background-image":"","background-repeat":"repeat","background-position":"center center","background-size":"auto","background-attachment":"scroll","background-type":"","background-media":"","overlay-type":"","overlay-color":"","overlay-opacity":"","overlay-gradient":""},"mobile":{"background-color":"var(--ast-global-color-5)","background-image":"","background-repeat":"repeat","background-position":"center center","background-size":"auto","background-attachment":"scroll","background-type":"","background-media":"","overlay-type":"","overlay-color":"","overlay-opacity":"","overlay-gradient":""}},"footnotes":""},"categories":[178,217,213],"tags":[183,224,199,40],"class_list":["post-8468","post","type-post","status-publish","format-standard","has-post-thumbnail","hentry","category-biblioteca","category-commemoracions","category-lectura","tag-efemerides","tag-habit-lector","tag-informacio-biblioteca","tag-teatre"],"post_mailing_queue_ids":[],"_links":{"self":[{"href":"https:\/\/agora.xtec.cat\/ieslescala\/wp-json\/wp\/v2\/posts\/8468","targetHints":{"allow":["GET"]}}],"collection":[{"href":"https:\/\/agora.xtec.cat\/ieslescala\/wp-json\/wp\/v2\/posts"}],"about":[{"href":"https:\/\/agora.xtec.cat\/ieslescala\/wp-json\/wp\/v2\/types\/post"}],"author":[{"embeddable":true,"href":"https:\/\/agora.xtec.cat\/ieslescala\/wp-json\/wp\/v2\/users\/40"}],"replies":[{"embeddable":true,"href":"https:\/\/agora.xtec.cat\/ieslescala\/wp-json\/wp\/v2\/comments?post=8468"}],"version-history":[{"count":4,"href":"https:\/\/agora.xtec.cat\/ieslescala\/wp-json\/wp\/v2\/posts\/8468\/revisions"}],"predecessor-version":[{"id":8478,"href":"https:\/\/agora.xtec.cat\/ieslescala\/wp-json\/wp\/v2\/posts\/8468\/revisions\/8478"}],"wp:featuredmedia":[{"embeddable":true,"href":"https:\/\/agora.xtec.cat\/ieslescala\/wp-json\/wp\/v2\/media\/8469"}],"wp:attachment":[{"href":"https:\/\/agora.xtec.cat\/ieslescala\/wp-json\/wp\/v2\/media?parent=8468"}],"wp:term":[{"taxonomy":"category","embeddable":true,"href":"https:\/\/agora.xtec.cat\/ieslescala\/wp-json\/wp\/v2\/categories?post=8468"},{"taxonomy":"post_tag","embeddable":true,"href":"https:\/\/agora.xtec.cat\/ieslescala\/wp-json\/wp\/v2\/tags?post=8468"}],"curies":[{"name":"wp","href":"https:\/\/api.w.org\/{rel}","templated":true}]}}