{"id":8443,"date":"2020-03-19T11:19:50","date_gmt":"2020-03-19T10:19:50","guid":{"rendered":"http:\/\/agora.xtec.cat\/ieslescala\/?p=8443"},"modified":"2020-09-20T00:23:43","modified_gmt":"2020-09-19T22:23:43","slug":"a-casa-amb-bones-lectures-i-activitats-culturals","status":"publish","type":"post","link":"https:\/\/agora.xtec.cat\/ieslescala\/biblioteca\/a-casa-amb-bones-lectures-i-activitats-culturals\/","title":{"rendered":"A casa amb bones lectures i activitats culturals"},"content":{"rendered":"<p style=\"text-align: justify;\">El confinament a casa a causa del coronavirus no \u00e9s un impediment per gaudir de la lectura i d&#8217;altres activitats culturals. <strong>Les biblioteques p\u00fabliques de Catalunya<\/strong> ens recorden que podem accedir al servei de pr\u00e9stec de continguts digitals per als usuaris, que compta amb una col\u00b7lecci\u00f3 d\u2019obres de ficci\u00f3 i de no-ficci\u00f3 per a p\u00fablic adult i per a p\u00fablic infantil i juvenil de diverses tem\u00e0tiques i en diferents lleng\u00fces. Aquest servei t\u00e9 m\u00e9s de 100.000 t\u00edtols en diferents formats i tem\u00e0tiques, disponibles en catal\u00e0, castell\u00e0, franc\u00e8s, angl\u00e8s i alemany.<\/p>\n<p style=\"text-align: justify;\"><img loading=\"lazy\" decoding=\"async\" class=\"alignnone wp-image-2433\" src=\"https:\/\/agora.xtec.cat\/ieslescala\/wp-content\/uploads\/usu933\/2016\/11\/logo-ebiblio.png\" alt=\"\" width=\"127\" height=\"64\" \/>\u00a0 \u00a0<a href=\"https:\/\/catalunya.ebiblio.es\/\">https:\/\/catalunya.ebiblio.es\/<\/a><\/p>\n<p><img loading=\"lazy\" decoding=\"async\" class=\"wp-image-8444 alignright\" src=\"https:\/\/agora.xtec.cat\/ieslescala\/wp-content\/uploads\/usu933\/2020\/03\/Captura-de-Pantalla-2020-03-18-a-les-12.13.14.png\" alt=\"\" width=\"185\" height=\"267\" srcset=\"https:\/\/agora.xtec.cat\/ieslescala\/wp-content\/uploads\/usu933\/2020\/03\/Captura-de-Pantalla-2020-03-18-a-les-12.13.14.png 445w, https:\/\/agora.xtec.cat\/ieslescala\/wp-content\/uploads\/usu933\/2020\/03\/Captura-de-Pantalla-2020-03-18-a-les-12.13.14-209x300.png 209w\" sizes=\"auto, (max-width: 185px) 100vw, 185px\" \/><\/p>\n<p><img loading=\"lazy\" decoding=\"async\" class=\"wp-image-8445 alignright\" style=\"text-align: justify;\" src=\"https:\/\/agora.xtec.cat\/ieslescala\/wp-content\/uploads\/usu933\/2020\/03\/Lecxit_Centelles.jpg\" alt=\"\" width=\"170\" height=\"113\" \/><\/p>\n<p style=\"text-align: justify;\"><strong>El Departament d&#8217;Educaci\u00f3 tamb\u00e9 ens fa diversos suggeriments:<\/strong><\/p>\n<ul style=\"text-align: justify;\">\n<li>Des de les Biblioteques escolars ens proposen el dossier seg\u00fcent: <a href=\"https:\/\/projectes.xtec.cat\/bescat\/portada\/propostes-per-fomentar-la-lectura-en-temps-de-confinament\/\">#quedatacasa<\/a><\/li>\n<li>El projecte de Lectura de la plataforma XTEC ens enlla\u00e7a\u00a0 diverses <a href=\"http:\/\/xtec.gencat.cat\/ca\/projectes\/lectura\/adreces-dinteres\/\">adreces d&#8217;inter\u00e8s<\/a><\/li>\n<\/ul>\n<p style=\"text-align: justify;\">D&#8217;altra banda, els <strong>editors de revistes en catal\u00e0<\/strong> de l&#8217;Associaci\u00f3 d&#8217;Editors de Revistes i Digitals (APPEC) obren durant un mes de forma gratu\u00efta la tarifa plana de revistes del <a href=\"https:\/\/www.iquiosc.cat\/\">iquiosc.cat<\/a>. D&#8217;aquesta manera, s&#8217;obren els continguts de cap\u00e7aleres en catal\u00e0 com &#8216;El Temps&#8217;, &#8216;Enderrock&#8217;, &#8216;Entreacte&#8217;, &#8216;L&#8217;Aven\u00e7&#8217;, &#8216;Bonart&#8217;, &#8216;Cuina&#8217;, &#8216;S\u00e0piens&#8217; o &#8216;Serra d&#8217;Or&#8217;, entre d&#8217;altres.<\/p>\n<p style=\"text-align: justify;\">Us deixem un article de N\u00favol (El digital de cultura) amb hipervincles de moltes <strong>adreces electr\u00f2niques d&#8217;activitats culturals gratu\u00eftes: <a href=\"https:\/\/www.nuvol.com\/agenda\/activitats-culturals-que-pots-fer-malgrat-el-coronavirus-87463\">nuvol.com<\/a><\/strong><\/p>\n<p style=\"text-align: justify;\">Tamb\u00e9 hi ha editorials que posen en obert alguns t\u00edtols (<a href=\"https:\/\/keepreadingacasa.grup62.cat\/\">https:\/\/keepreadingacasa.grup62.cat\/), <\/a>i institucions teatrals com el Teatre Lliure:#LliureAlSof\u00e0 amb YouTube.\u00a0\u00d2pera al Liceu:<a href=\"https:\/\/www.liceubarcelona.cat\/elliceuacasa\"> https:\/\/www.liceubarcelona.cat\/elliceuacasa <\/a>i \u00d2pera internacional: <a href=\"https:\/\/www.metopera.org\/about\/press-releases\/met-to-launch-nightly-met-opera-streams-a-free-series-of-encore-live-in-hd-presentations-streamed-on-the-company-website-during-the-coronavirus-closure\/\">The Metropolitan Opera<\/a>.<\/p>\n<p style=\"text-align: justify;\"><strong>Plataformes de comentaris de llibres:<\/strong><\/p>\n<p style=\"text-align: justify;\"><a href=\"https:\/\/agora.xtec.cat\/ieslescala\/wp-content\/uploads\/usu933\/2020\/03\/logo_boli.png\"><img loading=\"lazy\" decoding=\"async\" class=\"alignnone wp-image-8447\" src=\"https:\/\/agora.xtec.cat\/ieslescala\/wp-content\/uploads\/usu933\/2020\/03\/logo_boli.png\" alt=\"\" width=\"395\" height=\"107\" srcset=\"https:\/\/agora.xtec.cat\/ieslescala\/wp-content\/uploads\/usu933\/2020\/03\/logo_boli.png 580w, https:\/\/agora.xtec.cat\/ieslescala\/wp-content\/uploads\/usu933\/2020\/03\/logo_boli-300x81.png 300w\" sizes=\"auto, (max-width: 395px) 100vw, 395px\" \/><\/a><\/p>\n<p><img loading=\"lazy\" decoding=\"async\" class=\"size-full wp-image-8446 alignright\" src=\"https:\/\/agora.xtec.cat\/ieslescala\/wp-content\/uploads\/usu933\/2020\/03\/Comics.jpg\" alt=\"\" width=\"210\" height=\"140\" \/><\/p>\n<p style=\"text-align: justify;\"><a href=\"http:\/\/www.quellegeixes.eu\/\">http:\/\/www.quellegeixes.eu\/<\/a><\/p>\n<p style=\"text-align: justify;\">Recomanacions del FLIC: <a href=\"http:\/\/flicfestival.com\/flic-recomana-read-on\/\">http:\/\/flicfestival.com\/flic-recomana-read-on\/<\/a><\/p>\n<p style=\"text-align: justify;\">C\u00f2mics essencials del 2019: <a href=\"https:\/\/www.acdcomic.es\/esenciales\/\">https:\/\/www.acdcomic.es\/esenciales\/<\/a><\/p>\n<p style=\"text-align: justify;\"><strong>I SI T&#8217;AGRADA ESCRIURE:<\/strong><\/p>\n<p style=\"text-align: justify;\"><strong>Concursos:\u00a0<\/strong><\/p>\n<p><a href=\"https:\/\/biblioteques.gencat.cat\/ca\/el-servei-de-biblioteques\/linies-dactivitat\/promocio_lectura_cultura\/concurs_premis\/\">https:\/\/biblioteques.gencat.cat\/ca\/el-servei-de-biblioteques\/linies-dactivitat\/promocio_lectura_cultura\/concurs_premis\/<\/a><\/p>\n<p><a href=\"http:\/\/jovecat.gencat.cat\/ca\/\/temes\/cultura\/lletres\/mou_el_teu_projecte\/premisconcursossubvencions\/index.html\">http:\/\/jovecat.gencat.cat\/ca\/\/temes\/cultura\/lletres\/mou_el_teu_projecte\/premisconcursossubvencions\/index.html<\/a><\/p>\n<p><a href=\"http:\/\/www.esdelibro.es\/ca\/apuntat\">&#8220;Es de libro.es&#8221;<\/a><\/p>\n<p>Us recordem que en aquest blog de biblioteca teniu tamb\u00e9 una gran selecci\u00f3 de webs recomanades i enlla\u00e7os relacionats amb la cultura i la literatura.<\/p>\n<p><a href=\"https:\/\/agora.xtec.cat\/ieslescala\/categoria\/biblioteca\/\">https:\/\/agora.xtec.cat\/ieslescala\/categoria\/biblioteca\/<\/a><\/p>\n<p>US DESITGEM MOLTA SALUT I BONES LECTURES!<\/p>\n","protected":false},"excerpt":{"rendered":"<p>El confinament a casa a causa del coronavirus no \u00e9s un impediment per gaudir de la lectura i d&#8217;altres activitats [&hellip;]<\/p>\n","protected":false},"author":40,"featured_media":8444,"comment_status":"closed","ping_status":"closed","sticky":false,"template":"","format":"standard","meta":{"_bbp_topic_count":0,"_bbp_reply_count":0,"_bbp_total_topic_count":0,"_bbp_total_reply_count":0,"_bbp_voice_count":0,"_bbp_anonymous_reply_count":0,"_bbp_topic_count_hidden":0,"_bbp_reply_count_hidden":0,"_bbp_forum_subforum_count":0,"site-sidebar-layout":"default","site-content-layout":"","ast-site-content-layout":"","site-content-style":"default","site-sidebar-style":"default","ast-global-header-display":"","ast-banner-title-visibility":"","ast-main-header-display":"","ast-hfb-above-header-display":"","ast-hfb-below-header-display":"","ast-hfb-mobile-header-display":"","site-post-title":"","ast-breadcrumbs-content":"","ast-featured-img":"","footer-sml-layout":"","theme-transparent-header-meta":"","adv-header-id-meta":"","stick-header-meta":"","header-above-stick-meta":"","header-main-stick-meta":"","header-below-stick-meta":"","astra-migrate-meta-layouts":"default","ast-page-background-enabled":"default","ast-page-background-meta":{"desktop":{"background-color":"var(--ast-global-color-4)","background-image":"","background-repeat":"repeat","background-position":"center center","background-size":"auto","background-attachment":"scroll","background-type":"","background-media":"","overlay-type":"","overlay-color":"","overlay-opacity":"","overlay-gradient":""},"tablet":{"background-color":"","background-image":"","background-repeat":"repeat","background-position":"center center","background-size":"auto","background-attachment":"scroll","background-type":"","background-media":"","overlay-type":"","overlay-color":"","overlay-opacity":"","overlay-gradient":""},"mobile":{"background-color":"","background-image":"","background-repeat":"repeat","background-position":"center center","background-size":"auto","background-attachment":"scroll","background-type":"","background-media":"","overlay-type":"","overlay-color":"","overlay-opacity":"","overlay-gradient":""}},"ast-content-background-meta":{"desktop":{"background-color":"var(--ast-global-color-5)","background-image":"","background-repeat":"repeat","background-position":"center center","background-size":"auto","background-attachment":"scroll","background-type":"","background-media":"","overlay-type":"","overlay-color":"","overlay-opacity":"","overlay-gradient":""},"tablet":{"background-color":"var(--ast-global-color-5)","background-image":"","background-repeat":"repeat","background-position":"center center","background-size":"auto","background-attachment":"scroll","background-type":"","background-media":"","overlay-type":"","overlay-color":"","overlay-opacity":"","overlay-gradient":""},"mobile":{"background-color":"var(--ast-global-color-5)","background-image":"","background-repeat":"repeat","background-position":"center center","background-size":"auto","background-attachment":"scroll","background-type":"","background-media":"","overlay-type":"","overlay-color":"","overlay-opacity":"","overlay-gradient":""}},"footnotes":""},"categories":[178,221,213],"tags":[257,206,210,224,199,200],"class_list":["post-8443","post","type-post","status-publish","format-standard","has-post-thumbnail","hentry","category-biblioteca","category-families","category-lectura","tag-activitats-culturals","tag-biblioteca","tag-families","tag-habit-lector","tag-informacio-biblioteca","tag-lectura"],"post_mailing_queue_ids":[],"_links":{"self":[{"href":"https:\/\/agora.xtec.cat\/ieslescala\/wp-json\/wp\/v2\/posts\/8443","targetHints":{"allow":["GET"]}}],"collection":[{"href":"https:\/\/agora.xtec.cat\/ieslescala\/wp-json\/wp\/v2\/posts"}],"about":[{"href":"https:\/\/agora.xtec.cat\/ieslescala\/wp-json\/wp\/v2\/types\/post"}],"author":[{"embeddable":true,"href":"https:\/\/agora.xtec.cat\/ieslescala\/wp-json\/wp\/v2\/users\/40"}],"replies":[{"embeddable":true,"href":"https:\/\/agora.xtec.cat\/ieslescala\/wp-json\/wp\/v2\/comments?post=8443"}],"version-history":[{"count":3,"href":"https:\/\/agora.xtec.cat\/ieslescala\/wp-json\/wp\/v2\/posts\/8443\/revisions"}],"predecessor-version":[{"id":8455,"href":"https:\/\/agora.xtec.cat\/ieslescala\/wp-json\/wp\/v2\/posts\/8443\/revisions\/8455"}],"wp:featuredmedia":[{"embeddable":true,"href":"https:\/\/agora.xtec.cat\/ieslescala\/wp-json\/wp\/v2\/media\/8444"}],"wp:attachment":[{"href":"https:\/\/agora.xtec.cat\/ieslescala\/wp-json\/wp\/v2\/media?parent=8443"}],"wp:term":[{"taxonomy":"category","embeddable":true,"href":"https:\/\/agora.xtec.cat\/ieslescala\/wp-json\/wp\/v2\/categories?post=8443"},{"taxonomy":"post_tag","embeddable":true,"href":"https:\/\/agora.xtec.cat\/ieslescala\/wp-json\/wp\/v2\/tags?post=8443"}],"curies":[{"name":"wp","href":"https:\/\/api.w.org\/{rel}","templated":true}]}}