{"id":7532,"date":"2019-10-14T13:23:46","date_gmt":"2019-10-14T11:23:46","guid":{"rendered":"http:\/\/agora.xtec.cat\/ieslescala\/?p=7532"},"modified":"2019-10-14T13:26:41","modified_gmt":"2019-10-14T11:26:41","slug":"rafa-nadal-a-punt-de-superar-federer","status":"publish","type":"post","link":"https:\/\/agora.xtec.cat\/ieslescala\/el-raco-del-pedro\/rafa-nadal-a-punt-de-superar-federer\/","title":{"rendered":"RAFA NADAL, A PUNT DE SUPERAR FEDERER"},"content":{"rendered":"<figure id=\"attachment_7533\" aria-describedby=\"caption-attachment-7533\" style=\"width: 398px\" class=\"wp-caption alignright\"><a href=\"https:\/\/agora.xtec.cat\/ieslescala\/wp-content\/uploads\/usu933\/2019\/09\/rafa-nadal.jpeg\"><img loading=\"lazy\" decoding=\"async\" class=\"wp-image-7533\" src=\"https:\/\/agora.xtec.cat\/ieslescala\/wp-content\/uploads\/usu933\/2019\/09\/rafa-nadal-1024x577.jpeg\" alt=\"\" width=\"398\" height=\"224\" srcset=\"https:\/\/agora.xtec.cat\/ieslescala\/wp-content\/uploads\/usu933\/2019\/09\/rafa-nadal-1024x577.jpeg 1024w, https:\/\/agora.xtec.cat\/ieslescala\/wp-content\/uploads\/usu933\/2019\/09\/rafa-nadal-300x169.jpeg 300w, https:\/\/agora.xtec.cat\/ieslescala\/wp-content\/uploads\/usu933\/2019\/09\/rafa-nadal-768x432.jpeg 768w, https:\/\/agora.xtec.cat\/ieslescala\/wp-content\/uploads\/usu933\/2019\/09\/rafa-nadal.jpeg 1600w\" sizes=\"auto, (max-width: 398px) 100vw, 398px\" \/><\/a><figcaption id=\"caption-attachment-7533\" class=\"wp-caption-text\">Font: RTVE.es<\/figcaption><\/figure>\n<p style=\"text-align: justify;\">Amb la recent vict\u00f2ria del tenista mallorqu\u00ed Rafael Nadal (33 anys) sobre el rus Daniil Medv\u00e9dev (23 anys) a la final de l\u2019US Open, el balear suma el seu 19\u00e8 Grand Slam en un joc de gaireb\u00e9 5 hores de durada en el qual va necessitar 5 sets per sumar una nova vict\u00f2ria pel seu destacable palmar\u00e8s.<\/p>\n<p style=\"text-align: justify;\">L\u2019actual n.2 del r\u00e0nquing de l\u2019ATP (encap\u00e7alat per Novak Djokovic) nom\u00e9s necessita guanyar un Grand Slam per igualar al su\u00eds Roger Federer, que en t\u00e9 20 en total. Es va emocionar quan va guanyar l\u2019Open perqu\u00e8 es va emetre un v\u00eddeo-reconeixement a la pantalla gran de la pista pels seus 19 Grand Slams.<\/p>\n<p style=\"text-align: justify;\">El de Manacor (Mallorca) va comen\u00e7ar a competir de forma professional al 2001 i va aconseguir la seva primera gran vict\u00f2ria al 2005\u00a0 al Roland Garros, competici\u00f3 que ha guanyat en 12 ocasions. Al 2008 va obtenir per primera vegada el gran premi del Campionat de Wimbledon i m\u00e9s tard ho va tornar a fer. Acumula quatre US Opens (per primera vegada al 2010) i un Open d&#8217;Austr\u00e0lia que va aconseguir al 2009. Amb el combinat nacional (Espanya) va guanyar l&#8217;or als Jocs Ol\u00edmpics de Pequ\u00edn 2008 de forma individual i es va tornar a lluir al 2016 als Jocs de Rio de Janeiro en la categoria de dobles juntament amb Marc L\u00f3pez.<\/p>\n<p style=\"text-align: justify;\">Cal afegir que no tot han estat bones etapes en la seva exitosa carrera, ja que ha estat 878 dies lesionat (sumant totes les lesions) encara que \u00e9s considerat un dels millors tenistes i esportistes de la hist\u00f2ria.<\/p>\n<p style=\"text-align: justify;\">Personalment, a l&#8217;abril del 2018 vaig anar a Barcelona a veure la final del Premi Comte de God\u00f3 i vaig poder gaudir de la seva exhibici\u00f3 davant el grec Stefanos Tsitsipas (el va guanyar en nom\u00e9s 2 sets). Una experi\u00e8ncia totalment recomanable.<\/p>\n","protected":false},"excerpt":{"rendered":"<p>En aquest article explico la gran traject\u00f2ria del tenista Rafa Nadal. <\/p>\n","protected":false},"author":173,"featured_media":7539,"comment_status":"closed","ping_status":"closed","sticky":false,"template":"","format":"standard","meta":{"_bbp_topic_count":0,"_bbp_reply_count":0,"_bbp_total_topic_count":0,"_bbp_total_reply_count":0,"_bbp_voice_count":0,"_bbp_anonymous_reply_count":0,"_bbp_topic_count_hidden":0,"_bbp_reply_count_hidden":0,"_bbp_forum_subforum_count":0,"site-sidebar-layout":"default","site-content-layout":"","ast-site-content-layout":"","site-content-style":"default","site-sidebar-style":"default","ast-global-header-display":"","ast-banner-title-visibility":"","ast-main-header-display":"","ast-hfb-above-header-display":"","ast-hfb-below-header-display":"","ast-hfb-mobile-header-display":"","site-post-title":"","ast-breadcrumbs-content":"","ast-featured-img":"","footer-sml-layout":"","theme-transparent-header-meta":"","adv-header-id-meta":"","stick-header-meta":"","header-above-stick-meta":"","header-main-stick-meta":"","header-below-stick-meta":"","astra-migrate-meta-layouts":"default","ast-page-background-enabled":"default","ast-page-background-meta":{"desktop":{"background-color":"var(--ast-global-color-4)","background-image":"","background-repeat":"repeat","background-position":"center center","background-size":"auto","background-attachment":"scroll","background-type":"","background-media":"","overlay-type":"","overlay-color":"","overlay-opacity":"","overlay-gradient":""},"tablet":{"background-color":"","background-image":"","background-repeat":"repeat","background-position":"center center","background-size":"auto","background-attachment":"scroll","background-type":"","background-media":"","overlay-type":"","overlay-color":"","overlay-opacity":"","overlay-gradient":""},"mobile":{"background-color":"","background-image":"","background-repeat":"repeat","background-position":"center center","background-size":"auto","background-attachment":"scroll","background-type":"","background-media":"","overlay-type":"","overlay-color":"","overlay-opacity":"","overlay-gradient":""}},"ast-content-background-meta":{"desktop":{"background-color":"var(--ast-global-color-5)","background-image":"","background-repeat":"repeat","background-position":"center center","background-size":"auto","background-attachment":"scroll","background-type":"","background-media":"","overlay-type":"","overlay-color":"","overlay-opacity":"","overlay-gradient":""},"tablet":{"background-color":"var(--ast-global-color-5)","background-image":"","background-repeat":"repeat","background-position":"center center","background-size":"auto","background-attachment":"scroll","background-type":"","background-media":"","overlay-type":"","overlay-color":"","overlay-opacity":"","overlay-gradient":""},"mobile":{"background-color":"var(--ast-global-color-5)","background-image":"","background-repeat":"repeat","background-position":"center center","background-size":"auto","background-attachment":"scroll","background-type":"","background-media":"","overlay-type":"","overlay-color":"","overlay-opacity":"","overlay-gradient":""}},"footnotes":""},"categories":[264],"tags":[93],"class_list":["post-7532","post","type-post","status-publish","format-standard","has-post-thumbnail","hentry","category-el-raco-del-pedro","tag-revista-digital"],"post_mailing_queue_ids":[],"_links":{"self":[{"href":"https:\/\/agora.xtec.cat\/ieslescala\/wp-json\/wp\/v2\/posts\/7532","targetHints":{"allow":["GET"]}}],"collection":[{"href":"https:\/\/agora.xtec.cat\/ieslescala\/wp-json\/wp\/v2\/posts"}],"about":[{"href":"https:\/\/agora.xtec.cat\/ieslescala\/wp-json\/wp\/v2\/types\/post"}],"author":[{"embeddable":true,"href":"https:\/\/agora.xtec.cat\/ieslescala\/wp-json\/wp\/v2\/users\/173"}],"replies":[{"embeddable":true,"href":"https:\/\/agora.xtec.cat\/ieslescala\/wp-json\/wp\/v2\/comments?post=7532"}],"version-history":[{"count":3,"href":"https:\/\/agora.xtec.cat\/ieslescala\/wp-json\/wp\/v2\/posts\/7532\/revisions"}],"predecessor-version":[{"id":7796,"href":"https:\/\/agora.xtec.cat\/ieslescala\/wp-json\/wp\/v2\/posts\/7532\/revisions\/7796"}],"wp:featuredmedia":[{"embeddable":true,"href":"https:\/\/agora.xtec.cat\/ieslescala\/wp-json\/wp\/v2\/media\/7539"}],"wp:attachment":[{"href":"https:\/\/agora.xtec.cat\/ieslescala\/wp-json\/wp\/v2\/media?parent=7532"}],"wp:term":[{"taxonomy":"category","embeddable":true,"href":"https:\/\/agora.xtec.cat\/ieslescala\/wp-json\/wp\/v2\/categories?post=7532"},{"taxonomy":"post_tag","embeddable":true,"href":"https:\/\/agora.xtec.cat\/ieslescala\/wp-json\/wp\/v2\/tags?post=7532"}],"curies":[{"name":"wp","href":"https:\/\/api.w.org\/{rel}","templated":true}]}}