{"id":7518,"date":"2019-09-26T09:37:57","date_gmt":"2019-09-26T07:37:57","guid":{"rendered":"http:\/\/agora.xtec.cat\/ieslescala\/?p=7518"},"modified":"2020-09-19T14:18:13","modified_gmt":"2020-09-19T12:18:13","slug":"la-biblioteca-us-dona-la-benvinguda-al-curs-2019-20","status":"publish","type":"post","link":"https:\/\/agora.xtec.cat\/ieslescala\/biblioteca\/la-biblioteca-us-dona-la-benvinguda-al-curs-2019-20\/","title":{"rendered":"La biblioteca us dona la benvinguda al curs 2019-20"},"content":{"rendered":"<p style=\"text-align: justify;\">Aquest any tenim novetats a l&#8217;espai i a la normativa de la biblioteca del centre.<\/p>\n<p style=\"text-align: justify;\">S&#8217;ha fet una remodelaci\u00f3 de l&#8217;espai per tal de fer-lo m\u00e9s atractiu i pr\u00e0ctic, com podeu observar a les fotografies. <a href=\"https:\/\/agora.xtec.cat\/ieslescala\/wp-content\/uploads\/usu933\/2019\/09\/PHOTO-2019-09-26-09-22-274.jpg\"><img loading=\"lazy\" decoding=\"async\" class=\"wp-image-7661 alignright\" src=\"https:\/\/agora.xtec.cat\/ieslescala\/wp-content\/uploads\/usu933\/2019\/09\/PHOTO-2019-09-26-09-22-274-1024x768.jpg\" alt=\"\" width=\"366\" height=\"274\" srcset=\"https:\/\/agora.xtec.cat\/ieslescala\/wp-content\/uploads\/usu933\/2019\/09\/PHOTO-2019-09-26-09-22-274.jpg 1024w, https:\/\/agora.xtec.cat\/ieslescala\/wp-content\/uploads\/usu933\/2019\/09\/PHOTO-2019-09-26-09-22-274-300x225.jpg 300w, https:\/\/agora.xtec.cat\/ieslescala\/wp-content\/uploads\/usu933\/2019\/09\/PHOTO-2019-09-26-09-22-274-768x576.jpg 768w, https:\/\/agora.xtec.cat\/ieslescala\/wp-content\/uploads\/usu933\/2019\/09\/PHOTO-2019-09-26-09-22-274-200x150.jpg 200w\" sizes=\"auto, (max-width: 366px) 100vw, 366px\" \/><\/a>Ara teniu quatre ordinadors per consultar informaci\u00f3 i fer els vostres treballs. Els hem col\u00b7locat sota un r\u00e8tol que reprodueix una cita de l&#8217;escriptor Ricardo Le\u00f3n: &#8220;Els LLIBRES em van ensenyar a pensar, i el pensament em va fer LLIURE&#8221;.<\/p>\n<p style=\"text-align: justify;\">Per tal de gaudir de m\u00e9s tranquil\u00b7litat, hem limitat l&#8217;aforament a 25 persones i us hem adaptat un rac\u00f3 de lectura amb coixins.<\/p>\n<p style=\"text-align: justify;\">Us animem a venir a la biblioteca i a sumar-vos als projectes d&#8217;animaci\u00f3 lectora:<\/p>\n<ul>\n<li style=\"text-align: justify;\">CLUB DE LECTURA<\/li>\n<li style=\"text-align: justify;\">MOSTRA DE POESIA<\/li>\n<li style=\"text-align: justify;\">CIUTATS LECTORES<\/li>\n<li style=\"text-align: justify;\">CONCURS CULTURAL I LITERARI &#8220;BIBLIO(R)EVOLUCI\u00d3&#8221;<\/li>\n<\/ul>\n<p><a href=\"https:\/\/agora.xtec.cat\/ieslescala\/wp-content\/uploads\/usu933\/2019\/09\/PHOTO-2019-09-26-09-22-27.jpg\"><img loading=\"lazy\" decoding=\"async\" class=\"alignnone wp-image-7658\" src=\"https:\/\/agora.xtec.cat\/ieslescala\/wp-content\/uploads\/usu933\/2019\/09\/PHOTO-2019-09-26-09-22-27-1024x768.jpg\" alt=\"\" width=\"403\" height=\"302\" srcset=\"https:\/\/agora.xtec.cat\/ieslescala\/wp-content\/uploads\/usu933\/2019\/09\/PHOTO-2019-09-26-09-22-27.jpg 1024w, https:\/\/agora.xtec.cat\/ieslescala\/wp-content\/uploads\/usu933\/2019\/09\/PHOTO-2019-09-26-09-22-27-300x225.jpg 300w, https:\/\/agora.xtec.cat\/ieslescala\/wp-content\/uploads\/usu933\/2019\/09\/PHOTO-2019-09-26-09-22-27-768x576.jpg 768w, https:\/\/agora.xtec.cat\/ieslescala\/wp-content\/uploads\/usu933\/2019\/09\/PHOTO-2019-09-26-09-22-27-200x150.jpg 200w\" sizes=\"auto, (max-width: 403px) 100vw, 403px\" \/> <\/a><a href=\"https:\/\/agora.xtec.cat\/ieslescala\/wp-content\/uploads\/usu933\/2019\/09\/PHOTO-2019-09-26-09-22-273.jpg\"><img loading=\"lazy\" decoding=\"async\" class=\"alignnone wp-image-7662\" src=\"https:\/\/agora.xtec.cat\/ieslescala\/wp-content\/uploads\/usu933\/2019\/09\/PHOTO-2019-09-26-09-22-273-1024x768.jpg\" alt=\"\" width=\"402\" height=\"302\" srcset=\"https:\/\/agora.xtec.cat\/ieslescala\/wp-content\/uploads\/usu933\/2019\/09\/PHOTO-2019-09-26-09-22-273.jpg 1024w, https:\/\/agora.xtec.cat\/ieslescala\/wp-content\/uploads\/usu933\/2019\/09\/PHOTO-2019-09-26-09-22-273-300x225.jpg 300w, https:\/\/agora.xtec.cat\/ieslescala\/wp-content\/uploads\/usu933\/2019\/09\/PHOTO-2019-09-26-09-22-273-768x576.jpg 768w, https:\/\/agora.xtec.cat\/ieslescala\/wp-content\/uploads\/usu933\/2019\/09\/PHOTO-2019-09-26-09-22-273-200x150.jpg 200w\" sizes=\"auto, (max-width: 402px) 100vw, 402px\" \/><\/a><\/p>\n<p>Us anirem informant de totes les activitats a trav\u00e9s d&#8217;aquest blog de biblioteca.<\/p>\n<table style=\"height: 409px; width: 860px;\" width=\"372\">\n<tbody>\n<tr>\n<td style=\"width: 854px;\">1. La biblioteca \u00e9s de TOTS.<a href=\"https:\/\/agora.xtec.cat\/ieslescala\/wp-content\/uploads\/usu933\/2019\/09\/Llibres-concentracio\u0301.jpg\"><img loading=\"lazy\" decoding=\"async\" class=\"wp-image-7519 alignright\" src=\"https:\/\/agora.xtec.cat\/ieslescala\/wp-content\/uploads\/usu933\/2019\/09\/Llibres-concentracio\u0301.jpg\" alt=\"\" width=\"437\" height=\"292\" srcset=\"https:\/\/agora.xtec.cat\/ieslescala\/wp-content\/uploads\/usu933\/2019\/09\/Llibres-concentracio\u0301.jpg 604w, https:\/\/agora.xtec.cat\/ieslescala\/wp-content\/uploads\/usu933\/2019\/09\/Llibres-concentracio\u0301-300x201.jpg 300w\" sizes=\"auto, (max-width: 437px) 100vw, 437px\" \/><\/a><\/p>\n<p>2. La biblioteca \u00e9s per GAUDIR.<\/p>\n<p>3. La biblioteca \u00e9s un lloc ple de vida.<\/p>\n<p>4. La biblioteca \u00e9s un lloc per estar en SILENCI.<\/p>\n<p>5. La biblioteca \u00e9s per llegir el que VULGUEM.<\/p>\n<p>6. La biblioteca \u00e9s un lloc per CR\u00c9IXER.<\/p>\n<p>7. La biblioteca \u00e9s la teva LLAR.<\/p>\n<p>8. La biblioteca \u00e9s per SOMIAR.<\/p>\n<p>9. La biblioteca \u00e9s un lloc per entrar-hi VOLUNT\u00c0RIAMENT.<\/p>\n<p>10. La biblioteca \u00e9s un lloc per a RELAXAR-NOS.<\/td>\n<\/tr>\n<\/tbody>\n<\/table>\n<div class=\"widget-content\"><\/div>\n","protected":false},"excerpt":{"rendered":"<p>Aquest any tenim novetats a l&#8217;espai i a la normativa de la biblioteca del centre. S&#8217;ha fet una remodelaci\u00f3 de [&hellip;]<\/p>\n","protected":false},"author":40,"featured_media":7660,"comment_status":"closed","ping_status":"closed","sticky":false,"template":"","format":"standard","meta":{"_bbp_topic_count":0,"_bbp_reply_count":0,"_bbp_total_topic_count":0,"_bbp_total_reply_count":0,"_bbp_voice_count":0,"_bbp_anonymous_reply_count":0,"_bbp_topic_count_hidden":0,"_bbp_reply_count_hidden":0,"_bbp_forum_subforum_count":0,"site-sidebar-layout":"default","site-content-layout":"","ast-site-content-layout":"","site-content-style":"default","site-sidebar-style":"default","ast-global-header-display":"","ast-banner-title-visibility":"","ast-main-header-display":"","ast-hfb-above-header-display":"","ast-hfb-below-header-display":"","ast-hfb-mobile-header-display":"","site-post-title":"","ast-breadcrumbs-content":"","ast-featured-img":"","footer-sml-layout":"","theme-transparent-header-meta":"","adv-header-id-meta":"","stick-header-meta":"","header-above-stick-meta":"","header-main-stick-meta":"","header-below-stick-meta":"","astra-migrate-meta-layouts":"default","ast-page-background-enabled":"default","ast-page-background-meta":{"desktop":{"background-color":"var(--ast-global-color-4)","background-image":"","background-repeat":"repeat","background-position":"center center","background-size":"auto","background-attachment":"scroll","background-type":"","background-media":"","overlay-type":"","overlay-color":"","overlay-opacity":"","overlay-gradient":""},"tablet":{"background-color":"","background-image":"","background-repeat":"repeat","background-position":"center center","background-size":"auto","background-attachment":"scroll","background-type":"","background-media":"","overlay-type":"","overlay-color":"","overlay-opacity":"","overlay-gradient":""},"mobile":{"background-color":"","background-image":"","background-repeat":"repeat","background-position":"center center","background-size":"auto","background-attachment":"scroll","background-type":"","background-media":"","overlay-type":"","overlay-color":"","overlay-opacity":"","overlay-gradient":""}},"ast-content-background-meta":{"desktop":{"background-color":"var(--ast-global-color-5)","background-image":"","background-repeat":"repeat","background-position":"center center","background-size":"auto","background-attachment":"scroll","background-type":"","background-media":"","overlay-type":"","overlay-color":"","overlay-opacity":"","overlay-gradient":""},"tablet":{"background-color":"var(--ast-global-color-5)","background-image":"","background-repeat":"repeat","background-position":"center center","background-size":"auto","background-attachment":"scroll","background-type":"","background-media":"","overlay-type":"","overlay-color":"","overlay-opacity":"","overlay-gradient":""},"mobile":{"background-color":"var(--ast-global-color-5)","background-image":"","background-repeat":"repeat","background-position":"center center","background-size":"auto","background-attachment":"scroll","background-type":"","background-media":"","overlay-type":"","overlay-color":"","overlay-opacity":"","overlay-gradient":""}},"footnotes":""},"categories":[178,212],"tags":[206,199],"class_list":["post-7518","post","type-post","status-publish","format-standard","has-post-thumbnail","hentry","category-biblioteca","category-recursos","tag-biblioteca","tag-informacio-biblioteca"],"post_mailing_queue_ids":[],"_links":{"self":[{"href":"https:\/\/agora.xtec.cat\/ieslescala\/wp-json\/wp\/v2\/posts\/7518","targetHints":{"allow":["GET"]}}],"collection":[{"href":"https:\/\/agora.xtec.cat\/ieslescala\/wp-json\/wp\/v2\/posts"}],"about":[{"href":"https:\/\/agora.xtec.cat\/ieslescala\/wp-json\/wp\/v2\/types\/post"}],"author":[{"embeddable":true,"href":"https:\/\/agora.xtec.cat\/ieslescala\/wp-json\/wp\/v2\/users\/40"}],"replies":[{"embeddable":true,"href":"https:\/\/agora.xtec.cat\/ieslescala\/wp-json\/wp\/v2\/comments?post=7518"}],"version-history":[{"count":3,"href":"https:\/\/agora.xtec.cat\/ieslescala\/wp-json\/wp\/v2\/posts\/7518\/revisions"}],"predecessor-version":[{"id":7669,"href":"https:\/\/agora.xtec.cat\/ieslescala\/wp-json\/wp\/v2\/posts\/7518\/revisions\/7669"}],"wp:featuredmedia":[{"embeddable":true,"href":"https:\/\/agora.xtec.cat\/ieslescala\/wp-json\/wp\/v2\/media\/7660"}],"wp:attachment":[{"href":"https:\/\/agora.xtec.cat\/ieslescala\/wp-json\/wp\/v2\/media?parent=7518"}],"wp:term":[{"taxonomy":"category","embeddable":true,"href":"https:\/\/agora.xtec.cat\/ieslescala\/wp-json\/wp\/v2\/categories?post=7518"},{"taxonomy":"post_tag","embeddable":true,"href":"https:\/\/agora.xtec.cat\/ieslescala\/wp-json\/wp\/v2\/tags?post=7518"}],"curies":[{"name":"wp","href":"https:\/\/api.w.org\/{rel}","templated":true}]}}