{"id":7271,"date":"2019-05-18T10:48:03","date_gmt":"2019-05-18T08:48:03","guid":{"rendered":"http:\/\/agora.xtec.cat\/ieslescala\/?p=7271"},"modified":"2020-09-19T14:16:16","modified_gmt":"2020-09-19T12:16:16","slug":"mostra-de-poesia-de-secundaria-de-les-comarques-gironines","status":"publish","type":"post","link":"https:\/\/agora.xtec.cat\/ieslescala\/general\/mostra-de-poesia-de-secundaria-de-les-comarques-gironines\/","title":{"rendered":"Mostra de poesia de secund\u00e0ria de les comarques gironines"},"content":{"rendered":"<p style=\"text-align: justify;\"><span style=\"font-family: inherit; font-size: 1em;\">El divendres 10 de maig, 15 alumnes del nostre institut van participar per tercer any consecutiu a la Mostra de poesia a secund\u00e0ria de les comarques gironines, que va tenir lloc al centre cultural La Cate de Figueres.<\/span><\/p>\n<p style=\"text-align: justify;\">L&#8217;activitat est\u00e0 organitzada per un grup de docents de les comarques gironines, que volen fer viure la poesia a l\u2019alumnat, amb la col\u00b7laboraci\u00f3 de l\u2019Ajuntament de Figueres i el Servei Educatiu de l\u2019Alt Empord\u00e0. Enguany han participat onze centres de secund\u00e0ria i s&#8217;han presentat uns espectacles molt acurats i amb molta qualitat. Podeu comprovar-ho en aquest v\u00eddeo resum, en el qual nosaltres actuem en tercer lloc.\u00a0 \u00a0 <a href=\"https:\/\/agora.xtec.cat\/ieslescala\/wp-content\/uploads\/usu933\/2019\/05\/Direm-nosaltres.jpeg\"><img loading=\"lazy\" decoding=\"async\" class=\"wp-image-7305 alignright\" src=\"https:\/\/agora.xtec.cat\/ieslescala\/wp-content\/uploads\/usu933\/2019\/05\/Direm-nosaltres.jpeg\" alt=\"\" width=\"204\" height=\"321\" \/><\/a><\/p>\n<p style=\"text-align: justify;\"><iframe loading=\"lazy\" src=\"https:\/\/www.youtube.com\/embed\/o6sZgm3vvvc\" width=\"560\" height=\"315\" frameborder=\"0\" allowfullscreen=\"allowfullscreen\"><\/iframe><\/p>\n<p style=\"text-align: justify;\">Els poemes que v\u00e0rem recitar nosaltres s\u00f3n de Roc Casagran i formen part del seu llibre &#8220;Direm nosaltres&#8221;. Aquests textos <span style=\"font-weight: 400;\">s\u2019inspiren a la vida quotidiana i la converteixen en paraula po\u00e8tica. La viv\u00e8ncia de l\u2019experi\u00e8ncia amorosa i la pertinen\u00e7a a un ens col\u00b7lectiu amaren uns poemes de gran dinamisme presidits pel goig de viure, l\u2019estimaci\u00f3 i la lluita compartida.\u00a0<\/span><br \/>\n<img loading=\"lazy\" decoding=\"async\" class=\"size-full wp-image-7302 alignright\" src=\"https:\/\/agora.xtec.cat\/ieslescala\/wp-content\/uploads\/usu933\/2019\/05\/IMG_3233.jpeg\" alt=\"\" width=\"480\" height=\"640\" srcset=\"https:\/\/agora.xtec.cat\/ieslescala\/wp-content\/uploads\/usu933\/2019\/05\/IMG_3233.jpeg 480w, https:\/\/agora.xtec.cat\/ieslescala\/wp-content\/uploads\/usu933\/2019\/05\/IMG_3233-225x300.jpeg 225w\" sizes=\"auto, (max-width: 480px) 100vw, 480px\" \/><img loading=\"lazy\" decoding=\"async\" class=\"wp-image-7301 alignleft\" src=\"https:\/\/agora.xtec.cat\/ieslescala\/wp-content\/uploads\/usu933\/2019\/05\/IMG_3223.jpg\" alt=\"\" width=\"503\" height=\"377\" srcset=\"https:\/\/agora.xtec.cat\/ieslescala\/wp-content\/uploads\/usu933\/2019\/05\/IMG_3223.jpg 640w, https:\/\/agora.xtec.cat\/ieslescala\/wp-content\/uploads\/usu933\/2019\/05\/IMG_3223-300x225.jpg 300w, https:\/\/agora.xtec.cat\/ieslescala\/wp-content\/uploads\/usu933\/2019\/05\/IMG_3223-200x150.jpg 200w\" sizes=\"auto, (max-width: 503px) 100vw, 503px\" \/><\/p>\n<p>&nbsp;<\/p>\n<p>&nbsp;<\/p>\n<p>&nbsp;<\/p>\n<p>&nbsp;<\/p>\n<p>&nbsp;<\/p>\n<p>&nbsp;<\/p>\n<p>&nbsp;<\/p>\n<p>&nbsp;<\/p>\n<p>&nbsp;<\/p>\n<p style=\"text-align: justify;\">Els alumnes participants del nostre centre\u00a0 s\u00f3n: M\u00edriam Cano (1r ESO) Nona Roma, Alexis de Sancha (2n ESO), Mart\u00ed Dolz, Thoraya Mallouk, Chayma Rahim (3r ESO), Pol Berenguer, Marwa Ezzaki, Josep Farr\u00e9s, Paula Isern, Romaysa el Ouahabi, Aleix Leone, Pau Masmart\u00ed, Estel Pons i Marina Torrent (4t ESO). Les professores que han preparat l&#8217;activitat s\u00f3n la Gemma Segura i la Margarita Vidal.<\/p>\n<p style=\"text-align: justify;\">La mostra s&#8217;ha completat amb la intervenci\u00f3 del poeta Jaume Bosquet, que tamb\u00e9 \u00e9s professor de llengua i literatura catalana a l&#8217;institut La Garrotxa d&#8217;Olot.<\/p>\n<p style=\"text-align: justify;\">Us animem a llegir i gaudir de la poesia i si us agrada recitar-la, apunteu-vos el curs vinent a la nova edici\u00f3 de la Mostra!<\/p>\n<p style=\"text-align: justify;\"><a href=\"https:\/\/agora.xtec.cat\/ieslescala\/wp-content\/uploads\/usu933\/2019\/05\/Captura.png\"><img loading=\"lazy\" decoding=\"async\" class=\"wp-image-7273 alignright\" src=\"https:\/\/agora.xtec.cat\/ieslescala\/wp-content\/uploads\/usu933\/2019\/05\/Captura.png\" alt=\"\" width=\"406\" height=\"575\" srcset=\"https:\/\/agora.xtec.cat\/ieslescala\/wp-content\/uploads\/usu933\/2019\/05\/Captura.png 396w, https:\/\/agora.xtec.cat\/ieslescala\/wp-content\/uploads\/usu933\/2019\/05\/Captura-212x300.png 212w\" sizes=\"auto, (max-width: 406px) 100vw, 406px\" \/><\/a><\/p>\n<p><a href=\"https:\/\/agora.xtec.cat\/ieslescala\/wp-content\/uploads\/usu933\/2019\/05\/IMG_3229.jpg\"><img loading=\"lazy\" decoding=\"async\" class=\" wp-image-7304 alignleft\" src=\"https:\/\/agora.xtec.cat\/ieslescala\/wp-content\/uploads\/usu933\/2019\/05\/IMG_3229.jpg\" alt=\"\" width=\"505\" height=\"379\" srcset=\"https:\/\/agora.xtec.cat\/ieslescala\/wp-content\/uploads\/usu933\/2019\/05\/IMG_3229.jpg 640w, https:\/\/agora.xtec.cat\/ieslescala\/wp-content\/uploads\/usu933\/2019\/05\/IMG_3229-300x225.jpg 300w, https:\/\/agora.xtec.cat\/ieslescala\/wp-content\/uploads\/usu933\/2019\/05\/IMG_3229-200x150.jpg 200w\" sizes=\"auto, (max-width: 505px) 100vw, 505px\" \/><\/a><\/p>\n","protected":false},"excerpt":{"rendered":"<p>El divendres 10 de maig, 15 alumnes del nostre institut van participar per tercer any consecutiu a la Mostra de [&hellip;]<\/p>\n","protected":false},"author":40,"featured_media":7302,"comment_status":"closed","ping_status":"closed","sticky":false,"template":"","format":"standard","meta":{"_bbp_topic_count":0,"_bbp_reply_count":0,"_bbp_total_topic_count":0,"_bbp_total_reply_count":0,"_bbp_voice_count":0,"_bbp_anonymous_reply_count":0,"_bbp_topic_count_hidden":0,"_bbp_reply_count_hidden":0,"_bbp_forum_subforum_count":0,"site-sidebar-layout":"default","site-content-layout":"","ast-site-content-layout":"","site-content-style":"default","site-sidebar-style":"default","ast-global-header-display":"","ast-banner-title-visibility":"","ast-main-header-display":"","ast-hfb-above-header-display":"","ast-hfb-below-header-display":"","ast-hfb-mobile-header-display":"","site-post-title":"","ast-breadcrumbs-content":"","ast-featured-img":"","footer-sml-layout":"","theme-transparent-header-meta":"","adv-header-id-meta":"","stick-header-meta":"","header-above-stick-meta":"","header-main-stick-meta":"","header-below-stick-meta":"","astra-migrate-meta-layouts":"default","ast-page-background-enabled":"default","ast-page-background-meta":{"desktop":{"background-color":"var(--ast-global-color-4)","background-image":"","background-repeat":"repeat","background-position":"center center","background-size":"auto","background-attachment":"scroll","background-type":"","background-media":"","overlay-type":"","overlay-color":"","overlay-opacity":"","overlay-gradient":""},"tablet":{"background-color":"","background-image":"","background-repeat":"repeat","background-position":"center center","background-size":"auto","background-attachment":"scroll","background-type":"","background-media":"","overlay-type":"","overlay-color":"","overlay-opacity":"","overlay-gradient":""},"mobile":{"background-color":"","background-image":"","background-repeat":"repeat","background-position":"center center","background-size":"auto","background-attachment":"scroll","background-type":"","background-media":"","overlay-type":"","overlay-color":"","overlay-opacity":"","overlay-gradient":""}},"ast-content-background-meta":{"desktop":{"background-color":"var(--ast-global-color-5)","background-image":"","background-repeat":"repeat","background-position":"center center","background-size":"auto","background-attachment":"scroll","background-type":"","background-media":"","overlay-type":"","overlay-color":"","overlay-opacity":"","overlay-gradient":""},"tablet":{"background-color":"var(--ast-global-color-5)","background-image":"","background-repeat":"repeat","background-position":"center center","background-size":"auto","background-attachment":"scroll","background-type":"","background-media":"","overlay-type":"","overlay-color":"","overlay-opacity":"","overlay-gradient":""},"mobile":{"background-color":"var(--ast-global-color-5)","background-image":"","background-repeat":"repeat","background-position":"center center","background-size":"auto","background-attachment":"scroll","background-type":"","background-media":"","overlay-type":"","overlay-color":"","overlay-opacity":"","overlay-gradient":""}},"footnotes":""},"categories":[218,178,1],"tags":[179,208],"class_list":["post-7271","post","type-post","status-publish","format-standard","has-post-thumbnail","hentry","category-actes-culturals","category-biblioteca","category-general","tag-activitats-biblioteca","tag-poesia"],"post_mailing_queue_ids":[],"_links":{"self":[{"href":"https:\/\/agora.xtec.cat\/ieslescala\/wp-json\/wp\/v2\/posts\/7271","targetHints":{"allow":["GET"]}}],"collection":[{"href":"https:\/\/agora.xtec.cat\/ieslescala\/wp-json\/wp\/v2\/posts"}],"about":[{"href":"https:\/\/agora.xtec.cat\/ieslescala\/wp-json\/wp\/v2\/types\/post"}],"author":[{"embeddable":true,"href":"https:\/\/agora.xtec.cat\/ieslescala\/wp-json\/wp\/v2\/users\/40"}],"replies":[{"embeddable":true,"href":"https:\/\/agora.xtec.cat\/ieslescala\/wp-json\/wp\/v2\/comments?post=7271"}],"version-history":[{"count":4,"href":"https:\/\/agora.xtec.cat\/ieslescala\/wp-json\/wp\/v2\/posts\/7271\/revisions"}],"predecessor-version":[{"id":7313,"href":"https:\/\/agora.xtec.cat\/ieslescala\/wp-json\/wp\/v2\/posts\/7271\/revisions\/7313"}],"wp:featuredmedia":[{"embeddable":true,"href":"https:\/\/agora.xtec.cat\/ieslescala\/wp-json\/wp\/v2\/media\/7302"}],"wp:attachment":[{"href":"https:\/\/agora.xtec.cat\/ieslescala\/wp-json\/wp\/v2\/media?parent=7271"}],"wp:term":[{"taxonomy":"category","embeddable":true,"href":"https:\/\/agora.xtec.cat\/ieslescala\/wp-json\/wp\/v2\/categories?post=7271"},{"taxonomy":"post_tag","embeddable":true,"href":"https:\/\/agora.xtec.cat\/ieslescala\/wp-json\/wp\/v2\/tags?post=7271"}],"curies":[{"name":"wp","href":"https:\/\/api.w.org\/{rel}","templated":true}]}}