{"id":7043,"date":"2019-03-27T23:23:04","date_gmt":"2019-03-27T22:23:04","guid":{"rendered":"http:\/\/agora.xtec.cat\/ieslescala\/?p=7043"},"modified":"2020-09-19T13:50:24","modified_gmt":"2020-09-19T11:50:24","slug":"dia-mundial-de-la-poesia-3","status":"publish","type":"post","link":"https:\/\/agora.xtec.cat\/ieslescala\/general\/dia-mundial-de-la-poesia-3\/","title":{"rendered":"DIA MUNDIAL DE LA POESIA"},"content":{"rendered":"<div>\n<p align=\"justify\"><span style=\"font-family: 'Times New Roman', serif;\"><span style=\"font-size: medium;\"><b>DIA MUNDIAL DE LA POESIA<\/b><\/span><\/span><\/p>\n<p align=\"justify\"><b>Poesia i m\u00fasica van de la m\u00e0&#8230;I \u00e9s que les paraules expressades des del ritme intern evoquen sensacions i sentiments en qui les llegeix, estats de consci\u00e8ncia alterats, inspiracions i vida que desperten de la pr\u00f2pia sonoritat de l&#8217;escrit. \u00c9s per aquest motiu que anualment celebrem el Dia Mundial De La Poesia a la Biblioteca del nostre institut.\u00a0<\/b><\/p>\n<p align=\"justify\"><b>Seguint la tradici\u00f3 d&#8217;anys anteriors, tant els alumnes com els professors presents vam poder gaudir d&#8217;escoltar i\/o llegir un poema en diferents idiomes. En aquesta ocasi\u00f3, el poema triat va ser de l&#8217;autora Rosa Fabregat i va ser recitat en catal\u00e0, castell\u00e0, itali\u00e0, angl\u00e8s, franc\u00e8s, rus, \u00e0rab, grec i alemany. Cadascun dels idiomes va enriquir el poema, tot mostrant matisos i aspectes nous en cada ocasi\u00f3.<\/b><\/p>\n<p align=\"justify\"><b>Des de l&#8217;Institut animem a tothom a endinsar-se en el m\u00f3n de la poesia i a llegir, experimentar, descobrir, gaudir i plasmar la musicalitat que neix des del m\u00e9s profund de l&#8217;\u00e9sser, del llenguatge interior i r\u00edtmic \u00fanic de cada individu. Com va dir l&#8217;escriptor indi Rabindranath Tagore, &#8220;La poesia \u00e9s l&#8217;eco de la melodia de l&#8217;univers en el cor dels humans&#8221;.<\/b><\/p>\n<p><b>\u00a0<\/b><\/p>\n<\/div>\n<div><\/div>\n<div><a href=\"https:\/\/agora.xtec.cat\/ieslescala\/wp-content\/uploads\/usu933\/2019\/03\/IMG-20190321-WA0007.jpg\"><img loading=\"lazy\" decoding=\"async\" class=\"wp-image-7050 aligncenter\" src=\"https:\/\/agora.xtec.cat\/ieslescala\/wp-content\/uploads\/usu933\/2019\/03\/IMG-20190321-WA0007-300x169.jpg\" alt=\"\" width=\"338\" height=\"191\" srcset=\"https:\/\/agora.xtec.cat\/ieslescala\/wp-content\/uploads\/usu933\/2019\/03\/IMG-20190321-WA0007-300x169.jpg 300w, https:\/\/agora.xtec.cat\/ieslescala\/wp-content\/uploads\/usu933\/2019\/03\/IMG-20190321-WA0007-768x432.jpg 768w, https:\/\/agora.xtec.cat\/ieslescala\/wp-content\/uploads\/usu933\/2019\/03\/IMG-20190321-WA0007-1024x576.jpg 1024w, https:\/\/agora.xtec.cat\/ieslescala\/wp-content\/uploads\/usu933\/2019\/03\/IMG-20190321-WA0007.jpg 1600w\" sizes=\"auto, (max-width: 338px) 100vw, 338px\" \/><\/a><\/div>\n<div><\/div>\n<div><a href=\"https:\/\/agora.xtec.cat\/ieslescala\/wp-content\/uploads\/usu933\/2019\/03\/IMG-20190321-WA0015.jpg\"><br \/>\n<img loading=\"lazy\" decoding=\"async\" class=\"wp-image-7058 aligncenter\" src=\"https:\/\/agora.xtec.cat\/ieslescala\/wp-content\/uploads\/usu933\/2019\/03\/IMG-20190321-WA0015-300x169.jpg\" alt=\"\" width=\"339\" height=\"191\" srcset=\"https:\/\/agora.xtec.cat\/ieslescala\/wp-content\/uploads\/usu933\/2019\/03\/IMG-20190321-WA0015-300x169.jpg 300w, https:\/\/agora.xtec.cat\/ieslescala\/wp-content\/uploads\/usu933\/2019\/03\/IMG-20190321-WA0015-768x432.jpg 768w, https:\/\/agora.xtec.cat\/ieslescala\/wp-content\/uploads\/usu933\/2019\/03\/IMG-20190321-WA0015-1024x576.jpg 1024w, https:\/\/agora.xtec.cat\/ieslescala\/wp-content\/uploads\/usu933\/2019\/03\/IMG-20190321-WA0015.jpg 1600w\" sizes=\"auto, (max-width: 339px) 100vw, 339px\" \/><\/a><\/div>\n<div><\/div>\n<div style=\"text-align: center;\">&#8212;<\/div>\n<div><\/div>\n<div><\/div>\n<div><\/div>\n<div><\/div>\n<div><a href=\"https:\/\/agora.xtec.cat\/ieslescala\/wp-content\/uploads\/usu933\/2019\/03\/IMG-20190321-WA0014.jpg\"><img loading=\"lazy\" decoding=\"async\" class=\"wp-image-7057 aligncenter\" src=\"https:\/\/agora.xtec.cat\/ieslescala\/wp-content\/uploads\/usu933\/2019\/03\/IMG-20190321-WA0014-300x169.jpg\" alt=\"\" width=\"352\" height=\"198\" srcset=\"https:\/\/agora.xtec.cat\/ieslescala\/wp-content\/uploads\/usu933\/2019\/03\/IMG-20190321-WA0014-300x169.jpg 300w, https:\/\/agora.xtec.cat\/ieslescala\/wp-content\/uploads\/usu933\/2019\/03\/IMG-20190321-WA0014-768x432.jpg 768w, https:\/\/agora.xtec.cat\/ieslescala\/wp-content\/uploads\/usu933\/2019\/03\/IMG-20190321-WA0014-1024x576.jpg 1024w, https:\/\/agora.xtec.cat\/ieslescala\/wp-content\/uploads\/usu933\/2019\/03\/IMG-20190321-WA0014.jpg 1600w\" sizes=\"auto, (max-width: 352px) 100vw, 352px\" \/><\/a><\/div>\n<div><\/div>\n<div><\/div>\n<div style=\"text-align: center;\"><\/div>\n<div style=\"text-align: center;\">&#8212;<\/div>\n<div><\/div>\n<div><\/div>\n<div><\/div>\n<div><\/div>\n<div><a href=\"https:\/\/agora.xtec.cat\/ieslescala\/wp-content\/uploads\/usu933\/2019\/03\/IMG-20190321-WA0011.jpg\"><img loading=\"lazy\" decoding=\"async\" class=\"wp-image-7054 aligncenter\" src=\"https:\/\/agora.xtec.cat\/ieslescala\/wp-content\/uploads\/usu933\/2019\/03\/IMG-20190321-WA0011-300x169.jpg\" alt=\"\" width=\"350\" height=\"197\" srcset=\"https:\/\/agora.xtec.cat\/ieslescala\/wp-content\/uploads\/usu933\/2019\/03\/IMG-20190321-WA0011-300x169.jpg 300w, https:\/\/agora.xtec.cat\/ieslescala\/wp-content\/uploads\/usu933\/2019\/03\/IMG-20190321-WA0011-768x432.jpg 768w, https:\/\/agora.xtec.cat\/ieslescala\/wp-content\/uploads\/usu933\/2019\/03\/IMG-20190321-WA0011-1024x576.jpg 1024w, https:\/\/agora.xtec.cat\/ieslescala\/wp-content\/uploads\/usu933\/2019\/03\/IMG-20190321-WA0011.jpg 1600w\" sizes=\"auto, (max-width: 350px) 100vw, 350px\" \/><\/a><\/div>\n<div><\/div>\n<div><\/div>\n<div style=\"text-align: center;\">&#8212;<\/div>\n<div style=\"text-align: center;\"><\/div>\n<div><\/div>\n<div><a href=\"https:\/\/agora.xtec.cat\/ieslescala\/wp-content\/uploads\/usu933\/2019\/03\/IMG-20190321-WA0013.jpg\">\u00a0 \u00a0 \u00a0 \u00a0 \u00a0 \u00a0 \u00a0 \u00a0 \u00a0 \u00a0 \u00a0 \u00a0 \u00a0 \u00a0 \u00a0 \u00a0 \u00a0 \u00a0 \u00a0 \u00a0 \u00a0 \u00a0 \u00a0 \u00a0 \u00a0 \u00a0 \u00a0<img loading=\"lazy\" decoding=\"async\" class=\"wp-image-7056 aligncenter\" src=\"https:\/\/agora.xtec.cat\/ieslescala\/wp-content\/uploads\/usu933\/2019\/03\/IMG-20190321-WA0013-300x169.jpg\" alt=\"\" width=\"359\" height=\"202\" srcset=\"https:\/\/agora.xtec.cat\/ieslescala\/wp-content\/uploads\/usu933\/2019\/03\/IMG-20190321-WA0013-300x169.jpg 300w, https:\/\/agora.xtec.cat\/ieslescala\/wp-content\/uploads\/usu933\/2019\/03\/IMG-20190321-WA0013-768x432.jpg 768w, https:\/\/agora.xtec.cat\/ieslescala\/wp-content\/uploads\/usu933\/2019\/03\/IMG-20190321-WA0013-1024x576.jpg 1024w, https:\/\/agora.xtec.cat\/ieslescala\/wp-content\/uploads\/usu933\/2019\/03\/IMG-20190321-WA0013.jpg 1600w\" sizes=\"auto, (max-width: 359px) 100vw, 359px\" \/><\/a><\/div>\n<div><\/div>\n<div style=\"text-align: center;\"><\/div>\n<div style=\"text-align: center;\">&#8212;<\/div>\n<div style=\"text-align: center;\"><\/div>\n<div><\/div>\n<div><\/div>\n<div><\/div>\n<div><\/div>\n<div><\/div>\n<div><\/div>\n<div><a href=\"https:\/\/agora.xtec.cat\/ieslescala\/wp-content\/uploads\/usu933\/2019\/03\/IMG-20190321-WA0008-1.jpg\"><img loading=\"lazy\" decoding=\"async\" class=\" wp-image-7051 aligncenter\" src=\"https:\/\/agora.xtec.cat\/ieslescala\/wp-content\/uploads\/usu933\/2019\/03\/IMG-20190321-WA0008-1-300x141.jpg\" alt=\"\" width=\"437\" height=\"205\" srcset=\"https:\/\/agora.xtec.cat\/ieslescala\/wp-content\/uploads\/usu933\/2019\/03\/IMG-20190321-WA0008-1-300x141.jpg 300w, https:\/\/agora.xtec.cat\/ieslescala\/wp-content\/uploads\/usu933\/2019\/03\/IMG-20190321-WA0008-1-768x362.jpg 768w, https:\/\/agora.xtec.cat\/ieslescala\/wp-content\/uploads\/usu933\/2019\/03\/IMG-20190321-WA0008-1-1024x483.jpg 1024w, https:\/\/agora.xtec.cat\/ieslescala\/wp-content\/uploads\/usu933\/2019\/03\/IMG-20190321-WA0008-1.jpg 1600w\" sizes=\"auto, (max-width: 437px) 100vw, 437px\" \/><\/a><\/div>\n<div>\n<p align=\"justify\"><span style=\"font-family: 'Times New Roman', serif;\"><span style=\"font-size: medium;\"><b>Text: <i>Esther Fuente<\/i><\/b><\/span><\/span><\/p>\n<p align=\"justify\"><span style=\"font-family: 'Times New Roman', serif;\"><b>Fotos: <i>Manel Gallart<\/i><\/b><\/span><\/p>\n<\/div>\n<div><\/div>\n<div><\/div>\n<div><\/div>\n<div><\/div>\n<div><\/div>\n<div><\/div>\n","protected":false},"excerpt":{"rendered":"<p>El passat dijous 21 de mar\u00e7, commemorarem a la biblioteca el dia mundial de la poesia. <\/p>\n","protected":false},"author":134,"featured_media":7051,"comment_status":"closed","ping_status":"closed","sticky":false,"template":"","format":"standard","meta":{"_bbp_topic_count":0,"_bbp_reply_count":0,"_bbp_total_topic_count":0,"_bbp_total_reply_count":0,"_bbp_voice_count":0,"_bbp_anonymous_reply_count":0,"_bbp_topic_count_hidden":0,"_bbp_reply_count_hidden":0,"_bbp_forum_subforum_count":0,"site-sidebar-layout":"default","site-content-layout":"","ast-site-content-layout":"","site-content-style":"default","site-sidebar-style":"default","ast-global-header-display":"","ast-banner-title-visibility":"","ast-main-header-display":"","ast-hfb-above-header-display":"","ast-hfb-below-header-display":"","ast-hfb-mobile-header-display":"","site-post-title":"","ast-breadcrumbs-content":"","ast-featured-img":"","footer-sml-layout":"","theme-transparent-header-meta":"","adv-header-id-meta":"","stick-header-meta":"","header-above-stick-meta":"","header-main-stick-meta":"","header-below-stick-meta":"","astra-migrate-meta-layouts":"default","ast-page-background-enabled":"default","ast-page-background-meta":{"desktop":{"background-color":"var(--ast-global-color-4)","background-image":"","background-repeat":"repeat","background-position":"center center","background-size":"auto","background-attachment":"scroll","background-type":"","background-media":"","overlay-type":"","overlay-color":"","overlay-opacity":"","overlay-gradient":""},"tablet":{"background-color":"","background-image":"","background-repeat":"repeat","background-position":"center center","background-size":"auto","background-attachment":"scroll","background-type":"","background-media":"","overlay-type":"","overlay-color":"","overlay-opacity":"","overlay-gradient":""},"mobile":{"background-color":"","background-image":"","background-repeat":"repeat","background-position":"center center","background-size":"auto","background-attachment":"scroll","background-type":"","background-media":"","overlay-type":"","overlay-color":"","overlay-opacity":"","overlay-gradient":""}},"ast-content-background-meta":{"desktop":{"background-color":"var(--ast-global-color-5)","background-image":"","background-repeat":"repeat","background-position":"center center","background-size":"auto","background-attachment":"scroll","background-type":"","background-media":"","overlay-type":"","overlay-color":"","overlay-opacity":"","overlay-gradient":""},"tablet":{"background-color":"var(--ast-global-color-5)","background-image":"","background-repeat":"repeat","background-position":"center center","background-size":"auto","background-attachment":"scroll","background-type":"","background-media":"","overlay-type":"","overlay-color":"","overlay-opacity":"","overlay-gradient":""},"mobile":{"background-color":"var(--ast-global-color-5)","background-image":"","background-repeat":"repeat","background-position":"center center","background-size":"auto","background-attachment":"scroll","background-type":"","background-media":"","overlay-type":"","overlay-color":"","overlay-opacity":"","overlay-gradient":""}},"footnotes":""},"categories":[178,217,1,83],"tags":[179,224,208],"class_list":["post-7043","post","type-post","status-publish","format-standard","has-post-thumbnail","hentry","category-biblioteca","category-commemoracions","category-general","category-projectes","tag-activitats-biblioteca","tag-habit-lector","tag-poesia"],"post_mailing_queue_ids":[],"_links":{"self":[{"href":"https:\/\/agora.xtec.cat\/ieslescala\/wp-json\/wp\/v2\/posts\/7043","targetHints":{"allow":["GET"]}}],"collection":[{"href":"https:\/\/agora.xtec.cat\/ieslescala\/wp-json\/wp\/v2\/posts"}],"about":[{"href":"https:\/\/agora.xtec.cat\/ieslescala\/wp-json\/wp\/v2\/types\/post"}],"author":[{"embeddable":true,"href":"https:\/\/agora.xtec.cat\/ieslescala\/wp-json\/wp\/v2\/users\/134"}],"replies":[{"embeddable":true,"href":"https:\/\/agora.xtec.cat\/ieslescala\/wp-json\/wp\/v2\/comments?post=7043"}],"version-history":[{"count":3,"href":"https:\/\/agora.xtec.cat\/ieslescala\/wp-json\/wp\/v2\/posts\/7043\/revisions"}],"predecessor-version":[{"id":7097,"href":"https:\/\/agora.xtec.cat\/ieslescala\/wp-json\/wp\/v2\/posts\/7043\/revisions\/7097"}],"wp:featuredmedia":[{"embeddable":true,"href":"https:\/\/agora.xtec.cat\/ieslescala\/wp-json\/wp\/v2\/media\/7051"}],"wp:attachment":[{"href":"https:\/\/agora.xtec.cat\/ieslescala\/wp-json\/wp\/v2\/media?parent=7043"}],"wp:term":[{"taxonomy":"category","embeddable":true,"href":"https:\/\/agora.xtec.cat\/ieslescala\/wp-json\/wp\/v2\/categories?post=7043"},{"taxonomy":"post_tag","embeddable":true,"href":"https:\/\/agora.xtec.cat\/ieslescala\/wp-json\/wp\/v2\/tags?post=7043"}],"curies":[{"name":"wp","href":"https:\/\/api.w.org\/{rel}","templated":true}]}}