{"id":6552,"date":"2019-01-23T10:04:25","date_gmt":"2019-01-23T09:04:25","guid":{"rendered":"http:\/\/agora.xtec.cat\/ieslescala\/?p=6552"},"modified":"2020-09-19T14:15:01","modified_gmt":"2020-09-19T12:15:01","slug":"al-febrer-participem-a-lescala-vila-del-llibre-2019","status":"publish","type":"post","link":"https:\/\/agora.xtec.cat\/ieslescala\/biblioteca\/al-febrer-participem-a-lescala-vila-del-llibre-2019\/","title":{"rendered":"Al febrer, no us perdeu la 1\u00aa edici\u00f3 de &#8220;l&#8217;Escala, Vila del Llibre&#8221;!"},"content":{"rendered":"<p style=\"text-align: justify;\"><img loading=\"lazy\" decoding=\"async\" class=\"wp-image-6554 alignright\" src=\"https:\/\/agora.xtec.cat\/ieslescala\/wp-content\/uploads\/usu933\/2019\/01\/Captura-de-2019-01-23-09-50-30.png\" alt=\"\" width=\"318\" height=\"455\" srcset=\"https:\/\/agora.xtec.cat\/ieslescala\/wp-content\/uploads\/usu933\/2019\/01\/Captura-de-2019-01-23-09-50-30.png 564w, https:\/\/agora.xtec.cat\/ieslescala\/wp-content\/uploads\/usu933\/2019\/01\/Captura-de-2019-01-23-09-50-30-210x300.png 210w\" sizes=\"auto, (max-width: 318px) 100vw, 318px\" \/>Aviat el nostre municipi ser\u00e0 Vila del llibre 2019; concretament la 1a edici\u00f3 d&#8217;aquest interessant esdeveniment tindr\u00e0 lloc entre divendres 22 i diumenge 24 de febrer.<\/p>\n<p style=\"text-align: justify;\">Les activitats de divendres 22 s\u00f3n destinades als escolars de l&#8217;Escala i l&#8217;INS El Pedr\u00f3 participa en la seva l&#8217;organitzaci\u00f3 i desenvolupament.<\/p>\n<p style=\"text-align: justify;\">Les del cap de setmana van dirigides al p\u00fablic en general i de moment, ja hi ha alguns autors i editorials que han confirmat la seva assist\u00e8ncia. L&#8217;equip de gesti\u00f3 les est\u00e0 acabant de dissenyar, per\u00f2 us podem assegurar que seran molt interessants i destinades a tots els p\u00fablics.<\/p>\n<p style=\"text-align: justify;\">Podeu veure la programaci\u00f3 a l&#8217;enlla\u00e7 seg\u00fcent:<\/p>\n<p style=\"text-align: justify;\"><a href=\"http:\/\/www.viladelllibre.cat\/lescala\/\">http:\/\/www.viladelllibre.cat\/lescala\/<\/a><\/p>\n","protected":false},"excerpt":{"rendered":"<p>Aviat el nostre municipi ser\u00e0 Vila del llibre 2019; concretament la 1a edici\u00f3 d&#8217;aquest interessant esdeveniment tindr\u00e0 lloc entre divendres [&hellip;]<\/p>\n","protected":false},"author":40,"featured_media":6553,"comment_status":"closed","ping_status":"closed","sticky":false,"template":"","format":"standard","meta":{"_bbp_topic_count":0,"_bbp_reply_count":0,"_bbp_total_topic_count":0,"_bbp_total_reply_count":0,"_bbp_voice_count":0,"_bbp_anonymous_reply_count":0,"_bbp_topic_count_hidden":0,"_bbp_reply_count_hidden":0,"_bbp_forum_subforum_count":0,"site-sidebar-layout":"default","site-content-layout":"","ast-site-content-layout":"","site-content-style":"default","site-sidebar-style":"default","ast-global-header-display":"","ast-banner-title-visibility":"","ast-main-header-display":"","ast-hfb-above-header-display":"","ast-hfb-below-header-display":"","ast-hfb-mobile-header-display":"","site-post-title":"","ast-breadcrumbs-content":"","ast-featured-img":"","footer-sml-layout":"","theme-transparent-header-meta":"","adv-header-id-meta":"","stick-header-meta":"","header-above-stick-meta":"","header-main-stick-meta":"","header-below-stick-meta":"","astra-migrate-meta-layouts":"default","ast-page-background-enabled":"default","ast-page-background-meta":{"desktop":{"background-color":"var(--ast-global-color-4)","background-image":"","background-repeat":"repeat","background-position":"center center","background-size":"auto","background-attachment":"scroll","background-type":"","background-media":"","overlay-type":"","overlay-color":"","overlay-opacity":"","overlay-gradient":""},"tablet":{"background-color":"","background-image":"","background-repeat":"repeat","background-position":"center center","background-size":"auto","background-attachment":"scroll","background-type":"","background-media":"","overlay-type":"","overlay-color":"","overlay-opacity":"","overlay-gradient":""},"mobile":{"background-color":"","background-image":"","background-repeat":"repeat","background-position":"center center","background-size":"auto","background-attachment":"scroll","background-type":"","background-media":"","overlay-type":"","overlay-color":"","overlay-opacity":"","overlay-gradient":""}},"ast-content-background-meta":{"desktop":{"background-color":"var(--ast-global-color-5)","background-image":"","background-repeat":"repeat","background-position":"center center","background-size":"auto","background-attachment":"scroll","background-type":"","background-media":"","overlay-type":"","overlay-color":"","overlay-opacity":"","overlay-gradient":""},"tablet":{"background-color":"var(--ast-global-color-5)","background-image":"","background-repeat":"repeat","background-position":"center center","background-size":"auto","background-attachment":"scroll","background-type":"","background-media":"","overlay-type":"","overlay-color":"","overlay-opacity":"","overlay-gradient":""},"mobile":{"background-color":"var(--ast-global-color-5)","background-image":"","background-repeat":"repeat","background-position":"center center","background-size":"auto","background-attachment":"scroll","background-type":"","background-media":"","overlay-type":"","overlay-color":"","overlay-opacity":"","overlay-gradient":""}},"footnotes":""},"categories":[178,213,212],"tags":[224,199],"class_list":["post-6552","post","type-post","status-publish","format-standard","has-post-thumbnail","hentry","category-biblioteca","category-lectura","category-recursos","tag-habit-lector","tag-informacio-biblioteca"],"post_mailing_queue_ids":[],"_links":{"self":[{"href":"https:\/\/agora.xtec.cat\/ieslescala\/wp-json\/wp\/v2\/posts\/6552","targetHints":{"allow":["GET"]}}],"collection":[{"href":"https:\/\/agora.xtec.cat\/ieslescala\/wp-json\/wp\/v2\/posts"}],"about":[{"href":"https:\/\/agora.xtec.cat\/ieslescala\/wp-json\/wp\/v2\/types\/post"}],"author":[{"embeddable":true,"href":"https:\/\/agora.xtec.cat\/ieslescala\/wp-json\/wp\/v2\/users\/40"}],"replies":[{"embeddable":true,"href":"https:\/\/agora.xtec.cat\/ieslescala\/wp-json\/wp\/v2\/comments?post=6552"}],"version-history":[{"count":3,"href":"https:\/\/agora.xtec.cat\/ieslescala\/wp-json\/wp\/v2\/posts\/6552\/revisions"}],"predecessor-version":[{"id":6560,"href":"https:\/\/agora.xtec.cat\/ieslescala\/wp-json\/wp\/v2\/posts\/6552\/revisions\/6560"}],"wp:featuredmedia":[{"embeddable":true,"href":"https:\/\/agora.xtec.cat\/ieslescala\/wp-json\/wp\/v2\/media\/6553"}],"wp:attachment":[{"href":"https:\/\/agora.xtec.cat\/ieslescala\/wp-json\/wp\/v2\/media?parent=6552"}],"wp:term":[{"taxonomy":"category","embeddable":true,"href":"https:\/\/agora.xtec.cat\/ieslescala\/wp-json\/wp\/v2\/categories?post=6552"},{"taxonomy":"post_tag","embeddable":true,"href":"https:\/\/agora.xtec.cat\/ieslescala\/wp-json\/wp\/v2\/tags?post=6552"}],"curies":[{"name":"wp","href":"https:\/\/api.w.org\/{rel}","templated":true}]}}