{"id":6354,"date":"2019-05-28T08:47:09","date_gmt":"2019-05-28T06:47:09","guid":{"rendered":"http:\/\/agora.xtec.cat\/ieslescala\/?p=6354"},"modified":"2019-05-28T08:47:09","modified_gmt":"2019-05-28T06:47:09","slug":"entrevista-a-cristina-mias","status":"publish","type":"post","link":"https:\/\/agora.xtec.cat\/ieslescala\/el-raco-del-pedro\/entrevista-a-cristina-mias\/","title":{"rendered":"Entrevista a Cristina Mi\u00e0s"},"content":{"rendered":"<p>Aquesta \u00e9s una entrevista feta per Berta Escat i Laura Callol.<b><\/p>\n<p>Hola, Cristina.<\/p>\n<p>T\u2019agrada treballar en aquest centre?<\/b><\/p>\n<p>S\u00ed, molt. Quan em va tocar l\u2019Escala, perqu\u00e8 al principi em tocava Roses, hi havia gent que em deia que, en ser del mateix poble, no els agradaria treballar-hi. A mi m\u2019agrada treballar al mateix poble, perqu\u00e8 \u00e9s com abans en el cas dels metges, que era el metge del poble, el professor del poble&#8230; I si tamb\u00e9 alguna mare o pare algun dia em para pel carrer i em diu alguna cosa dels alumnes no em molesta, sin\u00f3 tot al contrari.<\/p>\n<p><b>A quins altres centres has treballat?<\/p>\n<p><\/b>\u00c9s el meu segon any a l\u2019Educaci\u00f3 Secund\u00e0ria Obligat\u00f2ria (ESO). L\u2019any passat vaig treballar a Figueres fent dues substitucions: la primera a l\u2019Alexandre Deulofeu i, la segona, al Narc\u00eds Monturiol, fins a final de curs. Abans d\u2019aqu\u00ed havia estat a la universitat quasi nou anys, per\u00f2 a Secund\u00e0ria nom\u00e9s a Figueres.<\/p>\n<p><b>Tens l\u2019institut molt lluny de casa teva?<\/b><\/p>\n<p>No. A sis minuts caminant des de casa.<\/p>\n<p><b>T\u2019han agradat sempre les Matem\u00e0tiques?<\/b><\/p>\n<p>S\u00ed, em van comen\u00e7ar a agradar quan, un professor que vaig tenir a l\u2019institut, em va despertar una mica la passi\u00f3 per les Matem\u00e0tiques. Era un professor de ci\u00e8ncies exactes que havia estudiat matem\u00e0tiques com a carrera i, per a mi, era molt bo en tot. Va ser tot un referent. Es diu Berenguer i encara \u00e9s professor. I, a partir d\u2019aquell moment, vaig decidir matricular-me a Matem\u00e0tiques a la universitat, per\u00f2 no ho tenia del tot clar. Quan vaig deixar d\u2019anar a l\u2019institut, all\u00f2 que tens uns dies de reflexi\u00f3, em vaig adonar que potser no feia falta fer Matem\u00e0tiques a la universitat, i vaig anar a fer una carrera que fos m\u00e9s barreja del que a mi m\u2019agradava, i vaig emprendre la meva carrera cap a Enginyeria.<\/p>\n<p><b>Si no et dediquessis a ser professora, qu\u00e8 t\u2019agradaria ser?<br \/>\n<\/b><br \/>\nUi! (riu). M\u2019agradaria fer alguna cosa relacionada amb l\u2019enginyeria, c\u00e0lcul d\u2019estructures, electricitat, alguna cosa d\u2019aquest camp. Sempre necessito alguna cosa m\u00e9s, alguna cosa que em motivi. Per aix\u00f2 faig de professora, perqu\u00e8 les Matem\u00e0tiques impulsen a cercar maneres d\u2019explicar i de fer entendre als alumnes el que es treballa. Tot i aix\u00f2, per exemple, m\u2019agradaria tenir un <em>garden<\/em>, perqu\u00e8 m\u2019agraden les flors. Sempre ha de ser alguna cosa motivadora.<\/p>\n<p><b>Quants anys portes dedicant-te a l\u2019Ensenyament?<\/b><\/p>\n<p>Des de 2008, any en qu\u00e8 vaig acabar la carrera, mentre em treia algun doctorat, en qu\u00e8 ja feia classes.<\/p>\n<p><b>Algun cop t\u2019has plantejat deixar la teva professi\u00f3? Si es que s\u00ed, per qu\u00e8?<\/b><\/p>\n<p>La meva carrera com a professora de secund\u00e0ria ha estat molt curta i encara no m\u2019ho he plantejat en cap moment, per\u00f2 sempre est\u00e0 b\u00e9 pensar en els nous reptes, si realment est\u00e0s fent el que t\u2019agrada. Si no t\u2019agrada el que fas, sempre pots canviar el que est\u00e0s fent. Personalment, he canviat de professions i no me n&#8217;arrepenteixo.<\/p>\n<p><b>Quin ha estat el millor moment que has tingut fent de professora?<\/b><\/p>\n<p>A mi el que em marquen s\u00f3n les mirades dels alumnes. A vegades, quan explico alguna cosa i veig que els alumnes ho entenen i van m\u00e9s enll\u00e0, m\u2019agrada.<\/p>\n<p><b>Quina relaci\u00f3 creus que ha de tenir un professor amb l&#8217;alumnat?<\/b><\/p>\n<p>Ha de ser una relaci\u00f3 de cordialitat i de respecte, respecte de l\u2019alumne cap al professor i viceversa. L\u2019alumne est\u00e0 a l\u2019institut per aprendre i educar-se i, per molt que estigui en l\u2019\u00e8poca de l\u2019adolesc\u00e8ncia, que \u00e9s una mica m\u00e9s complicat, l\u2019alumne s\u2019ha de saber controlar.<\/p>\n<p><b>Ha canviat la teva forma de treballar conforme a altres centres?<\/b><\/p>\n<p>De la universitat cap aqu\u00ed ha canviat, ja que m\u2019he hagut d\u2019adaptar al que els alumnes saben, i he de buscar maneres perqu\u00e8 els alumnes m\u2019entenguin i els agradi m\u00e9s o menys el que explico. A la universitat, en canvi, \u00e9s explicar i que ells copi\u00efn tota la teoria, no necessito m\u00e9s recursos.<\/p>\n<p><b>Canviaries alguna cosa del sistema educatiu?<\/b><\/p>\n<p>Encara s\u00f3c molt al principi, diguem, i veig que em falten coses per fer i m\u2019agradaria fer algunes classes m\u00e9s significatives sobre Matem\u00e0tiques, per exemple, com portar materials per fer geometria i fer unes classes menys magistrals.<\/p>\n<p><b>L\u2019horari de l&#8217;institut s\u2019adapta b\u00e9 amb la teva vida personal?<\/b><\/p>\n<p>S\u00ed, \u00a0l\u2019horari de l\u2019institut s\u2019adapta molt b\u00e9, perqu\u00e8 tinc un fill petit que surt de l\u2019escola a dos quarts de cinc de la tarda i, per tant, puc estar per ell i, per a mi, aix\u00f2 \u00e9s un gran avantatge.<\/p>\n<p><b>Hem cercat el teu nom a Google i ens ha sortit que \u00a0tens un doctorat i que vas treballar a l\u2019estranger. Ens pots explicar la teva experi\u00e8ncia?<\/b><\/p>\n<p>Quan vaig acabar la universitat, vaig treballar en una empresa privada, per\u00f2 no m\u2019omplia prou, pel que he dit, que no em motivava. Sempre he estat una bona estudiant, i he estat d\u2019aquelles persones que, quan vaig acabar batxillerat, vaig tenir Matr\u00edcula d\u2019Honor i no vaig haver de pagar el primer any de carrera.<\/p>\n<p><a href=\"https:\/\/agora.xtec.cat\/ieslescala\/wp-content\/uploads\/usu933\/2018\/12\/MIAS.jpg\"><img loading=\"lazy\" decoding=\"async\" class=\"wp-image-6355 aligncenter\" src=\"https:\/\/agora.xtec.cat\/ieslescala\/wp-content\/uploads\/usu933\/2018\/12\/MIAS-768x1024.jpg\" alt=\"\" width=\"172\" height=\"229\" srcset=\"https:\/\/agora.xtec.cat\/ieslescala\/wp-content\/uploads\/usu933\/2018\/12\/MIAS-768x1024.jpg 768w, https:\/\/agora.xtec.cat\/ieslescala\/wp-content\/uploads\/usu933\/2018\/12\/MIAS-225x300.jpg 225w, https:\/\/agora.xtec.cat\/ieslescala\/wp-content\/uploads\/usu933\/2018\/12\/MIAS.jpg 800w\" sizes=\"auto, (max-width: 172px) 100vw, 172px\" \/><\/a><\/p>\n","protected":false},"excerpt":{"rendered":"<p>Aquesta \u00e9s una entrevista feta per Berta Escat i Laura Callol. Hola, Cristina. T\u2019agrada treballar en aquest centre? S\u00ed, molt. [&hellip;]<\/p>\n","protected":false},"author":137,"featured_media":6355,"comment_status":"closed","ping_status":"closed","sticky":false,"template":"","format":"standard","meta":{"_bbp_topic_count":0,"_bbp_reply_count":0,"_bbp_total_topic_count":0,"_bbp_total_reply_count":0,"_bbp_voice_count":0,"_bbp_anonymous_reply_count":0,"_bbp_topic_count_hidden":0,"_bbp_reply_count_hidden":0,"_bbp_forum_subforum_count":0,"site-sidebar-layout":"default","site-content-layout":"","ast-site-content-layout":"","site-content-style":"default","site-sidebar-style":"default","ast-global-header-display":"","ast-banner-title-visibility":"","ast-main-header-display":"","ast-hfb-above-header-display":"","ast-hfb-below-header-display":"","ast-hfb-mobile-header-display":"","site-post-title":"","ast-breadcrumbs-content":"","ast-featured-img":"","footer-sml-layout":"","theme-transparent-header-meta":"","adv-header-id-meta":"","stick-header-meta":"","header-above-stick-meta":"","header-main-stick-meta":"","header-below-stick-meta":"","astra-migrate-meta-layouts":"default","ast-page-background-enabled":"default","ast-page-background-meta":{"desktop":{"background-color":"var(--ast-global-color-4)","background-image":"","background-repeat":"repeat","background-position":"center center","background-size":"auto","background-attachment":"scroll","background-type":"","background-media":"","overlay-type":"","overlay-color":"","overlay-opacity":"","overlay-gradient":""},"tablet":{"background-color":"","background-image":"","background-repeat":"repeat","background-position":"center center","background-size":"auto","background-attachment":"scroll","background-type":"","background-media":"","overlay-type":"","overlay-color":"","overlay-opacity":"","overlay-gradient":""},"mobile":{"background-color":"","background-image":"","background-repeat":"repeat","background-position":"center center","background-size":"auto","background-attachment":"scroll","background-type":"","background-media":"","overlay-type":"","overlay-color":"","overlay-opacity":"","overlay-gradient":""}},"ast-content-background-meta":{"desktop":{"background-color":"var(--ast-global-color-5)","background-image":"","background-repeat":"repeat","background-position":"center center","background-size":"auto","background-attachment":"scroll","background-type":"","background-media":"","overlay-type":"","overlay-color":"","overlay-opacity":"","overlay-gradient":""},"tablet":{"background-color":"var(--ast-global-color-5)","background-image":"","background-repeat":"repeat","background-position":"center center","background-size":"auto","background-attachment":"scroll","background-type":"","background-media":"","overlay-type":"","overlay-color":"","overlay-opacity":"","overlay-gradient":""},"mobile":{"background-color":"var(--ast-global-color-5)","background-image":"","background-repeat":"repeat","background-position":"center center","background-size":"auto","background-attachment":"scroll","background-type":"","background-media":"","overlay-type":"","overlay-color":"","overlay-opacity":"","overlay-gradient":""}},"footnotes":""},"categories":[264],"tags":[],"class_list":["post-6354","post","type-post","status-publish","format-standard","has-post-thumbnail","hentry","category-el-raco-del-pedro"],"post_mailing_queue_ids":[],"_links":{"self":[{"href":"https:\/\/agora.xtec.cat\/ieslescala\/wp-json\/wp\/v2\/posts\/6354","targetHints":{"allow":["GET"]}}],"collection":[{"href":"https:\/\/agora.xtec.cat\/ieslescala\/wp-json\/wp\/v2\/posts"}],"about":[{"href":"https:\/\/agora.xtec.cat\/ieslescala\/wp-json\/wp\/v2\/types\/post"}],"author":[{"embeddable":true,"href":"https:\/\/agora.xtec.cat\/ieslescala\/wp-json\/wp\/v2\/users\/137"}],"replies":[{"embeddable":true,"href":"https:\/\/agora.xtec.cat\/ieslescala\/wp-json\/wp\/v2\/comments?post=6354"}],"version-history":[{"count":3,"href":"https:\/\/agora.xtec.cat\/ieslescala\/wp-json\/wp\/v2\/posts\/6354\/revisions"}],"predecessor-version":[{"id":7321,"href":"https:\/\/agora.xtec.cat\/ieslescala\/wp-json\/wp\/v2\/posts\/6354\/revisions\/7321"}],"wp:featuredmedia":[{"embeddable":true,"href":"https:\/\/agora.xtec.cat\/ieslescala\/wp-json\/wp\/v2\/media\/6355"}],"wp:attachment":[{"href":"https:\/\/agora.xtec.cat\/ieslescala\/wp-json\/wp\/v2\/media?parent=6354"}],"wp:term":[{"taxonomy":"category","embeddable":true,"href":"https:\/\/agora.xtec.cat\/ieslescala\/wp-json\/wp\/v2\/categories?post=6354"},{"taxonomy":"post_tag","embeddable":true,"href":"https:\/\/agora.xtec.cat\/ieslescala\/wp-json\/wp\/v2\/tags?post=6354"}],"curies":[{"name":"wp","href":"https:\/\/api.w.org\/{rel}","templated":true}]}}