{"id":6341,"date":"2018-12-16T18:44:17","date_gmt":"2018-12-16T17:44:17","guid":{"rendered":"http:\/\/agora.xtec.cat\/ieslescala\/?p=6341"},"modified":"2018-12-16T18:44:17","modified_gmt":"2018-12-16T17:44:17","slug":"entrevista-a-pilar-sala","status":"publish","type":"post","link":"https:\/\/agora.xtec.cat\/ieslescala\/el-raco-del-pedro\/entrevista-a-pilar-sala\/","title":{"rendered":"Entrevista a Pilar Sala"},"content":{"rendered":"<p>Les alumnes Berta Escat i Laura Callol entrevistaven la professora de m\u00fasica, Pilar Sala, qui arribava aquest curs al centre. Esperem poder-la con\u00e8ixer una mica m\u00e9s a partir de les seves preguntes.<\/p>\n<p><a href=\"https:\/\/agora.xtec.cat\/ieslescala\/wp-content\/uploads\/usu933\/2018\/12\/IMG_6209-e1544431618319.jpg\"><img loading=\"lazy\" decoding=\"async\" class=\"wp-image-6349 aligncenter\" src=\"https:\/\/agora.xtec.cat\/ieslescala\/wp-content\/uploads\/usu933\/2018\/12\/IMG_6209-e1544431618319-1024x768.jpg\" alt=\"\" width=\"307\" height=\"230\" srcset=\"https:\/\/agora.xtec.cat\/ieslescala\/wp-content\/uploads\/usu933\/2018\/12\/IMG_6209-e1544431618319-1024x768.jpg 1024w, https:\/\/agora.xtec.cat\/ieslescala\/wp-content\/uploads\/usu933\/2018\/12\/IMG_6209-e1544431618319-300x225.jpg 300w, https:\/\/agora.xtec.cat\/ieslescala\/wp-content\/uploads\/usu933\/2018\/12\/IMG_6209-e1544431618319-768x576.jpg 768w, https:\/\/agora.xtec.cat\/ieslescala\/wp-content\/uploads\/usu933\/2018\/12\/IMG_6209-e1544431618319-200x150.jpg 200w, https:\/\/agora.xtec.cat\/ieslescala\/wp-content\/uploads\/usu933\/2018\/12\/IMG_6209-e1544431618319.jpg 1280w\" sizes=\"auto, (max-width: 307px) 100vw, 307px\" \/><\/a><br \/>\n<strong>Berta \/ Laura: T\u2019agrada treballar en aquest centre?<br \/>\n<\/strong><span style=\"font-family: inherit; font-size: 1em;\">Pilar: S\u00ed, estic contenta de ser-hi, hi ha bon ambient i estic a gust amb els companys. A m\u00e9s a m\u00e9s, ho tinc a prop de casa, i aix\u00f2 t\u00e9 els seus avantatges.<\/p>\n<p><\/span><strong style=\"font-family: inherit; font-size: 1em;\">A quins altres centres has treballat?<br \/>\n<\/strong><span style=\"font-family: inherit; font-size: 1em;\">He estat a alguns centres del Baix Empord\u00e0, de l&#8217;Alt Empord\u00e0 i de Girona.<\/p>\n<p><\/span><strong style=\"font-family: inherit; font-size: 1em;\">Tens l&#8217;institut molt lluny de casa teva?<br \/>\n<\/strong><span style=\"font-family: inherit; font-size: 1em;\">No, aproximadament a una mitja hora.<\/p>\n<p><\/span><strong style=\"font-family: inherit; font-size: 1em;\">Si no fossis professora de m\u00fasica, qu\u00e8 t\u2019agradaria ser?<br \/>\n<\/strong><span style=\"font-family: inherit; font-size: 1em;\">M\u2019hagu\u00e9s agradat dedicar-me a la pintura, a la dansa&#8230;<\/p>\n<p><\/span><strong style=\"font-family: inherit; font-size: 1em;\">Toques algun instrument? Si \u00e9s que s\u00ed, quins?<br \/>\n<\/strong><span style=\"font-family: inherit; font-size: 1em;\">S\u00ed, el piano.<\/p>\n<p><\/span><strong style=\"font-family: inherit; font-size: 1em;\">Quants anys portes dedicant-te a l\u2019ensenyament musical?<br \/>\n<\/strong><span style=\"font-family: inherit; font-size: 1em;\">Uns 25 anys.<\/p>\n<p><\/span><strong style=\"font-family: inherit; font-size: 1em;\">Algun cop has pensat en deixar la teva feina? Si es que s\u00ed, per qu\u00e8?<br \/>\n<\/strong><span style=\"font-family: inherit; font-size: 1em;\">Potser alguna vegada, per\u00f2 totes les feines tenen una part positiva, i una altra que no \u00e9s tan satisfact\u00f2ria. Hem d&#8217;aprendre a valorar el costat m\u00e9s bo.<\/p>\n<p><\/span><strong>Has viscut algun moment que t\u2019hagi marcat durant la teva vida laboral?<br \/>\n<\/strong><span style=\"font-family: inherit; font-size: 1em;\">S\u00ed, i ha servit d\u2019impuls \u00a0per tirar endavant.<\/p>\n<p><\/span><strong style=\"font-family: inherit; font-size: 1em;\">Quina relaci\u00f3 creus que ha de tenir un professor amb un alumne?<br \/>\n<\/strong><span style=\"font-family: inherit; font-size: 1em;\">Crec que un professor ha de ser el m\u00e9s proper possible, i crear un clima de confian\u00e7a i de respecte mutu.<\/p>\n<p><\/span><strong style=\"font-family: inherit; font-size: 1em;\">Ha canviat molt la teva forma de treballar, en canviar de centre?<br \/>\n<\/strong><span style=\"font-family: inherit; font-size: 1em;\">Hi ha coses que s\u00ed. Com \u00e9s normal, cada centre t\u00e9 la seva manera de funcionar i t\u2019has d\u2019anar adaptant a la seva manera de fer. Pel que fa a les classes, segueixo tenint els mateixos cursos, i els temes no han canviat, per\u00f2 s\u00ed he canviat la manera de treballar-los.<\/p>\n<p><\/span><strong style=\"font-family: inherit; font-size: 1em;\">T\u2019agrada la m\u00fasica d\u2019avui? Si \u00e9s que no, quin tipus de m\u00fasica creus que s\u2019hauria de deixar d\u2019escoltar?<br \/>\n<\/strong><span style=\"font-family: inherit; font-size: 1em;\">Dep\u00e8n. A mi no m\u2019agraden el <\/span><em style=\"font-family: inherit; font-size: 1em;\">trap<\/em><span style=\"font-family: inherit; font-size: 1em;\"> ni el <\/span><em style=\"font-family: inherit; font-size: 1em;\">reggaeton<\/em><span style=\"font-family: inherit; font-size: 1em;\">\u00a0ni la m\u00fasica electr\u00f2nica&#8230; No m\u2019aporten res, personalment, ni em motiven musicalment. Ara, cadasc\u00fa t\u00e9 els seus gustos musicals, i aix\u00f2 \u00e9s personal.<\/p>\n<p><\/span><strong style=\"font-family: inherit; font-size: 1em;\">Quina m\u00fasica escoltes?<br \/>\n<\/strong><span style=\"font-family: inherit; font-size: 1em;\">M\u2019agrada la m\u00fasica cl\u00e0ssica, i l\u2019escolto molt sovint, per\u00f2 tamb\u00e9 m\u2019agrada el jazz, el pop-rock catal\u00e0, la m\u00fasica tradicional&#8230; dep\u00e8n del moment i del meu estat d\u2019\u00e0nim.<\/span><\/p>\n<p>&nbsp;<\/p>\n","protected":false},"excerpt":{"rendered":"<p>Les alumnes Berta Escat i Laura Callol entrevistaven la professora de m\u00fasica, Pilar Sala, qui arribava aquest curs al centre. [&hellip;]<\/p>\n","protected":false},"author":137,"featured_media":6349,"comment_status":"closed","ping_status":"closed","sticky":false,"template":"","format":"standard","meta":{"_bbp_topic_count":0,"_bbp_reply_count":0,"_bbp_total_topic_count":0,"_bbp_total_reply_count":0,"_bbp_voice_count":0,"_bbp_anonymous_reply_count":0,"_bbp_topic_count_hidden":0,"_bbp_reply_count_hidden":0,"_bbp_forum_subforum_count":0,"site-sidebar-layout":"default","site-content-layout":"","ast-site-content-layout":"","site-content-style":"default","site-sidebar-style":"default","ast-global-header-display":"","ast-banner-title-visibility":"","ast-main-header-display":"","ast-hfb-above-header-display":"","ast-hfb-below-header-display":"","ast-hfb-mobile-header-display":"","site-post-title":"","ast-breadcrumbs-content":"","ast-featured-img":"","footer-sml-layout":"","theme-transparent-header-meta":"","adv-header-id-meta":"","stick-header-meta":"","header-above-stick-meta":"","header-main-stick-meta":"","header-below-stick-meta":"","astra-migrate-meta-layouts":"default","ast-page-background-enabled":"default","ast-page-background-meta":{"desktop":{"background-color":"var(--ast-global-color-4)","background-image":"","background-repeat":"repeat","background-position":"center center","background-size":"auto","background-attachment":"scroll","background-type":"","background-media":"","overlay-type":"","overlay-color":"","overlay-opacity":"","overlay-gradient":""},"tablet":{"background-color":"","background-image":"","background-repeat":"repeat","background-position":"center center","background-size":"auto","background-attachment":"scroll","background-type":"","background-media":"","overlay-type":"","overlay-color":"","overlay-opacity":"","overlay-gradient":""},"mobile":{"background-color":"","background-image":"","background-repeat":"repeat","background-position":"center center","background-size":"auto","background-attachment":"scroll","background-type":"","background-media":"","overlay-type":"","overlay-color":"","overlay-opacity":"","overlay-gradient":""}},"ast-content-background-meta":{"desktop":{"background-color":"var(--ast-global-color-5)","background-image":"","background-repeat":"repeat","background-position":"center center","background-size":"auto","background-attachment":"scroll","background-type":"","background-media":"","overlay-type":"","overlay-color":"","overlay-opacity":"","overlay-gradient":""},"tablet":{"background-color":"var(--ast-global-color-5)","background-image":"","background-repeat":"repeat","background-position":"center center","background-size":"auto","background-attachment":"scroll","background-type":"","background-media":"","overlay-type":"","overlay-color":"","overlay-opacity":"","overlay-gradient":""},"mobile":{"background-color":"var(--ast-global-color-5)","background-image":"","background-repeat":"repeat","background-position":"center center","background-size":"auto","background-attachment":"scroll","background-type":"","background-media":"","overlay-type":"","overlay-color":"","overlay-opacity":"","overlay-gradient":""}},"footnotes":""},"categories":[264],"tags":[],"class_list":["post-6341","post","type-post","status-publish","format-standard","has-post-thumbnail","hentry","category-el-raco-del-pedro"],"post_mailing_queue_ids":[],"_links":{"self":[{"href":"https:\/\/agora.xtec.cat\/ieslescala\/wp-json\/wp\/v2\/posts\/6341","targetHints":{"allow":["GET"]}}],"collection":[{"href":"https:\/\/agora.xtec.cat\/ieslescala\/wp-json\/wp\/v2\/posts"}],"about":[{"href":"https:\/\/agora.xtec.cat\/ieslescala\/wp-json\/wp\/v2\/types\/post"}],"author":[{"embeddable":true,"href":"https:\/\/agora.xtec.cat\/ieslescala\/wp-json\/wp\/v2\/users\/137"}],"replies":[{"embeddable":true,"href":"https:\/\/agora.xtec.cat\/ieslescala\/wp-json\/wp\/v2\/comments?post=6341"}],"version-history":[{"count":3,"href":"https:\/\/agora.xtec.cat\/ieslescala\/wp-json\/wp\/v2\/posts\/6341\/revisions"}],"predecessor-version":[{"id":6394,"href":"https:\/\/agora.xtec.cat\/ieslescala\/wp-json\/wp\/v2\/posts\/6341\/revisions\/6394"}],"wp:featuredmedia":[{"embeddable":true,"href":"https:\/\/agora.xtec.cat\/ieslescala\/wp-json\/wp\/v2\/media\/6349"}],"wp:attachment":[{"href":"https:\/\/agora.xtec.cat\/ieslescala\/wp-json\/wp\/v2\/media?parent=6341"}],"wp:term":[{"taxonomy":"category","embeddable":true,"href":"https:\/\/agora.xtec.cat\/ieslescala\/wp-json\/wp\/v2\/categories?post=6341"},{"taxonomy":"post_tag","embeddable":true,"href":"https:\/\/agora.xtec.cat\/ieslescala\/wp-json\/wp\/v2\/tags?post=6341"}],"curies":[{"name":"wp","href":"https:\/\/api.w.org\/{rel}","templated":true}]}}