{"id":6006,"date":"2018-09-25T11:22:56","date_gmt":"2018-09-25T09:22:56","guid":{"rendered":"http:\/\/agora.xtec.cat\/ieslescala\/?p=6006"},"modified":"2020-09-19T13:40:34","modified_gmt":"2020-09-19T11:40:34","slug":"veniu-al-club-de-lectura-de-la-biblioteca-de-linstitut","status":"publish","type":"post","link":"https:\/\/agora.xtec.cat\/ieslescala\/biblioteca\/veniu-al-club-de-lectura-de-la-biblioteca-de-linstitut\/","title":{"rendered":"Veniu al Club de lectura de la biblioteca de l&#8217;institut!"},"content":{"rendered":"<p><a href=\"http:\/\/agora.xtec.cat\/ieslescala\/wp-content\/uploads\/usu933\/2018\/09\/lovecraft_bruixes002.jpg\"><img loading=\"lazy\" decoding=\"async\" class=\"size-full wp-image-6014 alignright\" src=\"http:\/\/agora.xtec.cat\/ieslescala\/wp-content\/uploads\/usu933\/2018\/09\/lovecraft_bruixes002.jpg\" alt=\"\" width=\"189\" height=\"299\" \/><\/a><a href=\"http:\/\/agora.xtec.cat\/ieslescala\/wp-content\/uploads\/usu933\/2018\/09\/terror.jpeg\"><img loading=\"lazy\" decoding=\"async\" class=\"wp-image-6009 alignleft\" src=\"http:\/\/agora.xtec.cat\/ieslescala\/wp-content\/uploads\/usu933\/2018\/09\/terror.jpeg\" alt=\"\" width=\"154\" height=\"228\" \/><\/a>Coneixeu el Club de lectura de l&#8217;INS El Pedr\u00f3?<\/p>\n<p style=\"text-align: justify;\">Des de fa quatre anys, ens trobem a la biblioteca del centre un cop al mes per comentar una novel\u00b7la que pr\u00e8viament hem llegit a casa. De vegades ens visiten els autors\/es i podem compartir amb ells les nostres impressions de lectura i els podem fer preguntes. Tamb\u00e9 fem una sortida a Figueres durant el mes de maig on\u00a0 un escriptor ens fa una xerrada\u00a0 i ens reunim amb alumnes participants d&#8217;altres clubs de lectura de diferents instituts de secund\u00e0ria de l&#8217;Alt Empord\u00e0.<\/p>\n<p style=\"text-align: justify;\">Durant aq<a href=\"http:\/\/agora.xtec.cat\/ieslescala\/wp-content\/uploads\/usu933\/2018\/09\/follia.jpeg\"><img loading=\"lazy\" decoding=\"async\" class=\"size-large wp-image-6010 alignleft\" src=\"http:\/\/agora.xtec.cat\/ieslescala\/wp-content\/uploads\/usu933\/2018\/09\/follia.jpeg\" alt=\"\" width=\"158\" height=\"240\" \/><\/a>uest mes d&#8217;octubre llegirem una <strong>petita col\u00b7lecci\u00f3 de contes de terror de H.P. Lovecraft (Els somnis a la casa de la bruixa) i el comentarem el dijous 25 d&#8217;octubre<\/strong>, data propera a la celebraci\u00f3 de Halloween i del Dia de Tots Sants i dels Difunts (1i 2 de novembre respectivament). Hem escollit aquesta obra perqu\u00e8 Lovecraft \u00e9s un dels escriptors de relats de terror m\u00e9s importants del segle XX.<\/p>\n<p style=\"text-align: justify;\">Us deixem un enlla\u00e7 per con\u00e8ixer una mica m\u00e9s qui \u00e9s aquest autor i quines obres va escriure: <a href=\"https:\/\/bibliotecavirtual.diba.cat\/novela\/avui_fa\/h_p_lovecraft\">https:\/\/bibliotecavirtual.diba.cat\/novela\/avui_fa\/h_p_lovecraft<\/a><\/p>\n<p style=\"text-align: justify;\"><strong>Veniu a la biblioteca i us donarem el llibre del mes d&#8217;octubre.<\/strong><\/p>\n<p style=\"text-align: justify;\"><strong> Si us agrada llegir, aquest \u00e9s el vostre club!<\/strong><\/p>\n<p style=\"text-align: justify;\"><a href=\"http:\/\/agora.xtec.cat\/ieslescala\/wp-content\/uploads\/usu933\/2018\/09\/love.jpeg\"><img loading=\"lazy\" decoding=\"async\" class=\"size-full wp-image-6007 alignleft\" src=\"http:\/\/agora.xtec.cat\/ieslescala\/wp-content\/uploads\/usu933\/2018\/09\/love.jpeg\" alt=\"\" width=\"158\" height=\"246\" \/><\/a><a href=\"http:\/\/agora.xtec.cat\/ieslescala\/wp-content\/uploads\/usu933\/2018\/09\/51wEpGhXOL._SL500_.jpg\"><img loading=\"lazy\" decoding=\"async\" class=\"wp-image-6011 alignright\" src=\"http:\/\/agora.xtec.cat\/ieslescala\/wp-content\/uploads\/usu933\/2018\/09\/51wEpGhXOL._SL500_.jpg\" alt=\"\" width=\"245\" height=\"245\" srcset=\"https:\/\/agora.xtec.cat\/ieslescala\/wp-content\/uploads\/usu933\/2018\/09\/51wEpGhXOL._SL500_.jpg 500w, https:\/\/agora.xtec.cat\/ieslescala\/wp-content\/uploads\/usu933\/2018\/09\/51wEpGhXOL._SL500_-150x150.jpg 150w, https:\/\/agora.xtec.cat\/ieslescala\/wp-content\/uploads\/usu933\/2018\/09\/51wEpGhXOL._SL500_-300x300.jpg 300w\" sizes=\"auto, (max-width: 245px) 100vw, 245px\" \/><\/a><\/p>\n","protected":false},"excerpt":{"rendered":"<p>Coneixeu el Club de lectura de l&#8217;INS El Pedr\u00f3? Des de fa quatre anys, ens trobem a la biblioteca del [&hellip;]<\/p>\n","protected":false},"author":40,"featured_media":6014,"comment_status":"closed","ping_status":"closed","sticky":false,"template":"","format":"standard","meta":{"_bbp_topic_count":0,"_bbp_reply_count":0,"_bbp_total_topic_count":0,"_bbp_total_reply_count":0,"_bbp_voice_count":0,"_bbp_anonymous_reply_count":0,"_bbp_topic_count_hidden":0,"_bbp_reply_count_hidden":0,"_bbp_forum_subforum_count":0,"site-sidebar-layout":"default","site-content-layout":"","ast-site-content-layout":"","site-content-style":"default","site-sidebar-style":"default","ast-global-header-display":"","ast-banner-title-visibility":"","ast-main-header-display":"","ast-hfb-above-header-display":"","ast-hfb-below-header-display":"","ast-hfb-mobile-header-display":"","site-post-title":"","ast-breadcrumbs-content":"","ast-featured-img":"","footer-sml-layout":"","theme-transparent-header-meta":"","adv-header-id-meta":"","stick-header-meta":"","header-above-stick-meta":"","header-main-stick-meta":"","header-below-stick-meta":"","astra-migrate-meta-layouts":"default","ast-page-background-enabled":"default","ast-page-background-meta":{"desktop":{"background-color":"var(--ast-global-color-4)","background-image":"","background-repeat":"repeat","background-position":"center center","background-size":"auto","background-attachment":"scroll","background-type":"","background-media":"","overlay-type":"","overlay-color":"","overlay-opacity":"","overlay-gradient":""},"tablet":{"background-color":"","background-image":"","background-repeat":"repeat","background-position":"center center","background-size":"auto","background-attachment":"scroll","background-type":"","background-media":"","overlay-type":"","overlay-color":"","overlay-opacity":"","overlay-gradient":""},"mobile":{"background-color":"","background-image":"","background-repeat":"repeat","background-position":"center center","background-size":"auto","background-attachment":"scroll","background-type":"","background-media":"","overlay-type":"","overlay-color":"","overlay-opacity":"","overlay-gradient":""}},"ast-content-background-meta":{"desktop":{"background-color":"var(--ast-global-color-5)","background-image":"","background-repeat":"repeat","background-position":"center center","background-size":"auto","background-attachment":"scroll","background-type":"","background-media":"","overlay-type":"","overlay-color":"","overlay-opacity":"","overlay-gradient":""},"tablet":{"background-color":"var(--ast-global-color-5)","background-image":"","background-repeat":"repeat","background-position":"center center","background-size":"auto","background-attachment":"scroll","background-type":"","background-media":"","overlay-type":"","overlay-color":"","overlay-opacity":"","overlay-gradient":""},"mobile":{"background-color":"var(--ast-global-color-5)","background-image":"","background-repeat":"repeat","background-position":"center center","background-size":"auto","background-attachment":"scroll","background-type":"","background-media":"","overlay-type":"","overlay-color":"","overlay-opacity":"","overlay-gradient":""}},"footnotes":""},"categories":[178,234,213],"tags":[206,101],"class_list":["post-6006","post","type-post","status-publish","format-standard","has-post-thumbnail","hentry","category-biblioteca","category-club-de-lectura","category-lectura","tag-biblioteca","tag-club-de-lectura"],"post_mailing_queue_ids":[],"_links":{"self":[{"href":"https:\/\/agora.xtec.cat\/ieslescala\/wp-json\/wp\/v2\/posts\/6006","targetHints":{"allow":["GET"]}}],"collection":[{"href":"https:\/\/agora.xtec.cat\/ieslescala\/wp-json\/wp\/v2\/posts"}],"about":[{"href":"https:\/\/agora.xtec.cat\/ieslescala\/wp-json\/wp\/v2\/types\/post"}],"author":[{"embeddable":true,"href":"https:\/\/agora.xtec.cat\/ieslescala\/wp-json\/wp\/v2\/users\/40"}],"replies":[{"embeddable":true,"href":"https:\/\/agora.xtec.cat\/ieslescala\/wp-json\/wp\/v2\/comments?post=6006"}],"version-history":[{"count":3,"href":"https:\/\/agora.xtec.cat\/ieslescala\/wp-json\/wp\/v2\/posts\/6006\/revisions"}],"predecessor-version":[{"id":6015,"href":"https:\/\/agora.xtec.cat\/ieslescala\/wp-json\/wp\/v2\/posts\/6006\/revisions\/6015"}],"wp:featuredmedia":[{"embeddable":true,"href":"https:\/\/agora.xtec.cat\/ieslescala\/wp-json\/wp\/v2\/media\/6014"}],"wp:attachment":[{"href":"https:\/\/agora.xtec.cat\/ieslescala\/wp-json\/wp\/v2\/media?parent=6006"}],"wp:term":[{"taxonomy":"category","embeddable":true,"href":"https:\/\/agora.xtec.cat\/ieslescala\/wp-json\/wp\/v2\/categories?post=6006"},{"taxonomy":"post_tag","embeddable":true,"href":"https:\/\/agora.xtec.cat\/ieslescala\/wp-json\/wp\/v2\/tags?post=6006"}],"curies":[{"name":"wp","href":"https:\/\/api.w.org\/{rel}","templated":true}]}}