{"id":5899,"date":"2018-07-04T17:05:43","date_gmt":"2018-07-04T15:05:43","guid":{"rendered":"http:\/\/agora.xtec.cat\/ieslescala\/?p=5899"},"modified":"2020-09-19T13:36:49","modified_gmt":"2020-09-19T11:36:49","slug":"presentacio-a-carrec-de-xavi-brau-i-jordi-roig","status":"publish","type":"post","link":"https:\/\/agora.xtec.cat\/ieslescala\/general\/presentacio-a-carrec-de-xavi-brau-i-jordi-roig\/","title":{"rendered":"Presentaci\u00f3 a c\u00e0rrec de Xavi Brau i Jordi Roig"},"content":{"rendered":"<div>\n<table style=\"width: 556px;\">\n<tbody>\n<tr>\n<td style=\"width: 197px;\">Dijous 5 de juliol els professors del departament de socials de l&#8217;institut El Pedr\u00f3, Xavi Brau i Jordi Roig, presentaran una activitat educativa en el marc de l&#8217;Escola d&#8217;estiu de l&#8217;Associaci\u00f3 de Renovaci\u00f3 Pedag\u00f2gica de l&#8217;Alt Empord\u00e0.<\/p>\n<div>L&#8217;activitat tindr\u00e0 dues parts.<\/div>\n<div>La primera consistir\u00e0 en una presentaci\u00f3 dels objectius, activitats i projectes que porta realitzant des de fa anys el grup Exili i Deportaci\u00f3 i Holocaust de l&#8217;Alt Empord\u00e0, format per professors de diversos instituts, els seus objectius i els projectes futurs.<\/div>\n<div>La segona consistir\u00e0 en una visita guiada pel centre hist\u00f2ric de Figueres que ens transportar\u00e0 al temps de la guerra civil (1936-39) i que acabar\u00e0 amb l&#8217;entrada al refugi antiaeri de la pla\u00e7a del Gra. La visita \u00e9s un exemple d&#8217;activitat educativa amb la finalitat de promoure el coneixement de la hist\u00f2ria local entre l&#8217;alumnat i alhora de promoure la mem\u00f2ria hist\u00f2rica. Un valor fonamental a tenir en compte per la formaci\u00f3 d&#8217;una ciutadania democr\u00e0tica, pac\u00edfica i cr\u00edtica. La visita la dirigir\u00e0 el guia especialitzat en aquest tema Nik Duserm.<\/div>\n<div>La pon\u00e8ncia tindr\u00e0 lloc a les 9.30 a l&#8217;escola del Parc de les Aig\u00fces. La visita guiada comen\u00e7ar\u00e0 a les <a href=\"https:\/\/maps.google.com\/?q=11+a+la+Rambla&amp;entry=gmail&amp;source=g\">11 a la Rambla<\/a> de Figueres.<\/div>\n<\/td>\n<td style=\"width: 228px;\"><a href=\"http:\/\/agora.xtec.cat\/ieslescala\/wp-content\/uploads\/usu933\/2018\/07\/refugi1.jpg\"><img loading=\"lazy\" decoding=\"async\" class=\"alignnone wp-image-5901 size-large\" src=\"http:\/\/agora.xtec.cat\/ieslescala\/wp-content\/uploads\/usu933\/2018\/07\/refugi1-768x1024.jpg\" alt=\"\" width=\"768\" height=\"1024\" srcset=\"https:\/\/agora.xtec.cat\/ieslescala\/wp-content\/uploads\/usu933\/2018\/07\/refugi1-768x1024.jpg 768w, https:\/\/agora.xtec.cat\/ieslescala\/wp-content\/uploads\/usu933\/2018\/07\/refugi1-225x300.jpg 225w, https:\/\/agora.xtec.cat\/ieslescala\/wp-content\/uploads\/usu933\/2018\/07\/refugi1.jpg 1920w\" sizes=\"auto, (max-width: 768px) 100vw, 768px\" \/><\/a><\/td>\n<\/tr>\n<tr>\n<td style=\"width: 197px;\"><a href=\"http:\/\/agora.xtec.cat\/ieslescala\/wp-content\/uploads\/usu933\/2018\/07\/refugi4.jpg\"><img loading=\"lazy\" decoding=\"async\" class=\"alignnone wp-image-5902 size-medium\" src=\"http:\/\/agora.xtec.cat\/ieslescala\/wp-content\/uploads\/usu933\/2018\/07\/refugi4-300x225.jpg\" alt=\"\" width=\"300\" height=\"225\" srcset=\"https:\/\/agora.xtec.cat\/ieslescala\/wp-content\/uploads\/usu933\/2018\/07\/refugi4-300x225.jpg 300w, https:\/\/agora.xtec.cat\/ieslescala\/wp-content\/uploads\/usu933\/2018\/07\/refugi4-768x576.jpg 768w, https:\/\/agora.xtec.cat\/ieslescala\/wp-content\/uploads\/usu933\/2018\/07\/refugi4-1024x768.jpg 1024w, https:\/\/agora.xtec.cat\/ieslescala\/wp-content\/uploads\/usu933\/2018\/07\/refugi4-200x150.jpg 200w\" sizes=\"auto, (max-width: 300px) 100vw, 300px\" \/><\/a><\/td>\n<td style=\"width: 228px;\"><a href=\"http:\/\/agora.xtec.cat\/ieslescala\/wp-content\/uploads\/usu933\/2018\/07\/refugi-5.jpg\"><img loading=\"lazy\" decoding=\"async\" class=\"aligncenter wp-image-5900 size-medium\" src=\"http:\/\/agora.xtec.cat\/ieslescala\/wp-content\/uploads\/usu933\/2018\/07\/refugi-5-300x225.jpg\" alt=\"\" width=\"300\" height=\"225\" srcset=\"https:\/\/agora.xtec.cat\/ieslescala\/wp-content\/uploads\/usu933\/2018\/07\/refugi-5-300x225.jpg 300w, https:\/\/agora.xtec.cat\/ieslescala\/wp-content\/uploads\/usu933\/2018\/07\/refugi-5-768x576.jpg 768w, https:\/\/agora.xtec.cat\/ieslescala\/wp-content\/uploads\/usu933\/2018\/07\/refugi-5-1024x768.jpg 1024w, https:\/\/agora.xtec.cat\/ieslescala\/wp-content\/uploads\/usu933\/2018\/07\/refugi-5-200x150.jpg 200w, https:\/\/agora.xtec.cat\/ieslescala\/wp-content\/uploads\/usu933\/2018\/07\/refugi-5.jpg 1600w\" sizes=\"auto, (max-width: 300px) 100vw, 300px\" \/><\/a><\/td>\n<\/tr>\n<\/tbody>\n<\/table>\n<\/div>\n","protected":false},"excerpt":{"rendered":"<p>Dijous 5 de juliol els professors del departament de socials de l&#8217;institut El Pedr\u00f3, Xavi Brau i Jordi Roig, presentaran [&hellip;]<\/p>\n","protected":false},"author":84,"featured_media":5902,"comment_status":"closed","ping_status":"closed","sticky":false,"template":"","format":"standard","meta":{"_bbp_topic_count":0,"_bbp_reply_count":0,"_bbp_total_topic_count":0,"_bbp_total_reply_count":0,"_bbp_voice_count":0,"_bbp_anonymous_reply_count":0,"_bbp_topic_count_hidden":0,"_bbp_reply_count_hidden":0,"_bbp_forum_subforum_count":0,"site-sidebar-layout":"default","site-content-layout":"","ast-site-content-layout":"","site-content-style":"default","site-sidebar-style":"default","ast-global-header-display":"","ast-banner-title-visibility":"","ast-main-header-display":"","ast-hfb-above-header-display":"","ast-hfb-below-header-display":"","ast-hfb-mobile-header-display":"","site-post-title":"","ast-breadcrumbs-content":"","ast-featured-img":"","footer-sml-layout":"","theme-transparent-header-meta":"","adv-header-id-meta":"","stick-header-meta":"","header-above-stick-meta":"","header-main-stick-meta":"","header-below-stick-meta":"","astra-migrate-meta-layouts":"default","ast-page-background-enabled":"default","ast-page-background-meta":{"desktop":{"background-color":"var(--ast-global-color-4)","background-image":"","background-repeat":"repeat","background-position":"center center","background-size":"auto","background-attachment":"scroll","background-type":"","background-media":"","overlay-type":"","overlay-color":"","overlay-opacity":"","overlay-gradient":""},"tablet":{"background-color":"","background-image":"","background-repeat":"repeat","background-position":"center center","background-size":"auto","background-attachment":"scroll","background-type":"","background-media":"","overlay-type":"","overlay-color":"","overlay-opacity":"","overlay-gradient":""},"mobile":{"background-color":"","background-image":"","background-repeat":"repeat","background-position":"center center","background-size":"auto","background-attachment":"scroll","background-type":"","background-media":"","overlay-type":"","overlay-color":"","overlay-opacity":"","overlay-gradient":""}},"ast-content-background-meta":{"desktop":{"background-color":"var(--ast-global-color-5)","background-image":"","background-repeat":"repeat","background-position":"center center","background-size":"auto","background-attachment":"scroll","background-type":"","background-media":"","overlay-type":"","overlay-color":"","overlay-opacity":"","overlay-gradient":""},"tablet":{"background-color":"var(--ast-global-color-5)","background-image":"","background-repeat":"repeat","background-position":"center center","background-size":"auto","background-attachment":"scroll","background-type":"","background-media":"","overlay-type":"","overlay-color":"","overlay-opacity":"","overlay-gradient":""},"mobile":{"background-color":"var(--ast-global-color-5)","background-image":"","background-repeat":"repeat","background-position":"center center","background-size":"auto","background-attachment":"scroll","background-type":"","background-media":"","overlay-type":"","overlay-color":"","overlay-opacity":"","overlay-gradient":""}},"footnotes":""},"categories":[1],"tags":[],"class_list":["post-5899","post","type-post","status-publish","format-standard","has-post-thumbnail","hentry","category-general"],"post_mailing_queue_ids":[],"_links":{"self":[{"href":"https:\/\/agora.xtec.cat\/ieslescala\/wp-json\/wp\/v2\/posts\/5899","targetHints":{"allow":["GET"]}}],"collection":[{"href":"https:\/\/agora.xtec.cat\/ieslescala\/wp-json\/wp\/v2\/posts"}],"about":[{"href":"https:\/\/agora.xtec.cat\/ieslescala\/wp-json\/wp\/v2\/types\/post"}],"author":[{"embeddable":true,"href":"https:\/\/agora.xtec.cat\/ieslescala\/wp-json\/wp\/v2\/users\/84"}],"replies":[{"embeddable":true,"href":"https:\/\/agora.xtec.cat\/ieslescala\/wp-json\/wp\/v2\/comments?post=5899"}],"version-history":[{"count":2,"href":"https:\/\/agora.xtec.cat\/ieslescala\/wp-json\/wp\/v2\/posts\/5899\/revisions"}],"predecessor-version":[{"id":5904,"href":"https:\/\/agora.xtec.cat\/ieslescala\/wp-json\/wp\/v2\/posts\/5899\/revisions\/5904"}],"wp:featuredmedia":[{"embeddable":true,"href":"https:\/\/agora.xtec.cat\/ieslescala\/wp-json\/wp\/v2\/media\/5902"}],"wp:attachment":[{"href":"https:\/\/agora.xtec.cat\/ieslescala\/wp-json\/wp\/v2\/media?parent=5899"}],"wp:term":[{"taxonomy":"category","embeddable":true,"href":"https:\/\/agora.xtec.cat\/ieslescala\/wp-json\/wp\/v2\/categories?post=5899"},{"taxonomy":"post_tag","embeddable":true,"href":"https:\/\/agora.xtec.cat\/ieslescala\/wp-json\/wp\/v2\/tags?post=5899"}],"curies":[{"name":"wp","href":"https:\/\/api.w.org\/{rel}","templated":true}]}}