{"id":5746,"date":"2018-09-25T10:32:40","date_gmt":"2018-09-25T08:32:40","guid":{"rendered":"http:\/\/agora.xtec.cat\/ieslescala\/?p=5746"},"modified":"2018-09-25T10:34:18","modified_gmt":"2018-09-25T08:34:18","slug":"mostra-de-poesia-de-les-comarques-gironines","status":"publish","type":"post","link":"https:\/\/agora.xtec.cat\/ieslescala\/biblioteca\/revista-digital\/mostra-de-poesia-de-les-comarques-gironines\/","title":{"rendered":"MOSTRA DE POESIA DE LES COMARQUES GIRONINES"},"content":{"rendered":"<p><sup>Entrevista de Nihad Oulad<br \/>\n<\/sup><\/p>\n<p style=\"text-align: justify;\">El passat 12 d&#8217;abril, alguns alumnes del nostre institut van participar a la VII Mostra de Poesia de les Comarques Gironines, organitzada per la biblioteca del centre. Hem parlat amb alguns d&#8217;ells per con\u00e8ixer les seves impressions de l&#8217;activitat. \u00a0 \u00a0 \u00a0 \u00a0 \u00a0 \u00a0 \u00a0 \u00a0 \u00a0 \u00a0 \u00a0 \u00a0 \u00a0 \u00a0 \u00a0 \u00a0 \u00a0 \u00a0 \u00a0 \u00a0 \u00a0 \u00a0 \u00a0 \u00a0 \u00a0\u00a0 <a href=\"http:\/\/agora.xtec.cat\/ieslescala\/wp-content\/uploads\/usu933\/2018\/06\/revi.jpg\"><img loading=\"lazy\" decoding=\"async\" class=\"alignnone size-large wp-image-5748\" src=\"http:\/\/agora.xtec.cat\/ieslescala\/wp-content\/uploads\/usu933\/2018\/06\/revi-1024x510.jpg\" alt=\"\" width=\"1024\" height=\"510\" srcset=\"https:\/\/agora.xtec.cat\/ieslescala\/wp-content\/uploads\/usu933\/2018\/06\/revi-1024x510.jpg 1024w, https:\/\/agora.xtec.cat\/ieslescala\/wp-content\/uploads\/usu933\/2018\/06\/revi-300x149.jpg 300w, https:\/\/agora.xtec.cat\/ieslescala\/wp-content\/uploads\/usu933\/2018\/06\/revi-768x383.jpg 768w, https:\/\/agora.xtec.cat\/ieslescala\/wp-content\/uploads\/usu933\/2018\/06\/revi.jpg 1600w\" sizes=\"auto, (max-width: 1024px) 100vw, 1024px\" \/><\/a><\/p>\n<p><strong>1-Us ha agradat participar? Tornar\u00edeu a fer-ho?<\/strong><\/p>\n<p>S\u00ed, ens ha agradat i tornar\u00edem a participar un altre cop.<\/p>\n<p><strong>2-Qui us ha donat la idea de pa<\/strong><strong>rticipar?<\/strong><\/p>\n<p>Ens ha donat la idea la professora Margarita Vidal.<\/p>\n<p><strong>3-Heu tingut dificultats a l&#8217;hora d&#8217;aprendre el poema ?<\/strong><\/p>\n<p>No hem tingut dificultats perqu\u00e8 no \u00e9s el primer cop que hem hagut d&#8217;<span class=\"conjugation-level1\" title=\"regular\">aprendre<\/span> poemes de mem\u00f2ria.<\/p>\n<p><strong>4-Algun cop heu hagut d&#8217;aprendre altres poemes de mem\u00f2ria?<\/strong><\/p>\n<p>S\u00ed, hi han hagut altres cops, per exemple a les classes de catal\u00e0 i castell\u00e0 i el curs passat alguns de nosaltres vam participar tamb\u00e9 a la VI Mostra de poesia a Figueres.<\/p>\n<p><strong>5-Us heu posat nerviosos a l&#8217;hora de recitar els poemes davant la gent?<\/strong><\/p>\n<p>S\u00ed, ens hem posat molt nerviosos a l&#8217;hora de recitar els poemes; per\u00f2 la Margarita ens ha comentat que ho hem fet molt b\u00e9.<\/p>\n<p><strong>6-Quina paraula has triat del poema ?<br \/>\n<\/strong><\/p>\n<p>La Chayma ha triat &#8220;sentiment&#8221;, la Thoraya ha triat &#8220;ritme&#8221;, i la Majda ha triat &#8220;gosadia&#8221;.<\/p>\n<p><strong>7-Qui ha fet el decorat?<\/strong><\/p>\n<p>El decorat ha estat fet per la professora Margarita Vidal. Era un cor fet a m\u00e0 amb roba i un para-sol al qual se li ha tret la tela i s&#8217; han penjat las paraules clau dels poemes que hem recitat.<\/p>\n<p><strong>8-Us ha agradat treballar en equip ?<\/strong><\/p>\n<p>S\u00ed, ens ha agradat treballar en equip, encara que a les hores d&#8217;assajar no venia tot el grup.<\/p>\n<p><strong>9- Quines altres textos o muntatges us han agradat d&#8217;altres instituts participants?<\/strong><\/p>\n<p>Ens han agradat molt la recitaci\u00f3 de boxa i la de haikus japonesos.<\/p>\n<p>Moltes gr\u00e0cies a la Chaima, la Thoraya i la Majda per les seves respostes i \u00e0nims per seguir participant altres anys en aquesta activitat.<\/p>\n","protected":false},"excerpt":{"rendered":"<p>Entrevista de Nihad Oulad El passat 12 d&#8217;abril, alguns alumnes del nostre institut van participar a la VII Mostra de [&hellip;]<\/p>\n","protected":false},"author":90,"featured_media":5748,"comment_status":"closed","ping_status":"closed","sticky":false,"template":"","format":"standard","meta":{"_bbp_topic_count":0,"_bbp_reply_count":0,"_bbp_total_topic_count":0,"_bbp_total_reply_count":0,"_bbp_voice_count":0,"_bbp_anonymous_reply_count":0,"_bbp_topic_count_hidden":0,"_bbp_reply_count_hidden":0,"_bbp_forum_subforum_count":0,"site-sidebar-layout":"default","site-content-layout":"","ast-site-content-layout":"","site-content-style":"default","site-sidebar-style":"default","ast-global-header-display":"","ast-banner-title-visibility":"","ast-main-header-display":"","ast-hfb-above-header-display":"","ast-hfb-below-header-display":"","ast-hfb-mobile-header-display":"","site-post-title":"","ast-breadcrumbs-content":"","ast-featured-img":"","footer-sml-layout":"","theme-transparent-header-meta":"","adv-header-id-meta":"","stick-header-meta":"","header-above-stick-meta":"","header-main-stick-meta":"","header-below-stick-meta":"","astra-migrate-meta-layouts":"default","ast-page-background-enabled":"default","ast-page-background-meta":{"desktop":{"background-color":"var(--ast-global-color-4)","background-image":"","background-repeat":"repeat","background-position":"center center","background-size":"auto","background-attachment":"scroll","background-type":"","background-media":"","overlay-type":"","overlay-color":"","overlay-opacity":"","overlay-gradient":""},"tablet":{"background-color":"","background-image":"","background-repeat":"repeat","background-position":"center center","background-size":"auto","background-attachment":"scroll","background-type":"","background-media":"","overlay-type":"","overlay-color":"","overlay-opacity":"","overlay-gradient":""},"mobile":{"background-color":"","background-image":"","background-repeat":"repeat","background-position":"center center","background-size":"auto","background-attachment":"scroll","background-type":"","background-media":"","overlay-type":"","overlay-color":"","overlay-opacity":"","overlay-gradient":""}},"ast-content-background-meta":{"desktop":{"background-color":"var(--ast-global-color-5)","background-image":"","background-repeat":"repeat","background-position":"center center","background-size":"auto","background-attachment":"scroll","background-type":"","background-media":"","overlay-type":"","overlay-color":"","overlay-opacity":"","overlay-gradient":""},"tablet":{"background-color":"var(--ast-global-color-5)","background-image":"","background-repeat":"repeat","background-position":"center center","background-size":"auto","background-attachment":"scroll","background-type":"","background-media":"","overlay-type":"","overlay-color":"","overlay-opacity":"","overlay-gradient":""},"mobile":{"background-color":"var(--ast-global-color-5)","background-image":"","background-repeat":"repeat","background-position":"center center","background-size":"auto","background-attachment":"scroll","background-type":"","background-media":"","overlay-type":"","overlay-color":"","overlay-opacity":"","overlay-gradient":""}},"footnotes":""},"categories":[191],"tags":[],"class_list":["post-5746","post","type-post","status-publish","format-standard","has-post-thumbnail","hentry","category-revista-digital"],"post_mailing_queue_ids":[],"_links":{"self":[{"href":"https:\/\/agora.xtec.cat\/ieslescala\/wp-json\/wp\/v2\/posts\/5746","targetHints":{"allow":["GET"]}}],"collection":[{"href":"https:\/\/agora.xtec.cat\/ieslescala\/wp-json\/wp\/v2\/posts"}],"about":[{"href":"https:\/\/agora.xtec.cat\/ieslescala\/wp-json\/wp\/v2\/types\/post"}],"author":[{"embeddable":true,"href":"https:\/\/agora.xtec.cat\/ieslescala\/wp-json\/wp\/v2\/users\/90"}],"replies":[{"embeddable":true,"href":"https:\/\/agora.xtec.cat\/ieslescala\/wp-json\/wp\/v2\/comments?post=5746"}],"version-history":[{"count":3,"href":"https:\/\/agora.xtec.cat\/ieslescala\/wp-json\/wp\/v2\/posts\/5746\/revisions"}],"predecessor-version":[{"id":6001,"href":"https:\/\/agora.xtec.cat\/ieslescala\/wp-json\/wp\/v2\/posts\/5746\/revisions\/6001"}],"wp:featuredmedia":[{"embeddable":true,"href":"https:\/\/agora.xtec.cat\/ieslescala\/wp-json\/wp\/v2\/media\/5748"}],"wp:attachment":[{"href":"https:\/\/agora.xtec.cat\/ieslescala\/wp-json\/wp\/v2\/media?parent=5746"}],"wp:term":[{"taxonomy":"category","embeddable":true,"href":"https:\/\/agora.xtec.cat\/ieslescala\/wp-json\/wp\/v2\/categories?post=5746"},{"taxonomy":"post_tag","embeddable":true,"href":"https:\/\/agora.xtec.cat\/ieslescala\/wp-json\/wp\/v2\/tags?post=5746"}],"curies":[{"name":"wp","href":"https:\/\/api.w.org\/{rel}","templated":true}]}}