{"id":5425,"date":"2018-04-14T11:42:16","date_gmt":"2018-04-14T09:42:16","guid":{"rendered":"http:\/\/agora.xtec.cat\/ieslescala\/?p=5425"},"modified":"2020-09-19T14:10:04","modified_gmt":"2020-09-19T12:10:04","slug":"el-professor-jordi-roig-presenta-el-seu-ultim-llibre","status":"publish","type":"post","link":"https:\/\/agora.xtec.cat\/ieslescala\/general\/el-professor-jordi-roig-presenta-el-seu-ultim-llibre\/","title":{"rendered":"El professor Jordi Roig presenta el seu \u00faltim llibre"},"content":{"rendered":"<table style=\"width: 902px;\">\n<tbody>\n<tr>\n<td style=\"width: 442px;\">El professor del departament de socials de l\u2019Ins el Pedr\u00f3, en<strong> Jordi Roig<\/strong>, va presentar aquest dimecres el seu \u00faltim llibre <em><strong>Figueres desapareguda<\/strong>.<\/em><\/p>\n<p>Els historiadors Enric Pujol i Jordi Roig, autors del llibre, el van presentar a la Biblioteca Fages de Climent de Figueres amb un gran \u00e8xit.<\/p>\n<p>Aquest llibre recupera la Figueres pr\u00e8via a 1936, amb moltes imatges fins ara in\u00e8dites. Aix\u00f2 ens permet obtenir un retrat for\u00e7a afinat de la Figueres \u00abd\u2019abans de la guerra\u00bb. Aquesta etapa fou molt puixant i vital, fins al punt que arrib\u00e0 a ser mitificada i a ser vista com una \u00ab\u00e8poca d\u2019or\u00bb.<\/td>\n<td style=\"width: 451px;\"><a href=\"http:\/\/agora.xtec.cat\/ieslescala\/general\/el-professor-jordi-roig-presenta-el-seu-ultim-llibre\/attachment\/img_20180411_194931_616\/\" rel=\"attachment wp-att-5426\"><img loading=\"lazy\" decoding=\"async\" class=\"alignnone size-large wp-image-5426\" src=\"http:\/\/agora.xtec.cat\/ieslescala\/wp-content\/uploads\/usu933\/2018\/04\/IMG_20180411_194931_616-1024x768.jpg\" alt=\"\" width=\"1024\" height=\"768\" srcset=\"https:\/\/agora.xtec.cat\/ieslescala\/wp-content\/uploads\/usu933\/2018\/04\/IMG_20180411_194931_616-1024x768.jpg 1024w, https:\/\/agora.xtec.cat\/ieslescala\/wp-content\/uploads\/usu933\/2018\/04\/IMG_20180411_194931_616-300x225.jpg 300w, https:\/\/agora.xtec.cat\/ieslescala\/wp-content\/uploads\/usu933\/2018\/04\/IMG_20180411_194931_616-768x576.jpg 768w, https:\/\/agora.xtec.cat\/ieslescala\/wp-content\/uploads\/usu933\/2018\/04\/IMG_20180411_194931_616-200x150.jpg 200w, https:\/\/agora.xtec.cat\/ieslescala\/wp-content\/uploads\/usu933\/2018\/04\/IMG_20180411_194931_616.jpg 1600w\" sizes=\"auto, (max-width: 1024px) 100vw, 1024px\" \/><\/a><\/td>\n<\/tr>\n<\/tbody>\n<\/table>\n<p>&nbsp;<\/p>\n","protected":false},"excerpt":{"rendered":"<p>El professor del departament de socials de l\u2019Ins el Pedr\u00f3, en Jordi Roig, va presentar aquest dimecres el seu \u00faltim [&hellip;]<\/p>\n","protected":false},"author":84,"featured_media":5428,"comment_status":"closed","ping_status":"closed","sticky":false,"template":"","format":"standard","meta":{"_bbp_topic_count":0,"_bbp_reply_count":0,"_bbp_total_topic_count":0,"_bbp_total_reply_count":0,"_bbp_voice_count":0,"_bbp_anonymous_reply_count":0,"_bbp_topic_count_hidden":0,"_bbp_reply_count_hidden":0,"_bbp_forum_subforum_count":0,"site-sidebar-layout":"default","site-content-layout":"","ast-site-content-layout":"","site-content-style":"default","site-sidebar-style":"default","ast-global-header-display":"","ast-banner-title-visibility":"","ast-main-header-display":"","ast-hfb-above-header-display":"","ast-hfb-below-header-display":"","ast-hfb-mobile-header-display":"","site-post-title":"","ast-breadcrumbs-content":"","ast-featured-img":"","footer-sml-layout":"","theme-transparent-header-meta":"","adv-header-id-meta":"","stick-header-meta":"","header-above-stick-meta":"","header-main-stick-meta":"","header-below-stick-meta":"","astra-migrate-meta-layouts":"default","ast-page-background-enabled":"default","ast-page-background-meta":{"desktop":{"background-color":"var(--ast-global-color-4)","background-image":"","background-repeat":"repeat","background-position":"center center","background-size":"auto","background-attachment":"scroll","background-type":"","background-media":"","overlay-type":"","overlay-color":"","overlay-opacity":"","overlay-gradient":""},"tablet":{"background-color":"","background-image":"","background-repeat":"repeat","background-position":"center center","background-size":"auto","background-attachment":"scroll","background-type":"","background-media":"","overlay-type":"","overlay-color":"","overlay-opacity":"","overlay-gradient":""},"mobile":{"background-color":"","background-image":"","background-repeat":"repeat","background-position":"center center","background-size":"auto","background-attachment":"scroll","background-type":"","background-media":"","overlay-type":"","overlay-color":"","overlay-opacity":"","overlay-gradient":""}},"ast-content-background-meta":{"desktop":{"background-color":"var(--ast-global-color-5)","background-image":"","background-repeat":"repeat","background-position":"center center","background-size":"auto","background-attachment":"scroll","background-type":"","background-media":"","overlay-type":"","overlay-color":"","overlay-opacity":"","overlay-gradient":""},"tablet":{"background-color":"var(--ast-global-color-5)","background-image":"","background-repeat":"repeat","background-position":"center center","background-size":"auto","background-attachment":"scroll","background-type":"","background-media":"","overlay-type":"","overlay-color":"","overlay-opacity":"","overlay-gradient":""},"mobile":{"background-color":"var(--ast-global-color-5)","background-image":"","background-repeat":"repeat","background-position":"center center","background-size":"auto","background-attachment":"scroll","background-type":"","background-media":"","overlay-type":"","overlay-color":"","overlay-opacity":"","overlay-gradient":""}},"footnotes":""},"categories":[8,68,1],"tags":[],"class_list":["post-5425","post","type-post","status-publish","format-standard","has-post-thumbnail","hentry","category-batxillerat","category-departaments","category-general"],"post_mailing_queue_ids":[],"_links":{"self":[{"href":"https:\/\/agora.xtec.cat\/ieslescala\/wp-json\/wp\/v2\/posts\/5425","targetHints":{"allow":["GET"]}}],"collection":[{"href":"https:\/\/agora.xtec.cat\/ieslescala\/wp-json\/wp\/v2\/posts"}],"about":[{"href":"https:\/\/agora.xtec.cat\/ieslescala\/wp-json\/wp\/v2\/types\/post"}],"author":[{"embeddable":true,"href":"https:\/\/agora.xtec.cat\/ieslescala\/wp-json\/wp\/v2\/users\/84"}],"replies":[{"embeddable":true,"href":"https:\/\/agora.xtec.cat\/ieslescala\/wp-json\/wp\/v2\/comments?post=5425"}],"version-history":[{"count":3,"href":"https:\/\/agora.xtec.cat\/ieslescala\/wp-json\/wp\/v2\/posts\/5425\/revisions"}],"predecessor-version":[{"id":9097,"href":"https:\/\/agora.xtec.cat\/ieslescala\/wp-json\/wp\/v2\/posts\/5425\/revisions\/9097"}],"wp:featuredmedia":[{"embeddable":true,"href":"https:\/\/agora.xtec.cat\/ieslescala\/wp-json\/wp\/v2\/media\/5428"}],"wp:attachment":[{"href":"https:\/\/agora.xtec.cat\/ieslescala\/wp-json\/wp\/v2\/media?parent=5425"}],"wp:term":[{"taxonomy":"category","embeddable":true,"href":"https:\/\/agora.xtec.cat\/ieslescala\/wp-json\/wp\/v2\/categories?post=5425"},{"taxonomy":"post_tag","embeddable":true,"href":"https:\/\/agora.xtec.cat\/ieslescala\/wp-json\/wp\/v2\/tags?post=5425"}],"curies":[{"name":"wp","href":"https:\/\/api.w.org\/{rel}","templated":true}]}}