{"id":5410,"date":"2018-04-13T15:06:06","date_gmt":"2018-04-13T13:06:06","guid":{"rendered":"http:\/\/agora.xtec.cat\/ieslescala\/?p=5410"},"modified":"2022-06-02T18:17:56","modified_gmt":"2022-06-02T16:17:56","slug":"participem-a-la-mostra-de-poesia-de-les-comarques-gironines","status":"publish","type":"post","link":"https:\/\/agora.xtec.cat\/ieslescala\/biblioteca\/participem-a-la-mostra-de-poesia-de-les-comarques-gironines\/","title":{"rendered":"Participem a la Mostra de poesia de les comarques gironines"},"content":{"rendered":"<p style=\"text-align: justify;\">Dijous 12 d&#8217;abril un grup de 14 alumnes del nostre institut ha participat a la VII Mostra de poesia de les comarques gironines, juntament amb altres nou centres de secund\u00e0ria. L&#8217;activitat ha tingut lloc al teatre La Cate de Figueres durant tot el mat\u00ed i el poeta convidat en aquesta edici\u00f3 ha estat\u00a0 l&#8217;Enric Casasses.<\/p>\n<p style=\"text-align: justify;\">Nosaltres hem triat poemes de la Montserrat Abell\u00f3, per commemorar el centenari del seu naixement. Hem escollit alguns textos de &#8220;Al cor de les paraules&#8221; que tenen l&#8217;element com\u00fa de contenir el mot &#8220;paraula&#8221;. La recitaci\u00f3 ha estat acompanyada de la m\u00fasica en directe de viol\u00ed i de piano.<\/p>\n<p style=\"text-align: justify;\">Volem agrair la participaci\u00f3 volunt\u00e0ria de l&#8217;alumnat, que ha dedicat moltes hores d&#8217;esbarjo a assajar l&#8217;espectacle i que ha mostrat gran inter\u00e8s per tal que el treball d&#8217;equip surti b\u00e9.\u00a0 Felicitats, Nona, \u00c0lex,\u00a0 Chayma, Thoraya, Maryam, Majda, Paula, J\u00falia, Pau, Estel, Pep, Marina, Bochra i Gemma.<\/p>\n<p><a href=\"http:\/\/agora.xtec.cat\/ieslescala\/wp-content\/uploads\/usu933\/2018\/04\/DSC_0321.jpg\"><img loading=\"lazy\" decoding=\"async\" class=\"wp-image-5442 alignleft\" src=\"http:\/\/agora.xtec.cat\/ieslescala\/wp-content\/uploads\/usu933\/2018\/04\/DSC_0321-1024x901.jpg\" alt=\"\" width=\"373\" height=\"329\" srcset=\"https:\/\/agora.xtec.cat\/ieslescala\/wp-content\/uploads\/usu933\/2018\/04\/DSC_0321-1024x901.jpg 1024w, https:\/\/agora.xtec.cat\/ieslescala\/wp-content\/uploads\/usu933\/2018\/04\/DSC_0321-300x264.jpg 300w, https:\/\/agora.xtec.cat\/ieslescala\/wp-content\/uploads\/usu933\/2018\/04\/DSC_0321-768x676.jpg 768w, https:\/\/agora.xtec.cat\/ieslescala\/wp-content\/uploads\/usu933\/2018\/04\/DSC_0321.jpg 1600w\" sizes=\"auto, (max-width: 373px) 100vw, 373px\" \/><\/a><a href=\"http:\/\/agora.xtec.cat\/ieslescala\/wp-content\/uploads\/usu933\/2018\/04\/Majda.jpeg\"><img loading=\"lazy\" decoding=\"async\" class=\"wp-image-5448 alignright\" src=\"http:\/\/agora.xtec.cat\/ieslescala\/wp-content\/uploads\/usu933\/2018\/04\/Majda.jpeg\" alt=\"\" width=\"619\" height=\"331\" srcset=\"https:\/\/agora.xtec.cat\/ieslescala\/wp-content\/uploads\/usu933\/2018\/04\/Majda.jpeg 830w, https:\/\/agora.xtec.cat\/ieslescala\/wp-content\/uploads\/usu933\/2018\/04\/Majda-300x160.jpeg 300w, https:\/\/agora.xtec.cat\/ieslescala\/wp-content\/uploads\/usu933\/2018\/04\/Majda-768x411.jpeg 768w\" sizes=\"auto, (max-width: 619px) 100vw, 619px\" \/><\/a><a href=\"http:\/\/agora.xtec.cat\/ieslescala\/wp-content\/uploads\/usu933\/2018\/04\/DSC_0322.jpg\"><img loading=\"lazy\" decoding=\"async\" class=\" wp-image-5443 aligncenter\" src=\"http:\/\/agora.xtec.cat\/ieslescala\/wp-content\/uploads\/usu933\/2018\/04\/DSC_0322-1024x510.jpg\" alt=\"\" width=\"1048\" height=\"522\" srcset=\"https:\/\/agora.xtec.cat\/ieslescala\/wp-content\/uploads\/usu933\/2018\/04\/DSC_0322-1024x510.jpg 1024w, https:\/\/agora.xtec.cat\/ieslescala\/wp-content\/uploads\/usu933\/2018\/04\/DSC_0322-300x149.jpg 300w, https:\/\/agora.xtec.cat\/ieslescala\/wp-content\/uploads\/usu933\/2018\/04\/DSC_0322-768x383.jpg 768w, https:\/\/agora.xtec.cat\/ieslescala\/wp-content\/uploads\/usu933\/2018\/04\/DSC_0322.jpg 1600w\" sizes=\"auto, (max-width: 1048px) 100vw, 1048px\" \/><\/a><\/p>\n<p><a href=\"https:\/\/sites.google.com\/a\/xtec.cat\/llengua-ae\/mostra-de-poesia-secundaria-2018\"><img loading=\"lazy\" decoding=\"async\" class=\"size-full wp-image-5411 aligncenter\" src=\"http:\/\/agora.xtec.cat\/ieslescala\/wp-content\/uploads\/usu933\/2018\/04\/target\u00f3-poesia.png\" alt=\"\" width=\"763\" height=\"507\" srcset=\"https:\/\/agora.xtec.cat\/ieslescala\/wp-content\/uploads\/usu933\/2018\/04\/target\u00f3-poesia.png 763w, https:\/\/agora.xtec.cat\/ieslescala\/wp-content\/uploads\/usu933\/2018\/04\/target\u00f3-poesia-300x199.png 300w\" sizes=\"auto, (max-width: 763px) 100vw, 763px\" \/><\/a><\/p>\n<p>Aquest \u00e9s el programa VII Mostra de Poesia a Secund\u00e0ria i podeu veure un recull de fotos i tota l&#8217;explicaci\u00f3 de l&#8217;acte en aquest enlla\u00e7:<\/p>\n<p><a href=\"https:\/\/sites.google.com\/a\/xtec.cat\/llengua-ae\/mostra-de-poesia-secundaria-2018\">https:\/\/sites.google.com\/a\/xtec.cat\/llengua-ae\/mostra-de-poesia-secundaria-2018<\/a><\/p>\n<div dir=\"ltr\">\n<table style=\"width: 726px;\">\n<colgroup>\n<col width=\"58\" \/>\n<col width=\"99\" \/>\n<col width=\"220\" \/>\n<col width=\"177\" \/><\/colgroup>\n<tbody>\n<tr style=\"height: 32px;\">\n<td style=\"height: 32px; width: 43px;\">\n<p dir=\"ltr\">Hora<\/p>\n<\/td>\n<td style=\"height: 32px; width: 79px;\">\n<p dir=\"ltr\">Institut<\/p>\n<\/td>\n<td style=\"height: 32px; width: 10px;\">\n<p dir=\"ltr\">T\u00edtol<\/p>\n<\/td>\n<td style=\"height: 32px; width: 582px;\">\n<p dir=\"ltr\">Professors responsables<\/p>\n<\/td>\n<\/tr>\n<tr style=\"height: 137px;\">\n<td style=\"height: 137px; width: 43px;\">\n<p dir=\"ltr\">10.00<\/p>\n<\/td>\n<td style=\"height: 137px; width: 79px;\">\n<p dir=\"ltr\">Alexandre<\/p>\n<p dir=\"ltr\">Deulofeu<\/p>\n<p dir=\"ltr\">Figueres<\/p>\n<\/td>\n<td style=\"height: 137px; width: 10px;\">\n<p dir=\"ltr\">Espectacle de poesia i dansa amb poemes de Salvat-Papasseit.<\/p>\n<\/td>\n<td style=\"height: 137px; width: 582px;\">\n<p dir=\"ltr\">Carme Rami\u00f3, amb la col\u00b7laboraci\u00f3 de la companyia Agitart<\/p>\n<\/td>\n<\/tr>\n<tr style=\"height: 97px;\">\n<td style=\"height: 97px; width: 43px;\">\n<p dir=\"ltr\">10.15<\/p>\n<\/td>\n<td style=\"height: 97px; width: 79px;\">\n<p dir=\"ltr\">Narc\u00eds Monturiol<\/p>\n<p dir=\"ltr\">Figueres<\/p>\n<\/td>\n<td style=\"height: 97px; width: 10px;\">\n<p dir=\"ltr\">Arena nua. Poemes de Llu\u00eds S. Bosch i Ernest Pibernat<\/p>\n<\/td>\n<td style=\"height: 97px; width: 582px;\">\n<p dir=\"ltr\">Ernest Pibernat<\/p>\n<p dir=\"ltr\">M. \u00c0ngels Vila<\/p>\n<\/td>\n<\/tr>\n<tr style=\"height: 103px;\">\n<td style=\"height: 103px; width: 43px;\">\n<p dir=\"ltr\"><span style=\"text-decoration: underline;\"><strong>10.30<\/strong><\/span><\/p>\n<\/td>\n<td style=\"height: 103px; width: 79px;\">\n<p dir=\"ltr\"><span style=\"text-decoration: underline;\"><strong>El Pedr\u00f3<\/strong><\/span><\/p>\n<p dir=\"ltr\"><span style=\"text-decoration: underline;\"><strong>L\u2019Escala<\/strong><\/span><\/p>\n<\/td>\n<td style=\"height: 103px; width: 10px;\">\n<p dir=\"ltr\"><span style=\"text-decoration: underline;\"><strong>Al cor de les paraules. Poemes de Montserrat Abell\u00f3<\/strong><\/span><\/p>\n<\/td>\n<td style=\"height: 103px; width: 582px;\">\n<p dir=\"ltr\"><span style=\"text-decoration: underline;\"><strong>Margarita Vidal<\/strong><\/span><\/p>\n<p dir=\"ltr\"><span style=\"text-decoration: underline;\"><strong>Gisela Fiol<\/strong><\/span><\/p>\n<\/td>\n<\/tr>\n<tr style=\"height: 97px;\">\n<td style=\"height: 97px; width: 43px;\">\n<p dir=\"ltr\">10.45<\/p>\n<\/td>\n<td style=\"height: 97px; width: 79px;\">\n<p dir=\"ltr\">Cendrassos<\/p>\n<p dir=\"ltr\">Figueres<\/p>\n<\/td>\n<td style=\"height: 97px; width: 10px;\">\n<p dir=\"ltr\">Paraules d\u2019amor i de mort de M\u00e0rius Torres<\/p>\n<\/td>\n<td style=\"height: 97px; width: 582px;\">\n<p dir=\"ltr\">Irene Mu\u00f1oz<\/p>\n<p dir=\"ltr\">Maria Parra<\/p>\n<\/td>\n<\/tr>\n<tr style=\"height: 119px;\">\n<td style=\"height: 119px; width: 43px;\">\n<p dir=\"ltr\">11.00<\/p>\n<\/td>\n<td style=\"height: 119px; width: 79px;\">\n<p dir=\"ltr\">Castell\u00f3<\/p>\n<p dir=\"ltr\">Castell\u00f3 d\u2019Emp\u00faries<\/p>\n<\/td>\n<td style=\"height: 119px; width: 10px;\">\n<p dir=\"ltr\">Parlen les dones<\/p>\n<\/td>\n<td style=\"height: 119px; width: 582px;\">\n<p dir=\"ltr\">Quim Cubars\u00ed<\/p>\n<p dir=\"ltr\">Maria Espelt<\/p>\n<\/td>\n<\/tr>\n<tr style=\"height: 57px;\">\n<td style=\"height: 57px; width: 43px;\">\n<p dir=\"ltr\">11.15<\/p>\n<\/td>\n<td style=\"height: 57px; width: 671px;\" colspan=\"3\">\n<p dir=\"ltr\">Pausa esmorzar<\/p>\n<\/td>\n<\/tr>\n<tr style=\"height: 57px;\">\n<td style=\"height: 57px; width: 43px;\">\n<p dir=\"ltr\">11.45<\/p>\n<\/td>\n<td style=\"height: 57px; width: 671px;\" colspan=\"3\">\n<p dir=\"ltr\">Intervenci\u00f3 del poeta Enric Casasses<\/p>\n<\/td>\n<\/tr>\n<tr style=\"height: 177px;\">\n<td style=\"height: 177px; width: 43px;\">\n<p dir=\"ltr\">12.00<\/p>\n<\/td>\n<td style=\"height: 177px; width: 79px;\">\n<p dir=\"ltr\">Pere Alsius<\/p>\n<p dir=\"ltr\">Banyoles<\/p>\n<\/td>\n<td style=\"height: 177px; width: 10px;\">\n<p dir=\"ltr\">Combat po\u00e8tic<\/p>\n<\/td>\n<td style=\"height: 177px; width: 582px;\">\n<p dir=\"ltr\">Gemma Caja<\/p>\n<p dir=\"ltr\">Rafael Ferr\u00e9<\/p>\n<p dir=\"ltr\">Jaume Vila<\/p>\n<p dir=\"ltr\">Judith Torrent<\/p>\n<\/td>\n<\/tr>\n<tr style=\"height: 97px;\">\n<td style=\"height: 97px; width: 43px;\">\n<p dir=\"ltr\">12.15<\/p>\n<\/td>\n<td style=\"height: 97px; width: 79px;\">\n<p dir=\"ltr\">Vall de Ll\u00e9mena<\/p>\n<p dir=\"ltr\">Sant Gregori<\/p>\n<\/td>\n<td style=\"height: 97px; width: 10px;\">\n<p dir=\"ltr\">Com un n\u00favol lleuger<\/p>\n<\/td>\n<td style=\"height: 97px; width: 582px;\">\n<p dir=\"ltr\">Rafel Vil\u00e0<\/p>\n<p dir=\"ltr\">Fal\u00f3 Garcia<\/p>\n<\/td>\n<\/tr>\n<tr style=\"height: 53px;\">\n<td style=\"height: 53px; width: 43px;\">\n<p dir=\"ltr\">12.30<\/p>\n<\/td>\n<td style=\"height: 53px; width: 79px;\">\n<p dir=\"ltr\">Sils<\/p>\n<p dir=\"ltr\">Sils<\/p>\n<\/td>\n<td style=\"height: 53px; width: 10px;\">\n<p dir=\"ltr\">Ximpleries? No, Pedrals<\/p>\n<\/td>\n<td style=\"height: 53px; width: 582px;\">\n<p dir=\"ltr\">Lola Torrent<\/p>\n<\/td>\n<\/tr>\n<tr style=\"height: 95px;\">\n<td style=\"height: 95px; width: 43px;\">\n<p dir=\"ltr\">12.45<\/p>\n<\/td>\n<td style=\"height: 95px; width: 79px;\">\n<p dir=\"ltr\">Ramon Muntaner<\/p>\n<p dir=\"ltr\">Figueres<\/p>\n<\/td>\n<td style=\"height: 95px; width: 10px;\">\n<p dir=\"ltr\">No s\u00e9 qu\u00e8 busco a trav\u00e9s dels teus ulls. Poemes d\u2019amor.<\/p>\n<\/td>\n<td style=\"height: 95px; width: 582px;\">\n<p dir=\"ltr\">Marta Planas<\/p>\n<\/td>\n<\/tr>\n<tr style=\"height: 80px;\">\n<td style=\"height: 80px; width: 43px;\">\n<p dir=\"ltr\">13.00<\/p>\n<\/td>\n<td style=\"height: 80px; width: 79px;\">\n<p dir=\"ltr\">MontsacopaOlot<\/p>\n<\/td>\n<td style=\"height: 80px; width: 10px;\">\n<p dir=\"ltr\">Alguns poemes del 36, de Ricard Creus<\/p>\n<\/td>\n<td style=\"height: 80px; width: 582px;\">\n<p dir=\"ltr\">Rosa Vilanova<\/p>\n<\/td>\n<\/tr>\n<tr style=\"height: 57px;\">\n<td style=\"height: 57px; width: 43px;\">\n<p dir=\"ltr\">13.15<\/p>\n<\/td>\n<td style=\"height: 57px; width: 671px;\" colspan=\"3\">\n<p dir=\"ltr\">CLOENDA I COMIAT<\/p>\n<\/td>\n<\/tr>\n<\/tbody>\n<\/table>\n<\/div>\n","protected":false},"excerpt":{"rendered":"<p>Dijous 12 d&#8217;abril un grup de 14 alumnes del nostre institut ha participat a la VII Mostra de poesia de [&hellip;]<\/p>\n","protected":false},"author":40,"featured_media":5447,"comment_status":"closed","ping_status":"closed","sticky":false,"template":"","format":"standard","meta":{"_bbp_topic_count":0,"_bbp_reply_count":0,"_bbp_total_topic_count":0,"_bbp_total_reply_count":0,"_bbp_voice_count":0,"_bbp_anonymous_reply_count":0,"_bbp_topic_count_hidden":0,"_bbp_reply_count_hidden":0,"_bbp_forum_subforum_count":0,"site-sidebar-layout":"default","site-content-layout":"","ast-site-content-layout":"","site-content-style":"default","site-sidebar-style":"default","ast-global-header-display":"","ast-banner-title-visibility":"","ast-main-header-display":"","ast-hfb-above-header-display":"","ast-hfb-below-header-display":"","ast-hfb-mobile-header-display":"","site-post-title":"","ast-breadcrumbs-content":"","ast-featured-img":"","footer-sml-layout":"","theme-transparent-header-meta":"","adv-header-id-meta":"","stick-header-meta":"","header-above-stick-meta":"","header-main-stick-meta":"","header-below-stick-meta":"","astra-migrate-meta-layouts":"default","ast-page-background-enabled":"default","ast-page-background-meta":{"desktop":{"background-color":"var(--ast-global-color-4)","background-image":"","background-repeat":"repeat","background-position":"center center","background-size":"auto","background-attachment":"scroll","background-type":"","background-media":"","overlay-type":"","overlay-color":"","overlay-opacity":"","overlay-gradient":""},"tablet":{"background-color":"","background-image":"","background-repeat":"repeat","background-position":"center center","background-size":"auto","background-attachment":"scroll","background-type":"","background-media":"","overlay-type":"","overlay-color":"","overlay-opacity":"","overlay-gradient":""},"mobile":{"background-color":"","background-image":"","background-repeat":"repeat","background-position":"center center","background-size":"auto","background-attachment":"scroll","background-type":"","background-media":"","overlay-type":"","overlay-color":"","overlay-opacity":"","overlay-gradient":""}},"ast-content-background-meta":{"desktop":{"background-color":"var(--ast-global-color-5)","background-image":"","background-repeat":"repeat","background-position":"center center","background-size":"auto","background-attachment":"scroll","background-type":"","background-media":"","overlay-type":"","overlay-color":"","overlay-opacity":"","overlay-gradient":""},"tablet":{"background-color":"var(--ast-global-color-5)","background-image":"","background-repeat":"repeat","background-position":"center center","background-size":"auto","background-attachment":"scroll","background-type":"","background-media":"","overlay-type":"","overlay-color":"","overlay-opacity":"","overlay-gradient":""},"mobile":{"background-color":"var(--ast-global-color-5)","background-image":"","background-repeat":"repeat","background-position":"center center","background-size":"auto","background-attachment":"scroll","background-type":"","background-media":"","overlay-type":"","overlay-color":"","overlay-opacity":"","overlay-gradient":""}},"footnotes":""},"categories":[218,178,221],"tags":[179,208],"class_list":["post-5410","post","type-post","status-publish","format-standard","has-post-thumbnail","hentry","category-actes-culturals","category-biblioteca","category-families","tag-activitats-biblioteca","tag-poesia"],"post_mailing_queue_ids":[],"_links":{"self":[{"href":"https:\/\/agora.xtec.cat\/ieslescala\/wp-json\/wp\/v2\/posts\/5410","targetHints":{"allow":["GET"]}}],"collection":[{"href":"https:\/\/agora.xtec.cat\/ieslescala\/wp-json\/wp\/v2\/posts"}],"about":[{"href":"https:\/\/agora.xtec.cat\/ieslescala\/wp-json\/wp\/v2\/types\/post"}],"author":[{"embeddable":true,"href":"https:\/\/agora.xtec.cat\/ieslescala\/wp-json\/wp\/v2\/users\/40"}],"replies":[{"embeddable":true,"href":"https:\/\/agora.xtec.cat\/ieslescala\/wp-json\/wp\/v2\/comments?post=5410"}],"version-history":[{"count":3,"href":"https:\/\/agora.xtec.cat\/ieslescala\/wp-json\/wp\/v2\/posts\/5410\/revisions"}],"predecessor-version":[{"id":5452,"href":"https:\/\/agora.xtec.cat\/ieslescala\/wp-json\/wp\/v2\/posts\/5410\/revisions\/5452"}],"wp:featuredmedia":[{"embeddable":true,"href":"https:\/\/agora.xtec.cat\/ieslescala\/wp-json\/wp\/v2\/media\/5447"}],"wp:attachment":[{"href":"https:\/\/agora.xtec.cat\/ieslescala\/wp-json\/wp\/v2\/media?parent=5410"}],"wp:term":[{"taxonomy":"category","embeddable":true,"href":"https:\/\/agora.xtec.cat\/ieslescala\/wp-json\/wp\/v2\/categories?post=5410"},{"taxonomy":"post_tag","embeddable":true,"href":"https:\/\/agora.xtec.cat\/ieslescala\/wp-json\/wp\/v2\/tags?post=5410"}],"curies":[{"name":"wp","href":"https:\/\/api.w.org\/{rel}","templated":true}]}}