{"id":5404,"date":"2018-04-26T13:46:47","date_gmt":"2018-04-26T11:46:47","guid":{"rendered":"http:\/\/agora.xtec.cat\/ieslescala\/?p=5404"},"modified":"2018-04-26T13:46:47","modified_gmt":"2018-04-26T11:46:47","slug":"festival-de-la-canco-deurovisio-2018","status":"publish","type":"post","link":"https:\/\/agora.xtec.cat\/ieslescala\/biblioteca\/revista-digital\/festival-de-la-canco-deurovisio-2018\/","title":{"rendered":"FESTIVAL DE LA CAN\u00c7\u00d3 D&#8217;EUROVISI\u00d3 2018"},"content":{"rendered":"<p style=\"text-align: justify;\"><em>El LXIII Festival de la Can\u00e7\u00f3 d&#8217;Eurovisi\u00f3<\/em> se celebrar\u00e0 a la capital lusitana, Lisboa, els dies 8, 10 i 12 de maig de 2018. El certamen ser\u00e0 albergat en el Altice Arena -despr\u00e9s de la vict\u00f2ria de Portugal en l&#8217;edici\u00f3 anterior- i ser\u00e0 condu\u00eft per Catarina Furtado, Daniela Ruah, Filomena Cautela i S\u00edlvia Albert. Ser\u00e0 la segona ocasi\u00f3, despr\u00e9s de l&#8217;edici\u00f3 de Viena de 2015, en qu\u00e8 ser\u00e0 presentat \u00fanicament per dones.<\/p>\n<p style=\"text-align: justify;\">Falta nom\u00e9s un mes per al Festival d&#8217;Eurovisi\u00f3. El proper 12 de maig, l&#8217;O2 de Lisboa celebrar\u00e0 la gran final del certamen amb totes les mirades posades en Amaia i Alfred, encarregats de representar Espanya amb la balada &#8220;Tu canci\u00f3n&#8221;.<\/p>\n<p style=\"text-align: justify;\">L&#8217;Amaia i l&#8217; Alfred s\u00f3n respectivament la guanyadora i el quart finalista d&#8217;OT 2017; en el mateix programa van fer una gala especial d&#8217;Eurovisi\u00f3, amb els cinc finalistes i l&#8217;\u00faltim expulsat. Amaia, Alfred, Aitana, Ana Guerra, Agoney i Miriam. Van presentar les seg\u00fcents can\u00e7ons:<\/p>\n<p style=\"text-align: justify;\"><strong><em>Can\u00e7ons solistes:<\/em><\/strong><\/p>\n<p style=\"text-align: justify;\">Amaia: <a href=\"https:\/\/www.youtube.com\/watch?v=NCOU4PWnlKw\">&#8220;Al Cantar&#8221;\u00a0 <\/a><\/p>\n<p style=\"text-align: justify;\">Alfred: <a href=\"https:\/\/www.youtube.com\/watch?v=1dVPSv-imsU\">&#8220;Que nos sigan las luces&#8221;<\/a><\/p>\n<p style=\"text-align: justify;\">Aitana: <a href=\"https:\/\/www.youtube.com\/watch?v=y1FYI5l9sHM\">&#8220;Arde&#8221;<\/a><\/p>\n<p style=\"text-align: justify;\">Ana G: <a href=\"https:\/\/www.youtube.com\/watch?v=lRCE23tSOAI\">&#8220;El Remedio&#8221;<\/a><\/p>\n<p style=\"text-align: justify;\">Miriam: <a href=\"https:\/\/www.youtube.com\/watch?v=lmMJF8hBj4U\">&#8220;Lejos de tu piel&#8221; <\/a><\/p>\n<p style=\"text-align: justify;\"><strong><em>Can\u00e7ons amb duet:<\/em><\/strong><\/p>\n<p style=\"text-align: justify;\">Amaia i Alfred: <a href=\"https:\/\/www.youtube.com\/watch?v=5gb_OdvTnic\">&#8220;Tu canci\u00f3n&#8221;<\/a><\/p>\n<p style=\"text-align: justify;\">Agoney i Miriam: <a href=\"https:\/\/www.youtube.com\/watch?v=FcVqPtzY4Y4\">&#8220;Magia&#8221;<\/a><\/p>\n<p style=\"text-align: justify;\">Aitana i Ana Guerra: <a href=\"https:\/\/www.youtube.com\/watch?v=yLHlaqLZy2Y\">&#8220;Lo Malo&#8221;<\/a><\/p>\n<p style=\"text-align: justify;\">Quan van acabar la gala, mitjan\u00e7ant una votaci\u00f3 van escollir la can\u00e7\u00f3 de l&#8217;Alfred i l&#8217;Amaia per representar Espanya a Eurovisi\u00f3.<\/p>\n<p><img loading=\"lazy\" decoding=\"async\" class=\"irc_mi alignleft\" src=\"http:\/\/www.lecturas.com\/medio\/2018\/03\/12\/alfred-y-amaia-posan-para-eurovision_2fbf3b05_875x540.jpg\" alt=\"Imatge relacionada\" width=\"324\" height=\"200\" \/><\/p>\n<p>&nbsp;<\/p>\n","protected":false},"excerpt":{"rendered":"<p>El LXIII Festival de la Can\u00e7\u00f3 d&#8217;Eurovisi\u00f3 se celebrar\u00e0 a la capital lusitana, Lisboa, els dies 8, 10 i 12 [&hellip;]<\/p>\n","protected":false},"author":93,"featured_media":5405,"comment_status":"closed","ping_status":"closed","sticky":false,"template":"","format":"standard","meta":{"_bbp_topic_count":0,"_bbp_reply_count":0,"_bbp_total_topic_count":0,"_bbp_total_reply_count":0,"_bbp_voice_count":0,"_bbp_anonymous_reply_count":0,"_bbp_topic_count_hidden":0,"_bbp_reply_count_hidden":0,"_bbp_forum_subforum_count":0,"site-sidebar-layout":"default","site-content-layout":"","ast-site-content-layout":"","site-content-style":"default","site-sidebar-style":"default","ast-global-header-display":"","ast-banner-title-visibility":"","ast-main-header-display":"","ast-hfb-above-header-display":"","ast-hfb-below-header-display":"","ast-hfb-mobile-header-display":"","site-post-title":"","ast-breadcrumbs-content":"","ast-featured-img":"","footer-sml-layout":"","theme-transparent-header-meta":"","adv-header-id-meta":"","stick-header-meta":"","header-above-stick-meta":"","header-main-stick-meta":"","header-below-stick-meta":"","astra-migrate-meta-layouts":"default","ast-page-background-enabled":"default","ast-page-background-meta":{"desktop":{"background-color":"var(--ast-global-color-4)","background-image":"","background-repeat":"repeat","background-position":"center center","background-size":"auto","background-attachment":"scroll","background-type":"","background-media":"","overlay-type":"","overlay-color":"","overlay-opacity":"","overlay-gradient":""},"tablet":{"background-color":"","background-image":"","background-repeat":"repeat","background-position":"center center","background-size":"auto","background-attachment":"scroll","background-type":"","background-media":"","overlay-type":"","overlay-color":"","overlay-opacity":"","overlay-gradient":""},"mobile":{"background-color":"","background-image":"","background-repeat":"repeat","background-position":"center center","background-size":"auto","background-attachment":"scroll","background-type":"","background-media":"","overlay-type":"","overlay-color":"","overlay-opacity":"","overlay-gradient":""}},"ast-content-background-meta":{"desktop":{"background-color":"var(--ast-global-color-5)","background-image":"","background-repeat":"repeat","background-position":"center center","background-size":"auto","background-attachment":"scroll","background-type":"","background-media":"","overlay-type":"","overlay-color":"","overlay-opacity":"","overlay-gradient":""},"tablet":{"background-color":"var(--ast-global-color-5)","background-image":"","background-repeat":"repeat","background-position":"center center","background-size":"auto","background-attachment":"scroll","background-type":"","background-media":"","overlay-type":"","overlay-color":"","overlay-opacity":"","overlay-gradient":""},"mobile":{"background-color":"var(--ast-global-color-5)","background-image":"","background-repeat":"repeat","background-position":"center center","background-size":"auto","background-attachment":"scroll","background-type":"","background-media":"","overlay-type":"","overlay-color":"","overlay-opacity":"","overlay-gradient":""}},"footnotes":""},"categories":[191],"tags":[93],"class_list":["post-5404","post","type-post","status-publish","format-standard","has-post-thumbnail","hentry","category-revista-digital","tag-revista-digital"],"post_mailing_queue_ids":[],"_links":{"self":[{"href":"https:\/\/agora.xtec.cat\/ieslescala\/wp-json\/wp\/v2\/posts\/5404","targetHints":{"allow":["GET"]}}],"collection":[{"href":"https:\/\/agora.xtec.cat\/ieslescala\/wp-json\/wp\/v2\/posts"}],"about":[{"href":"https:\/\/agora.xtec.cat\/ieslescala\/wp-json\/wp\/v2\/types\/post"}],"author":[{"embeddable":true,"href":"https:\/\/agora.xtec.cat\/ieslescala\/wp-json\/wp\/v2\/users\/93"}],"replies":[{"embeddable":true,"href":"https:\/\/agora.xtec.cat\/ieslescala\/wp-json\/wp\/v2\/comments?post=5404"}],"version-history":[{"count":3,"href":"https:\/\/agora.xtec.cat\/ieslescala\/wp-json\/wp\/v2\/posts\/5404\/revisions"}],"predecessor-version":[{"id":5570,"href":"https:\/\/agora.xtec.cat\/ieslescala\/wp-json\/wp\/v2\/posts\/5404\/revisions\/5570"}],"wp:featuredmedia":[{"embeddable":true,"href":"https:\/\/agora.xtec.cat\/ieslescala\/wp-json\/wp\/v2\/media\/5405"}],"wp:attachment":[{"href":"https:\/\/agora.xtec.cat\/ieslescala\/wp-json\/wp\/v2\/media?parent=5404"}],"wp:term":[{"taxonomy":"category","embeddable":true,"href":"https:\/\/agora.xtec.cat\/ieslescala\/wp-json\/wp\/v2\/categories?post=5404"},{"taxonomy":"post_tag","embeddable":true,"href":"https:\/\/agora.xtec.cat\/ieslescala\/wp-json\/wp\/v2\/tags?post=5404"}],"curies":[{"name":"wp","href":"https:\/\/api.w.org\/{rel}","templated":true}]}}