{"id":5364,"date":"2018-03-28T12:33:41","date_gmt":"2018-03-28T10:33:41","guid":{"rendered":"http:\/\/agora.xtec.cat\/ieslescala\/?p=5364"},"modified":"2018-03-28T12:52:26","modified_gmt":"2018-03-28T10:52:26","slug":"dijous-29-de-marc-berenar-literari-a-torroella-de-montgri","status":"publish","type":"post","link":"https:\/\/agora.xtec.cat\/ieslescala\/biblioteca\/dijous-29-de-marc-berenar-literari-a-torroella-de-montgri\/","title":{"rendered":"Dijous 29 de mar\u00e7, Berenar Literari a Torroella de Montgr\u00ed"},"content":{"rendered":"<p style=\"text-align: justify;\"><strong>Dem\u00e0 dijous 29 de mar\u00e7 tindr\u00e0 lloc a Torroella de Montgr\u00ed el<\/strong> <strong>Berenar Literari del 2018, organitzat per la llibreria El Cucut<\/strong>. Enguany est\u00e0 dedicat a l&#8217;escriptora Montserrat Abell\u00f3, en el centenari del seu naixement, habilitant un espai on es llegiran ininterrompudament les seves poesies.<\/p>\n<p style=\"text-align: justify;\"><a href=\"http:\/\/agora.xtec.cat\/ieslescala\/wp-content\/uploads\/usu933\/2018\/03\/El-Cucut.jpeg\"><img loading=\"lazy\" decoding=\"async\" class=\"size-full wp-image-5368 alignright\" src=\"http:\/\/agora.xtec.cat\/ieslescala\/wp-content\/uploads\/usu933\/2018\/03\/El-Cucut.jpeg\" alt=\"\" width=\"123\" height=\"136\" \/><\/a><img loading=\"lazy\" decoding=\"async\" class=\"size-full wp-image-5366 alignright\" src=\"http:\/\/agora.xtec.cat\/ieslescala\/wp-content\/uploads\/usu933\/2018\/03\/Berenar-literari.jpeg\" alt=\"\" width=\"305\" height=\"149\" srcset=\"https:\/\/agora.xtec.cat\/ieslescala\/wp-content\/uploads\/usu933\/2018\/03\/Berenar-literari.jpeg 305w, https:\/\/agora.xtec.cat\/ieslescala\/wp-content\/uploads\/usu933\/2018\/03\/Berenar-literari-300x147.jpeg 300w\" sizes=\"auto, (max-width: 305px) 100vw, 305px\" \/>Amb aquesta activitat s&#8217;adhereixen a\u00a0l\u2019homenatge que la Instituci\u00f3 de les Lletres Catalanes ha organitzat durant aquest any per recordar la nostra\u00a0\u00a0poeta\u00a0<a href=\"http:\/\/www.anymontserratabello.cat\/\" target=\"_blank\" rel=\"nofollow noopener noreferrer\">www.anymontserratabello.cat<\/a><\/p>\n<p style=\"text-align: justify;\">Al Berenar Literari 2018 hi assistiran molt\u00edssims escriptors i escriptores. Podeu consultar tots els noms a la p\u00e0gina de la llibreria:\u00a0 \u00a0<a href=\"http:\/\/www.llibreriaelcucut.cat\/autors-berenar-2018\">http:\/\/www.llibreriaelcucut.cat\/autors-berenar-2018<\/a><\/p>\n<p style=\"text-align: justify;\"><span style=\"font-size: 1em;\"><strong><span style=\"font-family: inherit;\">UNA FESTA DE\u00a0<\/span><\/strong><\/span><strong><span style=\"font-family: inherit;\">LA LITERATURA ABANS DE SANT JORDI!<\/span><\/strong><\/p>\n<p><img loading=\"lazy\" decoding=\"async\" class=\"size-full wp-image-5370 alignleft\" src=\"http:\/\/agora.xtec.cat\/ieslescala\/wp-content\/uploads\/usu933\/2018\/03\/abello\u0301.jpeg\" alt=\"\" width=\"259\" height=\"194\" srcset=\"https:\/\/agora.xtec.cat\/ieslescala\/wp-content\/uploads\/usu933\/2018\/03\/abello\u0301.jpeg 259w, https:\/\/agora.xtec.cat\/ieslescala\/wp-content\/uploads\/usu933\/2018\/03\/abello\u0301-200x150.jpeg 200w\" sizes=\"auto, (max-width: 259px) 100vw, 259px\" \/><\/p>\n<p style=\"text-align: justify;\"><span style=\"font-size: 1em;\"><strong><span style=\"font-family: inherit;\">NO US LA PERDEU!!!<\/span><\/strong><\/span><\/p>\n<p><img loading=\"lazy\" decoding=\"async\" class=\"size-full wp-image-5369 alignleft\" src=\"http:\/\/agora.xtec.cat\/ieslescala\/wp-content\/uploads\/usu933\/2018\/03\/any-abello\u0301.png\" alt=\"\" width=\"277\" height=\"182\" \/><\/p>\n<p>&nbsp;<\/p>\n","protected":false},"excerpt":{"rendered":"<p>Dem\u00e0 dijous 29 de mar\u00e7 tindr\u00e0 lloc a Torroella de Montgr\u00ed el Berenar Literari del 2018, organitzat per la llibreria [&hellip;]<\/p>\n","protected":false},"author":40,"featured_media":5366,"comment_status":"closed","ping_status":"closed","sticky":false,"template":"","format":"standard","meta":{"_bbp_topic_count":0,"_bbp_reply_count":0,"_bbp_total_topic_count":0,"_bbp_total_reply_count":0,"_bbp_voice_count":0,"_bbp_anonymous_reply_count":0,"_bbp_topic_count_hidden":0,"_bbp_reply_count_hidden":0,"_bbp_forum_subforum_count":0,"site-sidebar-layout":"default","site-content-layout":"","ast-site-content-layout":"","site-content-style":"default","site-sidebar-style":"default","ast-global-header-display":"","ast-banner-title-visibility":"","ast-main-header-display":"","ast-hfb-above-header-display":"","ast-hfb-below-header-display":"","ast-hfb-mobile-header-display":"","site-post-title":"","ast-breadcrumbs-content":"","ast-featured-img":"","footer-sml-layout":"","theme-transparent-header-meta":"","adv-header-id-meta":"","stick-header-meta":"","header-above-stick-meta":"","header-main-stick-meta":"","header-below-stick-meta":"","astra-migrate-meta-layouts":"default","ast-page-background-enabled":"default","ast-page-background-meta":{"desktop":{"background-color":"var(--ast-global-color-4)","background-image":"","background-repeat":"repeat","background-position":"center center","background-size":"auto","background-attachment":"scroll","background-type":"","background-media":"","overlay-type":"","overlay-color":"","overlay-opacity":"","overlay-gradient":""},"tablet":{"background-color":"","background-image":"","background-repeat":"repeat","background-position":"center center","background-size":"auto","background-attachment":"scroll","background-type":"","background-media":"","overlay-type":"","overlay-color":"","overlay-opacity":"","overlay-gradient":""},"mobile":{"background-color":"","background-image":"","background-repeat":"repeat","background-position":"center center","background-size":"auto","background-attachment":"scroll","background-type":"","background-media":"","overlay-type":"","overlay-color":"","overlay-opacity":"","overlay-gradient":""}},"ast-content-background-meta":{"desktop":{"background-color":"var(--ast-global-color-5)","background-image":"","background-repeat":"repeat","background-position":"center center","background-size":"auto","background-attachment":"scroll","background-type":"","background-media":"","overlay-type":"","overlay-color":"","overlay-opacity":"","overlay-gradient":""},"tablet":{"background-color":"var(--ast-global-color-5)","background-image":"","background-repeat":"repeat","background-position":"center center","background-size":"auto","background-attachment":"scroll","background-type":"","background-media":"","overlay-type":"","overlay-color":"","overlay-opacity":"","overlay-gradient":""},"mobile":{"background-color":"var(--ast-global-color-5)","background-image":"","background-repeat":"repeat","background-position":"center center","background-size":"auto","background-attachment":"scroll","background-type":"","background-media":"","overlay-type":"","overlay-color":"","overlay-opacity":"","overlay-gradient":""}},"footnotes":""},"categories":[218,178],"tags":[],"class_list":["post-5364","post","type-post","status-publish","format-standard","has-post-thumbnail","hentry","category-actes-culturals","category-biblioteca"],"post_mailing_queue_ids":[],"_links":{"self":[{"href":"https:\/\/agora.xtec.cat\/ieslescala\/wp-json\/wp\/v2\/posts\/5364","targetHints":{"allow":["GET"]}}],"collection":[{"href":"https:\/\/agora.xtec.cat\/ieslescala\/wp-json\/wp\/v2\/posts"}],"about":[{"href":"https:\/\/agora.xtec.cat\/ieslescala\/wp-json\/wp\/v2\/types\/post"}],"author":[{"embeddable":true,"href":"https:\/\/agora.xtec.cat\/ieslescala\/wp-json\/wp\/v2\/users\/40"}],"replies":[{"embeddable":true,"href":"https:\/\/agora.xtec.cat\/ieslescala\/wp-json\/wp\/v2\/comments?post=5364"}],"version-history":[{"count":3,"href":"https:\/\/agora.xtec.cat\/ieslescala\/wp-json\/wp\/v2\/posts\/5364\/revisions"}],"predecessor-version":[{"id":5375,"href":"https:\/\/agora.xtec.cat\/ieslescala\/wp-json\/wp\/v2\/posts\/5364\/revisions\/5375"}],"wp:featuredmedia":[{"embeddable":true,"href":"https:\/\/agora.xtec.cat\/ieslescala\/wp-json\/wp\/v2\/media\/5366"}],"wp:attachment":[{"href":"https:\/\/agora.xtec.cat\/ieslescala\/wp-json\/wp\/v2\/media?parent=5364"}],"wp:term":[{"taxonomy":"category","embeddable":true,"href":"https:\/\/agora.xtec.cat\/ieslescala\/wp-json\/wp\/v2\/categories?post=5364"},{"taxonomy":"post_tag","embeddable":true,"href":"https:\/\/agora.xtec.cat\/ieslescala\/wp-json\/wp\/v2\/tags?post=5364"}],"curies":[{"name":"wp","href":"https:\/\/api.w.org\/{rel}","templated":true}]}}