{"id":5348,"date":"2018-03-25T12:02:18","date_gmt":"2018-03-25T10:02:18","guid":{"rendered":"http:\/\/agora.xtec.cat\/ieslescala\/?p=5348"},"modified":"2018-03-25T12:19:18","modified_gmt":"2018-03-25T10:19:18","slug":"2-dabril-dia-internacional-del-llibre-infantil-2018","status":"publish","type":"post","link":"https:\/\/agora.xtec.cat\/ieslescala\/eso\/eso-1\/2-dabril-dia-internacional-del-llibre-infantil-2018\/","title":{"rendered":"2 d&#8217;abril: DIA INTERNACIONAL DEL LLIBRE INFANTIL 2018"},"content":{"rendered":"<p style=\"text-align: justify;\"><a href=\"http:\/\/agora.xtec.cat\/ieslescala\/wp-content\/uploads\/usu933\/2018\/03\/Logo_Andersen_comic_cat.png\"><img loading=\"lazy\" decoding=\"async\" class=\"wp-image-5352 alignleft\" src=\"http:\/\/agora.xtec.cat\/ieslescala\/wp-content\/uploads\/usu933\/2018\/03\/Logo_Andersen_comic_cat.png\" alt=\"\" width=\"429\" height=\"229\" srcset=\"https:\/\/agora.xtec.cat\/ieslescala\/wp-content\/uploads\/usu933\/2018\/03\/Logo_Andersen_comic_cat.png 600w, https:\/\/agora.xtec.cat\/ieslescala\/wp-content\/uploads\/usu933\/2018\/03\/Logo_Andersen_comic_cat-300x161.png 300w\" sizes=\"auto, (max-width: 429px) 100vw, 429px\" \/><\/a>Per commemorar el naixement de l&#8217;escriptor dan\u00e8s Hans Christian Andersen, el dia 2 d&#8217;abril celebrem a tot el m\u00f3n el &#8220;Dia internacional del llibre infantil&#8221; i us convidem a participar en el concurs d&#8217;aquest<a href=\"http:\/\/agora.xtec.cat\/ieslescala\/wp-content\/uploads\/usu933\/2018\/03\/DILI_cat.jpg\"><img loading=\"lazy\" decoding=\"async\" class=\"wp-image-5349 alignright\" src=\"http:\/\/agora.xtec.cat\/ieslescala\/wp-content\/uploads\/usu933\/2018\/03\/DILI_cat-724x1024.jpg\" alt=\"\" width=\"408\" height=\"577\" srcset=\"https:\/\/agora.xtec.cat\/ieslescala\/wp-content\/uploads\/usu933\/2018\/03\/DILI_cat-724x1024.jpg 724w, https:\/\/agora.xtec.cat\/ieslescala\/wp-content\/uploads\/usu933\/2018\/03\/DILI_cat-212x300.jpg 212w, https:\/\/agora.xtec.cat\/ieslescala\/wp-content\/uploads\/usu933\/2018\/03\/DILI_cat-768x1086.jpg 768w, https:\/\/agora.xtec.cat\/ieslescala\/wp-content\/uploads\/usu933\/2018\/03\/DILI_cat.jpg 800w\" sizes=\"auto, (max-width: 408px) 100vw, 408px\" \/><\/a> any &#8220;<strong>Un conte de H.C. Andersen en c\u00f2mic<\/strong>&#8220;. La participaci\u00f3 es pot fer a trav\u00e9s de les escoles, biblioteques i llibreries. L&#8217;edat l\u00edmit \u00e9s <strong>fins a 2n curs d&#8217;ESO. <\/strong><\/p>\n<p style=\"text-align: justify;\"><strong>Aqu\u00ed teniu <a href=\"https:\/\/mega.nz\/#!z1YDVBAK!v9du0wgZGfmxQtYi1oZ88zYbsAt2Cm-5L2PTzbgVtOM\">les bases del concurs,<\/a>\u00a0promogut pel Consell Catal\u00e0 del LLibre Infantil i Juvenil.\u00a0Teniu temps per presentar-vos fins al dia 23 d&#8217;abril<\/strong>.<\/p>\n<p style=\"text-align: justify;\"><span style=\"font-family: inherit; font-size: 1em;\">Enguany Let\u00f2nia ha estat el pa\u00eds membre de l&#8217;IBBY (l&#8217;International Board on <a href=\"http:\/\/agora.xtec.cat\/ieslescala\/wp-content\/uploads\/usu933\/2018\/03\/logoClijcat.png\"><img loading=\"lazy\" decoding=\"async\" class=\"wp-image-5351 alignleft\" src=\"http:\/\/agora.xtec.cat\/ieslescala\/wp-content\/uploads\/usu933\/2018\/03\/logoClijcat.png\" alt=\"\" width=\"194\" height=\"135\" srcset=\"https:\/\/agora.xtec.cat\/ieslescala\/wp-content\/uploads\/usu933\/2018\/03\/logoClijcat.png 633w, https:\/\/agora.xtec.cat\/ieslescala\/wp-content\/uploads\/usu933\/2018\/03\/logoClijcat-300x209.png 300w\" sizes=\"auto, (max-width: 194px) 100vw, 194px\" \/><\/a>Books for Young People) que s&#8217;ha encarregat de triar els autors que han fet el missatge i el cartell que teniu aqu\u00ed al costat: Inese Zandere i Reinis Petersons. A Catalunya, la representaci\u00f3 institucional de l&#8217;IBBY\u00a0 la t\u00e9 el CONSELL CATAL\u00c0 DEL LliBRE INFANTIL I JUVENIL&#8221; o\u00a0 &#8220;ClijCAT&#8221;.<\/span><span style=\"font-family: inherit; font-size: 1em;\">\u00a0<\/span><\/p>\n<p><strong>El lema d&#8217;aquest dia \u00e9s &#8220;En un llibre, el petit esdev\u00e9 gran&#8221;.<\/strong><\/p>\n<p>Volem destacar-ne\u00a0 aquestes frases: &#8220;Un llibre infantil representa el respecte per la grandesa del que \u00e9s petit. Representa un m\u00f3n que es crea de nou una vegada i una altra, una serietat l\u00fadica i preciosa, sense la qual tot, inclosa la literatura infantil, seria senzillament una ocupaci\u00f3 buida de sentit.&#8221;<\/p>\n<p><span style=\"font-family: inherit; font-size: 1em;\">En aquesta p\u00e0gina web podeu llegir el manifest sencer d&#8217;aquest any:\u00a0<\/span><a href=\"https:\/\/www.oepli.org\/ca\/Dia-Internacional-Libro-Infantil\">https:\/\/www.oepli.org\/ca\/Dia-Internacional-Libro-Infantil<\/a>.<\/p>\n","protected":false},"excerpt":{"rendered":"<p>Per commemorar el naixement de l&#8217;escriptor dan\u00e8s Hans Christian Andersen, el dia 2 d&#8217;abril celebrem a tot el m\u00f3n el [&hellip;]<\/p>\n","protected":false},"author":40,"featured_media":5349,"comment_status":"closed","ping_status":"closed","sticky":false,"template":"","format":"standard","meta":{"_bbp_topic_count":0,"_bbp_reply_count":0,"_bbp_total_topic_count":0,"_bbp_total_reply_count":0,"_bbp_voice_count":0,"_bbp_anonymous_reply_count":0,"_bbp_topic_count_hidden":0,"_bbp_reply_count_hidden":0,"_bbp_forum_subforum_count":0,"site-sidebar-layout":"default","site-content-layout":"","ast-site-content-layout":"","site-content-style":"default","site-sidebar-style":"default","ast-global-header-display":"","ast-banner-title-visibility":"","ast-main-header-display":"","ast-hfb-above-header-display":"","ast-hfb-below-header-display":"","ast-hfb-mobile-header-display":"","site-post-title":"","ast-breadcrumbs-content":"","ast-featured-img":"","footer-sml-layout":"","theme-transparent-header-meta":"","adv-header-id-meta":"","stick-header-meta":"","header-above-stick-meta":"","header-main-stick-meta":"","header-below-stick-meta":"","astra-migrate-meta-layouts":"default","ast-page-background-enabled":"default","ast-page-background-meta":{"desktop":{"background-color":"var(--ast-global-color-4)","background-image":"","background-repeat":"repeat","background-position":"center center","background-size":"auto","background-attachment":"scroll","background-type":"","background-media":"","overlay-type":"","overlay-color":"","overlay-opacity":"","overlay-gradient":""},"tablet":{"background-color":"","background-image":"","background-repeat":"repeat","background-position":"center center","background-size":"auto","background-attachment":"scroll","background-type":"","background-media":"","overlay-type":"","overlay-color":"","overlay-opacity":"","overlay-gradient":""},"mobile":{"background-color":"","background-image":"","background-repeat":"repeat","background-position":"center center","background-size":"auto","background-attachment":"scroll","background-type":"","background-media":"","overlay-type":"","overlay-color":"","overlay-opacity":"","overlay-gradient":""}},"ast-content-background-meta":{"desktop":{"background-color":"var(--ast-global-color-5)","background-image":"","background-repeat":"repeat","background-position":"center center","background-size":"auto","background-attachment":"scroll","background-type":"","background-media":"","overlay-type":"","overlay-color":"","overlay-opacity":"","overlay-gradient":""},"tablet":{"background-color":"var(--ast-global-color-5)","background-image":"","background-repeat":"repeat","background-position":"center center","background-size":"auto","background-attachment":"scroll","background-type":"","background-media":"","overlay-type":"","overlay-color":"","overlay-opacity":"","overlay-gradient":""},"mobile":{"background-color":"var(--ast-global-color-5)","background-image":"","background-repeat":"repeat","background-position":"center center","background-size":"auto","background-attachment":"scroll","background-type":"","background-media":"","overlay-type":"","overlay-color":"","overlay-opacity":"","overlay-gradient":""}},"footnotes":""},"categories":[178,217,4,5,221,213,71,216],"tags":[],"class_list":["post-5348","post","type-post","status-publish","format-standard","has-post-thumbnail","hentry","category-biblioteca","category-commemoracions","category-eso-1","category-eso-2","category-families","category-lectura","category-llengua-catalana","category-premis-i-concursos"],"post_mailing_queue_ids":[],"_links":{"self":[{"href":"https:\/\/agora.xtec.cat\/ieslescala\/wp-json\/wp\/v2\/posts\/5348","targetHints":{"allow":["GET"]}}],"collection":[{"href":"https:\/\/agora.xtec.cat\/ieslescala\/wp-json\/wp\/v2\/posts"}],"about":[{"href":"https:\/\/agora.xtec.cat\/ieslescala\/wp-json\/wp\/v2\/types\/post"}],"author":[{"embeddable":true,"href":"https:\/\/agora.xtec.cat\/ieslescala\/wp-json\/wp\/v2\/users\/40"}],"replies":[{"embeddable":true,"href":"https:\/\/agora.xtec.cat\/ieslescala\/wp-json\/wp\/v2\/comments?post=5348"}],"version-history":[{"count":3,"href":"https:\/\/agora.xtec.cat\/ieslescala\/wp-json\/wp\/v2\/posts\/5348\/revisions"}],"predecessor-version":[{"id":5357,"href":"https:\/\/agora.xtec.cat\/ieslescala\/wp-json\/wp\/v2\/posts\/5348\/revisions\/5357"}],"wp:featuredmedia":[{"embeddable":true,"href":"https:\/\/agora.xtec.cat\/ieslescala\/wp-json\/wp\/v2\/media\/5349"}],"wp:attachment":[{"href":"https:\/\/agora.xtec.cat\/ieslescala\/wp-json\/wp\/v2\/media?parent=5348"}],"wp:term":[{"taxonomy":"category","embeddable":true,"href":"https:\/\/agora.xtec.cat\/ieslescala\/wp-json\/wp\/v2\/categories?post=5348"},{"taxonomy":"post_tag","embeddable":true,"href":"https:\/\/agora.xtec.cat\/ieslescala\/wp-json\/wp\/v2\/tags?post=5348"}],"curies":[{"name":"wp","href":"https:\/\/api.w.org\/{rel}","templated":true}]}}