{"id":5315,"date":"2018-03-22T12:27:18","date_gmt":"2018-03-22T11:27:18","guid":{"rendered":"http:\/\/agora.xtec.cat\/ieslescala\/?p=5315"},"modified":"2020-09-19T14:11:17","modified_gmt":"2020-09-19T12:11:17","slug":"dia-mundial-de-la-poesia-2","status":"publish","type":"post","link":"https:\/\/agora.xtec.cat\/ieslescala\/general\/dia-mundial-de-la-poesia-2\/","title":{"rendered":"Dia mundial de la poesia"},"content":{"rendered":"<table style=\"width: 747px;\">\n<tbody>\n<tr>\n<td style=\"width: 362px;\">\n<p style=\"text-align: justify;\">Coincidint amb l&#8217;arribada de la primavera, la Unesco va declarar el dia 21 de mar\u00e7 <strong>Dia Mundial de la Poesia<\/strong>. Per commemorar-lo, al nostre institut hem llegit el poema de Marc Granell &#8220;La poesia&#8221; en 10 lleng\u00fces diferents: catal\u00e0, castell\u00e0, franc\u00e8s, angl\u00e8s, itali\u00e0, alemany, eusquera, \u00e0rab, llat\u00ed, hindi i roman\u00e8s.<\/p>\n<p style=\"text-align: justify;\">Aquest poema, escrit per Granell en catal\u00e0, s&#8217;ha tradu\u00eft a nombroses lleng\u00fces, mostrant la riquesa mundial de la creaci\u00f3 po\u00e8tica. Podeu veure totes les traduccions<a href=\"http:\/\/www.lletrescatalanes.cat\/es\/documentacio-ilc\/item\/fulleto-dia-mundia-de-la-poesia-2018\"> en aquest enlla\u00e7. <\/a><\/p>\n<p style=\"text-align: justify;\">Tamb\u00e9 podeu escoltar les lectures en v\u00eddeo, amb la veu dels\u00a0 traductors voluntaris a la p\u00e0gina de la <a href=\"http:\/\/www.lletrescatalanes.cat\/es\/repositori-dia-mundial-poesia\/category\/videos-18\">Instituci\u00f3 de les Lletres Catalanes.<\/a><\/p>\n<\/td>\n<td style=\"width: 376px;\">\u00a0<a title=\"Dia de la poesia 2018\" href=\"https:\/\/www.flickr.com\/photos\/132106126@N03\/albums\/72157693978717444\" data-flickr-embed=\"true\"><img loading=\"lazy\" decoding=\"async\" src=\"https:\/\/farm1.staticflickr.com\/785\/40228260674_77fe43c8e2_z.jpg\" alt=\"Dia de la poesia 2018\" width=\"640\" height=\"480\" \/><script async src=\"\/\/embedr.flickr.com\/assets\/client-code.js\" charset=\"utf-8\"><\/script><\/a><\/td>\n<\/tr>\n<\/tbody>\n<\/table>\n<table style=\"height: 396px;\" width=\"740\">\n<tbody>\n<tr>\n<td style=\"width: 364.967px;\"><a href=\"http:\/\/agora.xtec.cat\/ieslescala\/wp-content\/uploads\/usu933\/2018\/03\/dia_mundial_lateral.jpg\"><img loading=\"lazy\" decoding=\"async\" class=\"wp-image-5127 aligncenter\" src=\"http:\/\/agora.xtec.cat\/ieslescala\/wp-content\/uploads\/usu933\/2018\/03\/dia_mundial_lateral.jpg\" alt=\"\" width=\"226\" height=\"350\" srcset=\"https:\/\/agora.xtec.cat\/ieslescala\/wp-content\/uploads\/usu933\/2018\/03\/dia_mundial_lateral.jpg 230w, https:\/\/agora.xtec.cat\/ieslescala\/wp-content\/uploads\/usu933\/2018\/03\/dia_mundial_lateral-193x300.jpg 193w\" sizes=\"auto, (max-width: 226px) 100vw, 226px\" \/><\/a><\/td>\n<td style=\"width: 367.033px; text-align: justify;\">L&#8217;INS El Pedr\u00f3 de l&#8217;Escala ens hem afegit a la gran festa de la paraula i de les lletres promoguda per la <strong>Instituci\u00f3 de les Lletres Catalanes<\/strong>, qui celebra i fomenta tot un seguit d\u2019iniciatives, presencials i\/o a trav\u00e9s de la xarxa, arreu dels territoris de parla catalana (d&#8217;Alacant a L&#8217;Alguer i des de la Franja a Puigcerd\u00e0).<\/p>\n<p><strong>Aquest acte \u00e9s una bona manera de millorar la cohesi\u00f3 social del centre, d&#8217;acostar-se a la lectura po\u00e8tica i de valorar la riquesa cultural i ling\u00fc\u00edstica de la nostra comunitat educativa.<\/strong><\/p>\n<p>A la taula de destacats de la biblioteca teniu totes les traduccions del poema a la vostra disposici\u00f3.<\/td>\n<\/tr>\n<\/tbody>\n<\/table>\n<p>&nbsp;<\/p>\n","protected":false},"excerpt":{"rendered":"<p>Coincidint amb l&#8217;arribada de la primavera, la Unesco va declarar el dia 21 de mar\u00e7 Dia Mundial de la Poesia. [&hellip;]<\/p>\n","protected":false},"author":84,"featured_media":5317,"comment_status":"closed","ping_status":"closed","sticky":false,"template":"","format":"standard","meta":{"_bbp_topic_count":0,"_bbp_reply_count":0,"_bbp_total_topic_count":0,"_bbp_total_reply_count":0,"_bbp_voice_count":0,"_bbp_anonymous_reply_count":0,"_bbp_topic_count_hidden":0,"_bbp_reply_count_hidden":0,"_bbp_forum_subforum_count":0,"site-sidebar-layout":"default","site-content-layout":"","ast-site-content-layout":"","site-content-style":"default","site-sidebar-style":"default","ast-global-header-display":"","ast-banner-title-visibility":"","ast-main-header-display":"","ast-hfb-above-header-display":"","ast-hfb-below-header-display":"","ast-hfb-mobile-header-display":"","site-post-title":"","ast-breadcrumbs-content":"","ast-featured-img":"","footer-sml-layout":"","theme-transparent-header-meta":"","adv-header-id-meta":"","stick-header-meta":"","header-above-stick-meta":"","header-main-stick-meta":"","header-below-stick-meta":"","astra-migrate-meta-layouts":"default","ast-page-background-enabled":"default","ast-page-background-meta":{"desktop":{"background-color":"var(--ast-global-color-4)","background-image":"","background-repeat":"repeat","background-position":"center center","background-size":"auto","background-attachment":"scroll","background-type":"","background-media":"","overlay-type":"","overlay-color":"","overlay-opacity":"","overlay-gradient":""},"tablet":{"background-color":"","background-image":"","background-repeat":"repeat","background-position":"center center","background-size":"auto","background-attachment":"scroll","background-type":"","background-media":"","overlay-type":"","overlay-color":"","overlay-opacity":"","overlay-gradient":""},"mobile":{"background-color":"","background-image":"","background-repeat":"repeat","background-position":"center center","background-size":"auto","background-attachment":"scroll","background-type":"","background-media":"","overlay-type":"","overlay-color":"","overlay-opacity":"","overlay-gradient":""}},"ast-content-background-meta":{"desktop":{"background-color":"var(--ast-global-color-5)","background-image":"","background-repeat":"repeat","background-position":"center center","background-size":"auto","background-attachment":"scroll","background-type":"","background-media":"","overlay-type":"","overlay-color":"","overlay-opacity":"","overlay-gradient":""},"tablet":{"background-color":"var(--ast-global-color-5)","background-image":"","background-repeat":"repeat","background-position":"center center","background-size":"auto","background-attachment":"scroll","background-type":"","background-media":"","overlay-type":"","overlay-color":"","overlay-opacity":"","overlay-gradient":""},"mobile":{"background-color":"var(--ast-global-color-5)","background-image":"","background-repeat":"repeat","background-position":"center center","background-size":"auto","background-attachment":"scroll","background-type":"","background-media":"","overlay-type":"","overlay-color":"","overlay-opacity":"","overlay-gradient":""}},"footnotes":""},"categories":[8,178,30,68,1,83,62],"tags":[179,200,208],"class_list":["post-5315","post","type-post","status-publish","format-standard","has-post-thumbnail","hentry","category-batxillerat","category-biblioteca","category-cicles-formatius","category-departaments","category-general","category-projectes","category-secretaria","tag-activitats-biblioteca","tag-lectura","tag-poesia"],"post_mailing_queue_ids":[],"_links":{"self":[{"href":"https:\/\/agora.xtec.cat\/ieslescala\/wp-json\/wp\/v2\/posts\/5315","targetHints":{"allow":["GET"]}}],"collection":[{"href":"https:\/\/agora.xtec.cat\/ieslescala\/wp-json\/wp\/v2\/posts"}],"about":[{"href":"https:\/\/agora.xtec.cat\/ieslescala\/wp-json\/wp\/v2\/types\/post"}],"author":[{"embeddable":true,"href":"https:\/\/agora.xtec.cat\/ieslescala\/wp-json\/wp\/v2\/users\/84"}],"replies":[{"embeddable":true,"href":"https:\/\/agora.xtec.cat\/ieslescala\/wp-json\/wp\/v2\/comments?post=5315"}],"version-history":[{"count":3,"href":"https:\/\/agora.xtec.cat\/ieslescala\/wp-json\/wp\/v2\/posts\/5315\/revisions"}],"predecessor-version":[{"id":5342,"href":"https:\/\/agora.xtec.cat\/ieslescala\/wp-json\/wp\/v2\/posts\/5315\/revisions\/5342"}],"wp:featuredmedia":[{"embeddable":true,"href":"https:\/\/agora.xtec.cat\/ieslescala\/wp-json\/wp\/v2\/media\/5317"}],"wp:attachment":[{"href":"https:\/\/agora.xtec.cat\/ieslescala\/wp-json\/wp\/v2\/media?parent=5315"}],"wp:term":[{"taxonomy":"category","embeddable":true,"href":"https:\/\/agora.xtec.cat\/ieslescala\/wp-json\/wp\/v2\/categories?post=5315"},{"taxonomy":"post_tag","embeddable":true,"href":"https:\/\/agora.xtec.cat\/ieslescala\/wp-json\/wp\/v2\/tags?post=5315"}],"curies":[{"name":"wp","href":"https:\/\/api.w.org\/{rel}","templated":true}]}}