{"id":5300,"date":"2018-03-16T17:11:00","date_gmt":"2018-03-16T16:11:00","guid":{"rendered":"http:\/\/agora.xtec.cat\/ieslescala\/?p=5300"},"modified":"2018-03-17T11:37:32","modified_gmt":"2018-03-17T10:37:32","slug":"comenca-el-mot-el-festival-literari-de-girona-i-olot","status":"publish","type":"post","link":"https:\/\/agora.xtec.cat\/ieslescala\/biblioteca\/comenca-el-mot-el-festival-literari-de-girona-i-olot\/","title":{"rendered":"Comen\u00e7a el  MOT, el Festival Literari de Girona i Olot"},"content":{"rendered":"<p style=\"text-align: justify;\"><a href=\"http:\/\/agora.xtec.cat\/ieslescala\/wp-content\/uploads\/usu933\/2018\/03\/banner-web.jpg\"><img loading=\"lazy\" decoding=\"async\" class=\"wp-image-5301 alignright\" src=\"http:\/\/agora.xtec.cat\/ieslescala\/wp-content\/uploads\/usu933\/2018\/03\/banner-web.jpg\" alt=\"\" width=\"610\" height=\"348\" srcset=\"https:\/\/agora.xtec.cat\/ieslescala\/wp-content\/uploads\/usu933\/2018\/03\/banner-web.jpg 1000w, https:\/\/agora.xtec.cat\/ieslescala\/wp-content\/uploads\/usu933\/2018\/03\/banner-web-300x171.jpg 300w, https:\/\/agora.xtec.cat\/ieslescala\/wp-content\/uploads\/usu933\/2018\/03\/banner-web-768x439.jpg 768w\" sizes=\"auto, (max-width: 610px) 100vw, 610px\" \/><\/a>Del 15 al 24 de mar\u00e7 t\u00e9 lloc a Girona i a Olot el Festival MOT 2018. Es tracta d&#8217;un festival de literatura, que en l&#8217;edici\u00f3 actual t\u00e9 com a t\u00edtol LITERATURA ENCARNADA<\/p>\n<p style=\"text-align: justify;\">Consisteix en xerrades, confer\u00e8ncies i taules rodones d&#8217;assist\u00e8ncia gratu\u00efta\u00a0 amb la col\u00b7laboraci\u00f3 de molts escriptors i altres persones relacionades amb el m\u00f3n editorial i de la lectura.<\/p>\n<p style=\"text-align: justify;\">Aqu\u00ed teniu el programa complert:\u00a0<a href=\"http:\/\/edicio-2018.festivalmot.cat\/programacio\/\">http:\/\/edicio-2018.festivalmot.cat\/programacio\/<\/a><\/p>\n<p style=\"text-align: justify;\">Ahir va comen\u00e7ar a la BIblioteca Carles Rahola de Girona amb la pres\u00e8ncia, entre d&#8217;altres autors, de Ferran Torrent.<\/p>\n<p style=\"text-align: justify;\"><strong>US ANIMEM A PARTICIPAR-HI<\/strong><\/p>\n<div class=\"et_pb_text et_pb_module et_pb_bg_layout_light et_pb_text_align_left et_pb_text_0 et_pb_with_border\">\n<div class=\"et_pb_text_inner\">\n<blockquote>\n<h3>Programa Girona<\/h3>\n<\/blockquote>\n<\/div>\n<\/div>\n<div class=\"et_pb_text et_pb_module et_pb_bg_layout_light et_pb_text_align_left et_pb_text_1 et_pb_with_border\">\n<div class=\"et_pb_text_inner\">\n<div id=\"wpv-view-layout-4991-TCPID4955\" class=\"js-wpv-view-layout js-wpv-layout-responsive js-wpv-view-layout-4991-TCPID4955\" data-viewnumber=\"4991-TCPID4955\" data-pagination=\"{&quot;id&quot;:&quot;4991&quot;,&quot;base_permalink&quot;:&quot;\/programacio\/?wpv_view_count=4991-TCPID4955&amp;wpv_paged=WPV_PAGE_NUM&quot;,&quot;query&quot;:&quot;normal&quot;,&quot;type&quot;:&quot;disabled&quot;,&quot;effect&quot;:&quot;fade&quot;,&quot;duration&quot;:500,&quot;speed&quot;:5,&quot;pause_on_hover&quot;:&quot;disabled&quot;,&quot;stop_rollover&quot;:&quot;false&quot;,&quot;cache_pages&quot;:&quot;enabled&quot;,&quot;preload_images&quot;:&quot;enabled&quot;,&quot;preload_pages&quot;:&quot;enabled&quot;,&quot;preload_reach&quot;:1,&quot;spinner&quot;:&quot;builtin&quot;,&quot;spinner_image&quot;:&quot;http:\/\/edicio-2017.festivalmot.cat\/wp-content\/plugins\/wp-views\/res\/img\/ajax-loader.gif&quot;,&quot;callback_next&quot;:&quot;&quot;,&quot;manage_history&quot;:&quot;enabled&quot;,&quot;has_controls_in_form&quot;:&quot;disabled&quot;,&quot;infinite_tolerance&quot;:&quot;0&quot;,&quot;max_pages&quot;:0,&quot;page&quot;:1,&quot;loop&quot;:{&quot;type&quot;:&quot;&quot;,&quot;name&quot;:&quot;&quot;,&quot;data&quot;:[],&quot;id&quot;:0}}\" data-permalink=\"\/programacio\/?wpv_view_count=4991-TCPID4955\">\n<div class=\"row\">\n<h3 class=\"col-sm-3\"><a href=\"http:\/\/edicio-2018.festivalmot.cat\/acte\/obertura-del-festival-i-presentacio-de-ledicio-literatura-encarnada\/\"><img decoding=\"async\" src=\"http:\/\/edicio-2018.festivalmot.cat\/wp-content\/uploads\/sites\/7\/2017\/02\/Josep_Ramoneda-233x155_center_center.png\" \/><\/a><\/h3>\n<div>Presentaci\u00f3 del Festival: 15 de mar\u00e7<\/div>\n<div><\/div>\n<h3 class=\"col-sm-3\"><a href=\"http:\/\/edicio-2018.festivalmot.cat\/acte\/conversa-escoltar_i_escriure\/\"><img decoding=\"async\" src=\"http:\/\/edicio-2018.festivalmot.cat\/wp-content\/uploads\/sites\/7\/2018\/02\/escoltar-i-escriure-233x155_center_center.jpg\" \/><\/a><\/h3>\n<div>Conversa: Escoltar i escriure<\/div>\n<div>15 de mar\u00e7 &#8211; 18:00<\/div>\n<h3 class=\"col-sm-3\"><a href=\"http:\/\/edicio-2018.festivalmot.cat\/acte\/conversa_mite_innocencia\/\"><img decoding=\"async\" src=\"http:\/\/edicio-2018.festivalmot.cat\/wp-content\/uploads\/sites\/7\/2018\/02\/el-mite-de-la-innoc%C3%A8ncia-233x155_center_center.jpg\" \/><\/a><\/h3>\n<div>Conversa: El mite de la innoc\u00e8ncia<\/div>\n<div>15 de mar\u00e7 &#8211; 20:00<\/div>\n<h3 class=\"col-sm-3\"><a href=\"http:\/\/edicio-2018.festivalmot.cat\/acte\/conversa-escriptura_exploracio\/\"><img decoding=\"async\" src=\"http:\/\/edicio-2018.festivalmot.cat\/wp-content\/uploads\/sites\/7\/2018\/02\/escriptura-i-exploraci%C3%B3-233x155_center_center.jpg\" \/><\/a><\/h3>\n<div>Conversa: Escriptura i exploraci\u00f3<\/div>\n<div>16 de mar\u00e7 &#8211; 18:00<\/div>\n<\/div>\n<div class=\"row\">\n<div class=\"col-sm-3\">\n<p><a href=\"http:\/\/edicio-2018.festivalmot.cat\/acte\/conversa-llum_en_la_foscos\/\"><img decoding=\"async\" src=\"http:\/\/edicio-2018.festivalmot.cat\/wp-content\/uploads\/sites\/7\/2018\/02\/llum-en-la-foscor-233x155_center_center.jpg\" \/><\/a><\/p>\n<div>Conversa: Llum en la foscor<\/div>\n<div>16 de mar\u00e7 &#8211; 20:00<\/div>\n<\/div>\n<div class=\"col-sm-3\">\n<p><a href=\"http:\/\/edicio-2018.festivalmot.cat\/acte\/conversa-al_cor_de_la_historia\/\"><img decoding=\"async\" src=\"http:\/\/edicio-2018.festivalmot.cat\/wp-content\/uploads\/sites\/7\/2018\/02\/al-cor-de-la-hist%C3%B2ria-233x155_center_center.jpg\" \/><\/a><\/p>\n<div>Conversa: Al cor de la hist\u00f2ria<\/div>\n<div>16 de mar\u00e7 &#8211; 22:00<\/div>\n<\/div>\n<div class=\"col-sm-3\">\n<p><a href=\"http:\/\/edicio-2018.festivalmot.cat\/acte\/ver-mot-delinquencia\/\"><img decoding=\"async\" src=\"http:\/\/edicio-2018.festivalmot.cat\/wp-content\/uploads\/sites\/7\/2017\/02\/VERMOT_GIRONA___-233x155_center_center.jpg\" \/><\/a><\/p>\n<div>VerMOT: Narrar la delinq\u00fc\u00e8ncia ordin\u00e0ria<\/div>\n<div>17 de mar\u00e7 &#8211; 12:00<\/div>\n<\/div>\n<div class=\"col-sm-3\">\n<p><a href=\"http:\/\/edicio-2018.festivalmot.cat\/acte\/conversa-novellar_conflicte_basc\/\"><img decoding=\"async\" src=\"http:\/\/edicio-2018.festivalmot.cat\/wp-content\/uploads\/sites\/7\/2018\/02\/narrar-el-conflicte-basc-233x155_center_center.jpg\" \/><\/a><\/p>\n<div>Conversa: Novel\u00b7lar el conflicte basc<\/div>\n<div>17 de mar\u00e7 &#8211; 18:00<\/div>\n<\/div>\n<\/div>\n<div class=\"row\">\n<div class=\"col-sm-3\">\n<p><a href=\"http:\/\/edicio-2018.festivalmot.cat\/acte\/conversa-escriptura_resistencia_futur\/\"><img decoding=\"async\" src=\"http:\/\/edicio-2018.festivalmot.cat\/wp-content\/uploads\/sites\/7\/2018\/02\/escriptura-de-resist%C3%A8ncia-i-futur-233x155_center_center.jpg\" \/><\/a><\/p>\n<div>Conversa: Escriptura de resist\u00e8ncia i futur<\/div>\n<div>17 de mar\u00e7 &#8211; 20:00<\/div>\n<\/div>\n<div class=\"col-sm-3\"><\/div>\n<div class=\"col-sm-3\">\n<div class=\"et_pb_text et_pb_module et_pb_bg_layout_light et_pb_text_align_left et_pb_text_2 et_pb_with_border\">\n<div class=\"et_pb_text_inner\">\n<blockquote>\n<h3>Programa Olot<\/h3>\n<\/blockquote>\n<\/div>\n<\/div>\n<div class=\"et_pb_text et_pb_module et_pb_bg_layout_light et_pb_text_align_left et_pb_text_3 et_pb_with_border\">\n<div class=\"et_pb_text_inner\">\n<div id=\"wpv-view-layout-5029-TCPID4955\" class=\"js-wpv-view-layout js-wpv-layout-responsive js-wpv-view-layout-5029-TCPID4955\" data-viewnumber=\"5029-TCPID4955\" data-pagination=\"{&quot;id&quot;:&quot;5029&quot;,&quot;base_permalink&quot;:&quot;\/programacio\/?wpv_view_count=5029-TCPID4955&amp;wpv_paged=WPV_PAGE_NUM&quot;,&quot;query&quot;:&quot;normal&quot;,&quot;type&quot;:&quot;disabled&quot;,&quot;effect&quot;:&quot;fade&quot;,&quot;duration&quot;:500,&quot;speed&quot;:5,&quot;pause_on_hover&quot;:&quot;disabled&quot;,&quot;stop_rollover&quot;:&quot;false&quot;,&quot;cache_pages&quot;:&quot;enabled&quot;,&quot;preload_images&quot;:&quot;enabled&quot;,&quot;preload_pages&quot;:&quot;enabled&quot;,&quot;preload_reach&quot;:1,&quot;spinner&quot;:&quot;builtin&quot;,&quot;spinner_image&quot;:&quot;http:\/\/edicio-2017.festivalmot.cat\/wp-content\/plugins\/wp-views\/res\/img\/ajax-loader.gif&quot;,&quot;callback_next&quot;:&quot;&quot;,&quot;manage_history&quot;:&quot;enabled&quot;,&quot;has_controls_in_form&quot;:&quot;disabled&quot;,&quot;infinite_tolerance&quot;:&quot;0&quot;,&quot;max_pages&quot;:0,&quot;page&quot;:1,&quot;loop&quot;:{&quot;type&quot;:&quot;&quot;,&quot;name&quot;:&quot;&quot;,&quot;data&quot;:[],&quot;id&quot;:0}}\" data-permalink=\"\/programacio\/?wpv_view_count=5029-TCPID4955\">\n<div class=\"row\">\n<div class=\"col-sm-3\">\n<p><a href=\"http:\/\/edicio-2018.festivalmot.cat\/acte\/conversa-literatura_i_malestar\/\"><img decoding=\"async\" src=\"http:\/\/edicio-2018.festivalmot.cat\/wp-content\/uploads\/sites\/7\/2018\/02\/literatura-i-malestar-233x155_center_center.jpg\" \/><\/a><\/p>\n<div>CONVERSA: Literatura i malestar<\/div>\n<div>22 de mar\u00e7 &#8211; 18:00<\/div>\n<\/div>\n<div class=\"col-sm-3\">\n<p><a href=\"http:\/\/edicio-2018.festivalmot.cat\/acte\/conversa-escriure_mon_postsovietic\/\"><img decoding=\"async\" src=\"http:\/\/edicio-2018.festivalmot.cat\/wp-content\/uploads\/sites\/7\/2018\/02\/escriure-en-el-m%C3%B3n-postsovi%C3%A8tic-233x155_center_center.jpg\" \/><\/a><\/p>\n<div>Conversa: Escriure en el m\u00f3n postsovi\u00e8tic<\/div>\n<div>22 de mar\u00e7 &#8211; 20:00<\/div>\n<\/div>\n<div class=\"col-sm-3\">\n<p><a href=\"http:\/\/edicio-2018.festivalmot.cat\/acte\/teatre-lap-mos-maiorum-el-costum-dels-avantpassats\/\"><img decoding=\"async\" src=\"http:\/\/edicio-2018.festivalmot.cat\/wp-content\/uploads\/sites\/7\/2018\/02\/mos-maiorum-233x155_center_center.jpg\" \/><\/a><\/p>\n<div>Teatre-LAP: Mos Maiorum (el costum dels avantpassats)<\/div>\n<div>22 de mar\u00e7 &#8211; 22:00<\/div>\n<\/div>\n<div class=\"col-sm-3\">\n<p><a href=\"http:\/\/edicio-2018.festivalmot.cat\/acte\/conversa-aporofobia_memoria\/\"><img decoding=\"async\" src=\"http:\/\/edicio-2018.festivalmot.cat\/wp-content\/uploads\/sites\/7\/2018\/02\/aporof%C3%B2bia-i-mem%C3%B2ria-233x155_center_center.jpg\" \/><\/a><\/p>\n<div>Conversa: Aporof\u00f2bia i mem\u00f2ria<\/div>\n<div>23 de mar\u00e7 &#8211; 18:00<\/div>\n<\/div>\n<\/div>\n<div class=\"row\">\n<div class=\"col-sm-3\">\n<p><a href=\"http:\/\/edicio-2018.festivalmot.cat\/acte\/conversa-explicar_a_un_mateix\/\"><img decoding=\"async\" src=\"http:\/\/edicio-2018.festivalmot.cat\/wp-content\/uploads\/sites\/7\/2018\/02\/explicar-a-un-mateix-233x155_center_center.jpg\" \/><\/a><\/p>\n<div>Conversa: Explicar a un mateix<\/div>\n<div>23 de mar\u00e7 &#8211; 20:00<\/div>\n<\/div>\n<div class=\"col-sm-3\">\n<p><a href=\"http:\/\/edicio-2018.festivalmot.cat\/acte\/conversa-persones_regles\/\"><img decoding=\"async\" src=\"http:\/\/edicio-2018.festivalmot.cat\/wp-content\/uploads\/sites\/7\/2018\/02\/les-persones-i-les-regles-233x155_center_center.jpg\" \/><\/a><\/p>\n<div>Conversa: Les persones i les regles<\/div>\n<div>23 de mar\u00e7 &#8211; 22:00<\/div>\n<\/div>\n<div class=\"col-sm-3\">\n<p><a href=\"http:\/\/edicio-2018.festivalmot.cat\/acte\/quatre-quarts-2\/\"><img decoding=\"async\" src=\"http:\/\/edicio-2018.festivalmot.cat\/wp-content\/uploads\/sites\/7\/2018\/02\/quatre-quarts-233x155_center_center.jpg\" \/><\/a><\/p>\n<div>Espectacle familiar: Quatre quarts<\/div>\n<div>24 de mar\u00e7 &#8211; 11:00<\/div>\n<\/div>\n<div class=\"col-sm-3\">\n<p><a href=\"http:\/\/edicio-2018.festivalmot.cat\/acte\/vermot-periodistes_guerra\/\"><img decoding=\"async\" src=\"http:\/\/edicio-2018.festivalmot.cat\/wp-content\/uploads\/sites\/7\/2018\/02\/ver-mot-olot-233x155_center_center.jpg\" \/><\/a><\/p>\n<div>VerMOT: Periodistes en territori de guerra<\/div>\n<div>24 de mar\u00e7 &#8211; 12:00<\/div>\n<\/div>\n<\/div>\n<div class=\"row\">\n<div class=\"col-sm-3\">\n<p><a href=\"http:\/\/edicio-2018.festivalmot.cat\/acte\/conversa-escriptura_encarnada_digital\/\"><img decoding=\"async\" src=\"http:\/\/edicio-2018.festivalmot.cat\/wp-content\/uploads\/sites\/7\/2018\/02\/escriptura-encarnada-i-cultura-digital-233x155_center_center.jpg\" \/><\/a><\/p>\n<div>Conversa: Escriptura encarnada i cultura digital<\/div>\n<div>24 de mar\u00e7 &#8211; 18:00<\/div>\n<\/div>\n<div class=\"col-sm-3\">\n<p><a href=\"http:\/\/edicio-2018.festivalmot.cat\/acte\/conversa-literatura_memoria_collectiva\/\"><img decoding=\"async\" src=\"http:\/\/edicio-2018.festivalmot.cat\/wp-content\/uploads\/sites\/7\/2018\/02\/la-literatura-com-a-mem%C3%B2ria-col%C2%B7lectiva-233x155_center_center.jpg\" \/><\/a><\/p>\n<div>Conversa: La literatura com a mem\u00f2ria col\u00b7lectiva<\/div>\n<div>24 de mar\u00e7 &#8211; 20:00<\/div>\n<\/div>\n<div class=\"col-sm-3\"><a href=\"http:\/\/edicio-2018.festivalmot.cat\/acte\/espectacle-lectures_encarnades\/\"><img decoding=\"async\" src=\"http:\/\/edicio-2018.festivalmot.cat\/wp-content\/uploads\/sites\/7\/2018\/02\/lectures-encarnades-233x155_center_center.jpg\" \/><\/a><\/div>\n<\/div>\n<\/div>\n<\/div>\n<\/div>\n<\/div>\n<\/div>\n<\/div>\n<\/div>\n<\/div>\n","protected":false},"excerpt":{"rendered":"<p>Del 15 al 24 de mar\u00e7 t\u00e9 lloc a Girona i a Olot el Festival MOT 2018. Es tracta d&#8217;un [&hellip;]<\/p>\n","protected":false},"author":40,"featured_media":5301,"comment_status":"closed","ping_status":"closed","sticky":false,"template":"","format":"standard","meta":{"_bbp_topic_count":0,"_bbp_reply_count":0,"_bbp_total_topic_count":0,"_bbp_total_reply_count":0,"_bbp_voice_count":0,"_bbp_anonymous_reply_count":0,"_bbp_topic_count_hidden":0,"_bbp_reply_count_hidden":0,"_bbp_forum_subforum_count":0,"site-sidebar-layout":"default","site-content-layout":"","ast-site-content-layout":"","site-content-style":"default","site-sidebar-style":"default","ast-global-header-display":"","ast-banner-title-visibility":"","ast-main-header-display":"","ast-hfb-above-header-display":"","ast-hfb-below-header-display":"","ast-hfb-mobile-header-display":"","site-post-title":"","ast-breadcrumbs-content":"","ast-featured-img":"","footer-sml-layout":"","theme-transparent-header-meta":"","adv-header-id-meta":"","stick-header-meta":"","header-above-stick-meta":"","header-main-stick-meta":"","header-below-stick-meta":"","astra-migrate-meta-layouts":"default","ast-page-background-enabled":"default","ast-page-background-meta":{"desktop":{"background-color":"var(--ast-global-color-4)","background-image":"","background-repeat":"repeat","background-position":"center center","background-size":"auto","background-attachment":"scroll","background-type":"","background-media":"","overlay-type":"","overlay-color":"","overlay-opacity":"","overlay-gradient":""},"tablet":{"background-color":"","background-image":"","background-repeat":"repeat","background-position":"center center","background-size":"auto","background-attachment":"scroll","background-type":"","background-media":"","overlay-type":"","overlay-color":"","overlay-opacity":"","overlay-gradient":""},"mobile":{"background-color":"","background-image":"","background-repeat":"repeat","background-position":"center center","background-size":"auto","background-attachment":"scroll","background-type":"","background-media":"","overlay-type":"","overlay-color":"","overlay-opacity":"","overlay-gradient":""}},"ast-content-background-meta":{"desktop":{"background-color":"var(--ast-global-color-5)","background-image":"","background-repeat":"repeat","background-position":"center center","background-size":"auto","background-attachment":"scroll","background-type":"","background-media":"","overlay-type":"","overlay-color":"","overlay-opacity":"","overlay-gradient":""},"tablet":{"background-color":"var(--ast-global-color-5)","background-image":"","background-repeat":"repeat","background-position":"center center","background-size":"auto","background-attachment":"scroll","background-type":"","background-media":"","overlay-type":"","overlay-color":"","overlay-opacity":"","overlay-gradient":""},"mobile":{"background-color":"var(--ast-global-color-5)","background-image":"","background-repeat":"repeat","background-position":"center center","background-size":"auto","background-attachment":"scroll","background-type":"","background-media":"","overlay-type":"","overlay-color":"","overlay-opacity":"","overlay-gradient":""}},"footnotes":""},"categories":[218,178],"tags":[],"class_list":["post-5300","post","type-post","status-publish","format-standard","has-post-thumbnail","hentry","category-actes-culturals","category-biblioteca"],"post_mailing_queue_ids":[],"_links":{"self":[{"href":"https:\/\/agora.xtec.cat\/ieslescala\/wp-json\/wp\/v2\/posts\/5300","targetHints":{"allow":["GET"]}}],"collection":[{"href":"https:\/\/agora.xtec.cat\/ieslescala\/wp-json\/wp\/v2\/posts"}],"about":[{"href":"https:\/\/agora.xtec.cat\/ieslescala\/wp-json\/wp\/v2\/types\/post"}],"author":[{"embeddable":true,"href":"https:\/\/agora.xtec.cat\/ieslescala\/wp-json\/wp\/v2\/users\/40"}],"replies":[{"embeddable":true,"href":"https:\/\/agora.xtec.cat\/ieslescala\/wp-json\/wp\/v2\/comments?post=5300"}],"version-history":[{"count":3,"href":"https:\/\/agora.xtec.cat\/ieslescala\/wp-json\/wp\/v2\/posts\/5300\/revisions"}],"predecessor-version":[{"id":5305,"href":"https:\/\/agora.xtec.cat\/ieslescala\/wp-json\/wp\/v2\/posts\/5300\/revisions\/5305"}],"wp:featuredmedia":[{"embeddable":true,"href":"https:\/\/agora.xtec.cat\/ieslescala\/wp-json\/wp\/v2\/media\/5301"}],"wp:attachment":[{"href":"https:\/\/agora.xtec.cat\/ieslescala\/wp-json\/wp\/v2\/media?parent=5300"}],"wp:term":[{"taxonomy":"category","embeddable":true,"href":"https:\/\/agora.xtec.cat\/ieslescala\/wp-json\/wp\/v2\/categories?post=5300"},{"taxonomy":"post_tag","embeddable":true,"href":"https:\/\/agora.xtec.cat\/ieslescala\/wp-json\/wp\/v2\/tags?post=5300"}],"curies":[{"name":"wp","href":"https:\/\/api.w.org\/{rel}","templated":true}]}}