{"id":5195,"date":"2018-03-12T18:57:14","date_gmt":"2018-03-12T17:57:14","guid":{"rendered":"http:\/\/agora.xtec.cat\/ieslescala\/?p=5195"},"modified":"2020-09-19T14:09:45","modified_gmt":"2020-09-19T12:09:45","slug":"comenca-la-torre-de-liibres-2018","status":"publish","type":"post","link":"https:\/\/agora.xtec.cat\/ieslescala\/departaments\/llengua-catalana\/comenca-la-torre-de-liibres-2018\/","title":{"rendered":"Comen\u00e7a la Torre de LIibres 2018"},"content":{"rendered":"<p style=\"text-align: justify;\">Avui, 12 de mar\u00e7, es comen\u00e7a a aixecar la Torre de Llibres d&#8217;aquest any. La\u00a0 iniciativa \u00e9s del Portal per al foment de la lectura i la comprensi\u00f3 lectora\u00a0 <strong>Xim i Xesca i<\/strong>\u00a0ja ens hem subscrit per participar com el curs passat.<\/p>\n<p style=\"text-align: justify;\"><strong>L<\/strong>&#8216;edici\u00f3 del 2018 s&#8217;acabar\u00e0 el 21 de maig, data en qu\u00e8 es preveu\u00a0haver aconseguit fer el castell m\u00e9s alt, un 3 de 10. Per fer-lo es necessiten uns 200 castellers, que equivalen a uns 8.000 llibres.<\/p>\n<p style=\"text-align: justify;\"><a href=\"http:\/\/agora.xtec.cat\/ieslescala\/wp-content\/uploads\/usu933\/2018\/03\/Torre-llibres-twitt.jpeg\"><img loading=\"lazy\" decoding=\"async\" class=\"size-full wp-image-5203 alignright\" src=\"http:\/\/agora.xtec.cat\/ieslescala\/wp-content\/uploads\/usu933\/2018\/03\/Torre-llibres-twitt.jpeg\" alt=\"\" width=\"559\" height=\"295\" srcset=\"https:\/\/agora.xtec.cat\/ieslescala\/wp-content\/uploads\/usu933\/2018\/03\/Torre-llibres-twitt.jpeg 559w, https:\/\/agora.xtec.cat\/ieslescala\/wp-content\/uploads\/usu933\/2018\/03\/Torre-llibres-twitt-300x158.jpeg 300w\" sizes=\"auto, (max-width: 559px) 100vw, 559px\" \/><\/a>Els partici<a href=\"http:\/\/agora.xtec.cat\/ieslescala\/wp-content\/uploads\/usu933\/2018\/03\/Xim-i-Xesca-.jpg\"><img loading=\"lazy\" decoding=\"async\" class=\"wp-image-5198 alignleft\" src=\"http:\/\/agora.xtec.cat\/ieslescala\/wp-content\/uploads\/usu933\/2018\/03\/Xim-i-Xesca-.jpg\" alt=\"\" width=\"190\" height=\"125\" srcset=\"https:\/\/agora.xtec.cat\/ieslescala\/wp-content\/uploads\/usu933\/2018\/03\/Xim-i-Xesca-.jpg 937w, https:\/\/agora.xtec.cat\/ieslescala\/wp-content\/uploads\/usu933\/2018\/03\/Xim-i-Xesca--300x197.jpg 300w, https:\/\/agora.xtec.cat\/ieslescala\/wp-content\/uploads\/usu933\/2018\/03\/Xim-i-Xesca--768x505.jpg 768w\" sizes=\"auto, (max-width: 190px) 100vw, 190px\" \/><\/a>pants han de ser nois i noies de 6 a 14 anys; per tant demanem a tot l&#8217;alumnat de 1r i 2n d&#8217;ESO que quan hagi acabat de llegir algun llibre passi per la biblioteca del nostre institut i comuniqui a la responsable el t\u00edtol del llibre que ha llegit. Cada setmana anirem posant al dia la torre, que anem construint conjuntament amb nens i nenes de tot Catalunya.<\/p>\n<p style=\"text-align: justify;\"><span style=\"font-size: 1em;\"><strong><span style=\"font-family: inherit;\">Entre tots\/es podem fer el cim!\u00a0 <\/span><\/strong><\/span><\/p>\n<p style=\"text-align: justify;\"><span style=\"font-size: 1em;\"><strong><span style=\"font-family: inherit;\">ANIMEU-VOS A PARTICIPAR!\u00a0<\/span><\/strong><\/span><\/p>\n<p><a href=\"http:\/\/agora.xtec.cat\/ieslescala\/wp-content\/uploads\/usu933\/2018\/03\/Torre.jpeg\"><img loading=\"lazy\" decoding=\"async\" class=\"wp-image-5199 alignleft\" src=\"http:\/\/agora.xtec.cat\/ieslescala\/wp-content\/uploads\/usu933\/2018\/03\/Torre.jpeg\" alt=\"\" width=\"586\" height=\"489\" srcset=\"https:\/\/agora.xtec.cat\/ieslescala\/wp-content\/uploads\/usu933\/2018\/03\/Torre.jpeg 998w, https:\/\/agora.xtec.cat\/ieslescala\/wp-content\/uploads\/usu933\/2018\/03\/Torre-300x250.jpeg 300w, https:\/\/agora.xtec.cat\/ieslescala\/wp-content\/uploads\/usu933\/2018\/03\/Torre-768x640.jpeg 768w\" sizes=\"auto, (max-width: 586px) 100vw, 586px\" \/><\/a><\/p>\n","protected":false},"excerpt":{"rendered":"<p>Avui, 12 de mar\u00e7, es comen\u00e7a a aixecar la Torre de Llibres d&#8217;aquest any. La\u00a0 iniciativa \u00e9s del Portal per [&hellip;]<\/p>\n","protected":false},"author":40,"featured_media":5203,"comment_status":"closed","ping_status":"closed","sticky":false,"template":"","format":"standard","meta":{"_bbp_topic_count":0,"_bbp_reply_count":0,"_bbp_total_topic_count":0,"_bbp_total_reply_count":0,"_bbp_voice_count":0,"_bbp_anonymous_reply_count":0,"_bbp_topic_count_hidden":0,"_bbp_reply_count_hidden":0,"_bbp_forum_subforum_count":0,"site-sidebar-layout":"default","site-content-layout":"","ast-site-content-layout":"","site-content-style":"default","site-sidebar-style":"default","ast-global-header-display":"","ast-banner-title-visibility":"","ast-main-header-display":"","ast-hfb-above-header-display":"","ast-hfb-below-header-display":"","ast-hfb-mobile-header-display":"","site-post-title":"","ast-breadcrumbs-content":"","ast-featured-img":"","footer-sml-layout":"","theme-transparent-header-meta":"","adv-header-id-meta":"","stick-header-meta":"","header-above-stick-meta":"","header-main-stick-meta":"","header-below-stick-meta":"","astra-migrate-meta-layouts":"default","ast-page-background-enabled":"default","ast-page-background-meta":{"desktop":{"background-color":"var(--ast-global-color-4)","background-image":"","background-repeat":"repeat","background-position":"center center","background-size":"auto","background-attachment":"scroll","background-type":"","background-media":"","overlay-type":"","overlay-color":"","overlay-opacity":"","overlay-gradient":""},"tablet":{"background-color":"","background-image":"","background-repeat":"repeat","background-position":"center center","background-size":"auto","background-attachment":"scroll","background-type":"","background-media":"","overlay-type":"","overlay-color":"","overlay-opacity":"","overlay-gradient":""},"mobile":{"background-color":"","background-image":"","background-repeat":"repeat","background-position":"center center","background-size":"auto","background-attachment":"scroll","background-type":"","background-media":"","overlay-type":"","overlay-color":"","overlay-opacity":"","overlay-gradient":""}},"ast-content-background-meta":{"desktop":{"background-color":"var(--ast-global-color-5)","background-image":"","background-repeat":"repeat","background-position":"center center","background-size":"auto","background-attachment":"scroll","background-type":"","background-media":"","overlay-type":"","overlay-color":"","overlay-opacity":"","overlay-gradient":""},"tablet":{"background-color":"var(--ast-global-color-5)","background-image":"","background-repeat":"repeat","background-position":"center center","background-size":"auto","background-attachment":"scroll","background-type":"","background-media":"","overlay-type":"","overlay-color":"","overlay-opacity":"","overlay-gradient":""},"mobile":{"background-color":"var(--ast-global-color-5)","background-image":"","background-repeat":"repeat","background-position":"center center","background-size":"auto","background-attachment":"scroll","background-type":"","background-media":"","overlay-type":"","overlay-color":"","overlay-opacity":"","overlay-gradient":""}},"footnotes":""},"categories":[178,221,213,212,72,71,220],"tags":[],"class_list":["post-5195","post","type-post","status-publish","format-standard","has-post-thumbnail","hentry","category-biblioteca","category-families","category-lectura","category-recursos","category-llengua-castellana","category-llengua-catalana","category-professorat"],"post_mailing_queue_ids":[],"_links":{"self":[{"href":"https:\/\/agora.xtec.cat\/ieslescala\/wp-json\/wp\/v2\/posts\/5195","targetHints":{"allow":["GET"]}}],"collection":[{"href":"https:\/\/agora.xtec.cat\/ieslescala\/wp-json\/wp\/v2\/posts"}],"about":[{"href":"https:\/\/agora.xtec.cat\/ieslescala\/wp-json\/wp\/v2\/types\/post"}],"author":[{"embeddable":true,"href":"https:\/\/agora.xtec.cat\/ieslescala\/wp-json\/wp\/v2\/users\/40"}],"replies":[{"embeddable":true,"href":"https:\/\/agora.xtec.cat\/ieslescala\/wp-json\/wp\/v2\/comments?post=5195"}],"version-history":[{"count":3,"href":"https:\/\/agora.xtec.cat\/ieslescala\/wp-json\/wp\/v2\/posts\/5195\/revisions"}],"predecessor-version":[{"id":5206,"href":"https:\/\/agora.xtec.cat\/ieslescala\/wp-json\/wp\/v2\/posts\/5195\/revisions\/5206"}],"wp:featuredmedia":[{"embeddable":true,"href":"https:\/\/agora.xtec.cat\/ieslescala\/wp-json\/wp\/v2\/media\/5203"}],"wp:attachment":[{"href":"https:\/\/agora.xtec.cat\/ieslescala\/wp-json\/wp\/v2\/media?parent=5195"}],"wp:term":[{"taxonomy":"category","embeddable":true,"href":"https:\/\/agora.xtec.cat\/ieslescala\/wp-json\/wp\/v2\/categories?post=5195"},{"taxonomy":"post_tag","embeddable":true,"href":"https:\/\/agora.xtec.cat\/ieslescala\/wp-json\/wp\/v2\/tags?post=5195"}],"curies":[{"name":"wp","href":"https:\/\/api.w.org\/{rel}","templated":true}]}}