{"id":5109,"date":"2018-03-16T17:00:49","date_gmt":"2018-03-16T16:00:49","guid":{"rendered":"http:\/\/agora.xtec.cat\/ieslescala\/?p=5109"},"modified":"2018-03-16T17:00:49","modified_gmt":"2018-03-16T16:00:49","slug":"club-de-fotografia","status":"publish","type":"post","link":"https:\/\/agora.xtec.cat\/ieslescala\/biblioteca\/revista-digital\/club-de-fotografia\/","title":{"rendered":"CLUB DE FOTOGRAFIA"},"content":{"rendered":"<p><em><strong>Article d&#8217;Albert Mesas<\/strong><\/em><\/p>\n<p style=\"text-align: justify;\">El club de fotografia \u00e9s una activitat que es fa una vegada al mes a l&#8217;aula de ViP.<\/p>\n<figure id=\"attachment_5115\" aria-describedby=\"caption-attachment-5115\" style=\"width: 400px\" class=\"wp-caption alignright\"><a href=\"http:\/\/agora.xtec.cat\/ieslescala\/wp-content\/uploads\/usu933\/2018\/03\/fotografia-matemc3a1tica_0.jpg\"><img loading=\"lazy\" decoding=\"async\" class=\"wp-image-5115 size-full\" src=\"http:\/\/agora.xtec.cat\/ieslescala\/wp-content\/uploads\/usu933\/2018\/03\/fotografia-matemc3a1tica_0.jpg\" alt=\"\" width=\"400\" height=\"293\" srcset=\"https:\/\/agora.xtec.cat\/ieslescala\/wp-content\/uploads\/usu933\/2018\/03\/fotografia-matemc3a1tica_0.jpg 400w, https:\/\/agora.xtec.cat\/ieslescala\/wp-content\/uploads\/usu933\/2018\/03\/fotografia-matemc3a1tica_0-300x220.jpg 300w\" sizes=\"auto, (max-width: 400px) 100vw, 400px\" \/><\/a><figcaption id=\"caption-attachment-5115\" class=\"wp-caption-text\">EXEMPLE FOTOGRAFIA MATEM\u00c0TICA<\/figcaption><\/figure>\n<p style=\"text-align: justify;\">El darrer divendres 2 de mar\u00e7 vam fer la primera trobada del club; ens van explicar que no \u00e9s necessari tenir una c\u00e0mara de fotografiar ( amb un m\u00f2bil amb c\u00e0mara bona n&#8217;hi ha prou o b\u00e9 pots quedar amb els compays del club per compartir la c\u00e0mara)\u00a0 i ens van posar un tema &#8221; fotografia matem\u00e0tica&#8221; que tracta de fer fotografies relacionades amb les matem\u00e0tiques: geometria, simetria&#8230; Si us interessa, nom\u00e9s heu de fer una foto relacionada amb aquesta tem\u00e0tica i presentar-se el proper mes amb la foto sense editar ( com a molt posar-la en blanc i negre ).\u00a0 L&#8217;hora de la trobada la diran al web de l&#8217;institut al blog del club (a la portada a l&#8217;esquerra).<\/p>\n<p style=\"text-align: justify;\">Aquest \u00e9s l&#8217;enlla\u00e7 del blog del club de fotografia:\u00a0<a href=\"https:\/\/concursfotografiainselpedro.blogspot.com.es\/\">https:\/\/concursfotografiainselpedro.blogspot.com.es\/<\/a><\/p>\n<p style=\"text-align: justify;\"><strong>Us animo a participar!<\/strong><\/p>\n","protected":false},"excerpt":{"rendered":"<p>Article d&#8217;Albert Mesas El club de fotografia \u00e9s una activitat que es fa una vegada al mes a l&#8217;aula de [&hellip;]<\/p>\n","protected":false},"author":97,"featured_media":5111,"comment_status":"closed","ping_status":"closed","sticky":false,"template":"","format":"standard","meta":{"_bbp_topic_count":0,"_bbp_reply_count":0,"_bbp_total_topic_count":0,"_bbp_total_reply_count":0,"_bbp_voice_count":0,"_bbp_anonymous_reply_count":0,"_bbp_topic_count_hidden":0,"_bbp_reply_count_hidden":0,"_bbp_forum_subforum_count":0,"site-sidebar-layout":"default","site-content-layout":"","ast-site-content-layout":"","site-content-style":"default","site-sidebar-style":"default","ast-global-header-display":"","ast-banner-title-visibility":"","ast-main-header-display":"","ast-hfb-above-header-display":"","ast-hfb-below-header-display":"","ast-hfb-mobile-header-display":"","site-post-title":"","ast-breadcrumbs-content":"","ast-featured-img":"","footer-sml-layout":"","theme-transparent-header-meta":"","adv-header-id-meta":"","stick-header-meta":"","header-above-stick-meta":"","header-main-stick-meta":"","header-below-stick-meta":"","astra-migrate-meta-layouts":"default","ast-page-background-enabled":"default","ast-page-background-meta":{"desktop":{"background-color":"var(--ast-global-color-4)","background-image":"","background-repeat":"repeat","background-position":"center center","background-size":"auto","background-attachment":"scroll","background-type":"","background-media":"","overlay-type":"","overlay-color":"","overlay-opacity":"","overlay-gradient":""},"tablet":{"background-color":"","background-image":"","background-repeat":"repeat","background-position":"center center","background-size":"auto","background-attachment":"scroll","background-type":"","background-media":"","overlay-type":"","overlay-color":"","overlay-opacity":"","overlay-gradient":""},"mobile":{"background-color":"","background-image":"","background-repeat":"repeat","background-position":"center center","background-size":"auto","background-attachment":"scroll","background-type":"","background-media":"","overlay-type":"","overlay-color":"","overlay-opacity":"","overlay-gradient":""}},"ast-content-background-meta":{"desktop":{"background-color":"var(--ast-global-color-5)","background-image":"","background-repeat":"repeat","background-position":"center center","background-size":"auto","background-attachment":"scroll","background-type":"","background-media":"","overlay-type":"","overlay-color":"","overlay-opacity":"","overlay-gradient":""},"tablet":{"background-color":"var(--ast-global-color-5)","background-image":"","background-repeat":"repeat","background-position":"center center","background-size":"auto","background-attachment":"scroll","background-type":"","background-media":"","overlay-type":"","overlay-color":"","overlay-opacity":"","overlay-gradient":""},"mobile":{"background-color":"var(--ast-global-color-5)","background-image":"","background-repeat":"repeat","background-position":"center center","background-size":"auto","background-attachment":"scroll","background-type":"","background-media":"","overlay-type":"","overlay-color":"","overlay-opacity":"","overlay-gradient":""}},"footnotes":""},"categories":[191],"tags":[],"class_list":["post-5109","post","type-post","status-publish","format-standard","has-post-thumbnail","hentry","category-revista-digital"],"post_mailing_queue_ids":[],"_links":{"self":[{"href":"https:\/\/agora.xtec.cat\/ieslescala\/wp-json\/wp\/v2\/posts\/5109","targetHints":{"allow":["GET"]}}],"collection":[{"href":"https:\/\/agora.xtec.cat\/ieslescala\/wp-json\/wp\/v2\/posts"}],"about":[{"href":"https:\/\/agora.xtec.cat\/ieslescala\/wp-json\/wp\/v2\/types\/post"}],"author":[{"embeddable":true,"href":"https:\/\/agora.xtec.cat\/ieslescala\/wp-json\/wp\/v2\/users\/97"}],"replies":[{"embeddable":true,"href":"https:\/\/agora.xtec.cat\/ieslescala\/wp-json\/wp\/v2\/comments?post=5109"}],"version-history":[{"count":4,"href":"https:\/\/agora.xtec.cat\/ieslescala\/wp-json\/wp\/v2\/posts\/5109\/revisions"}],"predecessor-version":[{"id":5298,"href":"https:\/\/agora.xtec.cat\/ieslescala\/wp-json\/wp\/v2\/posts\/5109\/revisions\/5298"}],"wp:featuredmedia":[{"embeddable":true,"href":"https:\/\/agora.xtec.cat\/ieslescala\/wp-json\/wp\/v2\/media\/5111"}],"wp:attachment":[{"href":"https:\/\/agora.xtec.cat\/ieslescala\/wp-json\/wp\/v2\/media?parent=5109"}],"wp:term":[{"taxonomy":"category","embeddable":true,"href":"https:\/\/agora.xtec.cat\/ieslescala\/wp-json\/wp\/v2\/categories?post=5109"},{"taxonomy":"post_tag","embeddable":true,"href":"https:\/\/agora.xtec.cat\/ieslescala\/wp-json\/wp\/v2\/tags?post=5109"}],"curies":[{"name":"wp","href":"https:\/\/api.w.org\/{rel}","templated":true}]}}