{"id":5073,"date":"2018-03-12T19:27:40","date_gmt":"2018-03-12T18:27:40","guid":{"rendered":"http:\/\/agora.xtec.cat\/ieslescala\/?p=5073"},"modified":"2018-03-12T19:38:12","modified_gmt":"2018-03-12T18:38:12","slug":"la-henna-per-fer-tatuatges","status":"publish","type":"post","link":"https:\/\/agora.xtec.cat\/ieslescala\/biblioteca\/revista-digital\/la-henna-per-fer-tatuatges\/","title":{"rendered":"La henna per fer tatuatges"},"content":{"rendered":"<p style=\"text-align: left;\"><sup>\u00a0Article fet per Nihad Oulad<\/sup><\/p>\n<p>Una de les tradicions m\u00e9s boniques i antigues de l&#8217;\u00cdndia \u00e9s la pr\u00e0ctica del Mehndi, els disenys de tatuatge temporal que solen fer-se amb henna sobre la pell de les dones \u00edndies abans d&#8217;un casament. Tamb\u00e9 al Marroc<span style=\"font-family: inherit; font-size: 1em;\">\u00a0\u00e9s una tradici\u00f3 molt popular\u00a0 que practiquen les dones de qualsevol edat i que implica tenyir-se de henna les mans o peus. Aquests tatuatges solen fer-se per celebrar ocasions especials, com casaments i festes.<\/span><\/p>\n<p><img loading=\"lazy\" decoding=\"async\" class=\"irc_mi alignright\" src=\"https:\/\/ugc.kn3.net\/i\/origin\/http:\/\/24.media.tumblr.com\/tumblr_lyfshsqGWt1qg0u2vo1_1280.jpg\" alt=\"Resultat d'imatges de HENNA PIES\" width=\"262\" height=\"196\" \/><\/p>\n<p style=\"text-align: center;\"><img loading=\"lazy\" decoding=\"async\" class=\"bwg_popup_image bwg_popup_watermark alignleft\" src=\"https:\/\/logiabarcelona.com\/wp-content\/uploads\/photo-gallery\/Henna\/tatuaje-henna-pie-logia-barcelona-02.jpg\" alt=\"tatuaje-henna-pie-logia-barcelona-02 \" width=\"207\" height=\"142\" \/><\/p>\n<p style=\"text-align: justify;\">Els tatuatges de henna per a la cultura marroquina no nom\u00e9s s\u00f3n una decoraci\u00f3 a la pell. Els dibuixos tenen un significat i sovint s&#8217;utilitzen s\u00edmbols que protegeixen del mal d&#8217;ull, la bruixeria o afavoreixen la fertilitat. Aquests patrons contenen un poder conegut com el Baraka.<\/p>\n<p style=\"text-align: justify;\">El Baraka t\u00e9 molts significats al Marroc, per\u00f2 generalment fa refer\u00e8ncia a una esp\u00e8cie de poder positiu que protegeix de malalties i mal d&#8217;ull.<\/p>\n<p style=\"text-align: justify;\">La henna \u00e9s un arbust de la planta alquena. T\u00e9 un tint vermell que tenyeix. Els tatuatges de henna tenen una durada de 3 a 6 setmanes. Com m\u00e9s et rentis el teu tatuatge de henna m\u00e9s r\u00e0pid s&#8217;anir\u00e0 esborrant.<\/p>\n<figure style=\"width: 192px\" class=\"wp-caption alignright\"><img loading=\"lazy\" decoding=\"async\" class=\"irc_mi\" src=\"https:\/\/i2.wp.com\/www.rdnattural.es\/wp-content\/uploads\/2010\/05\/aceites-esenciales.jpeg?resize=1080%2C675\" alt=\"Imatge relacionada\" width=\"192\" height=\"120\" \/><figcaption class=\"wp-caption-text\">OLI ESSENCIAL.<\/figcaption><\/figure>\n<figure style=\"width: 168px\" class=\"wp-caption alignleft\"><img loading=\"lazy\" decoding=\"async\" class=\"media-element file-default\" src=\"https:\/\/static.vix.com\/es\/sites\/default\/files\/styles\/large\/public\/btg\/bodyart.batanga.com\/files\/Como-hacer-henna-para-tatuajes-temporales-1.jpg?itok=ubl3xOSy\" alt=\"Como hacer henna para tatuajes temporales \" width=\"168\" height=\"117\" \/><figcaption class=\"wp-caption-text\">HENNA EN POLS.<\/figcaption><\/figure>\n<figure style=\"width: 105px\" class=\"wp-caption aligncenter\"><img loading=\"lazy\" decoding=\"async\" class=\"irc_mi\" src=\"https:\/\/li5.rightinthebox.com\/images\/190x190\/201608\/sein1471246612780.jpg\" alt=\"Imatge relacionada\" width=\"105\" height=\"105\" \/><figcaption class=\"wp-caption-text\">EMBOLCALL DE PL\u00c0STIC<\/figcaption><\/figure>\n<p><span lang=\"ca\"><strong>Ingredients per fer-la: \u00a0\u00a0<\/strong>\u00a0 <\/span><\/p>\n<ul>\n<li class=\"tw-data-text tw-ta tw-text-small\"><span lang=\"ca\"><span lang=\"ca\">Henna en pols \u00a0\u00a0\u00a0\u00a0\u00a0\u00a0\u00a0\u00a0\u00a0\u00a0\u00a0\u00a0\u00a0\u00a0\u00a0\u00a0\u00a0\u00a0\u00a0\u00a0\u00a0\u00a0\u00a0\u00a0\u00a0\u00a0\u00a0\u00a0\u00a0\u00a0\u00a0\u00a0\u00a0\u00a0\u00a0\u00a0\u00a0\u00a0\u00a0\u00a0\u00a0\u00a0\u00a0\u00a0\u00a0\u00a0\u00a0\u00a0\u00a0\u00a0\u00a0\u00a0\u00a0\u00a0\u00a0\u00a0\u00a0\u00a0\u00a0\u00a0\u00a0\u00a0\u00a0\u00a0\u00a0\u00a0\u00a0\u00a0\u00a0\u00a0\u00a0\u00a0\u00a0\u00a0\u00a0\u00a0<\/span><\/span><\/li>\n<li class=\"tw-data-text tw-ta tw-text-small\"><span lang=\"ca\">Xarop de sucre<br \/>\n<\/span><\/li>\n<li class=\"tw-data-text tw-ta tw-text-small\"><span lang=\"ca\">oli essencial (voluntari) <\/span><\/li>\n<li class=\"tw-data-text tw-ta tw-text-small\"><span lang=\"ca\"><span lang=\"ca\">Un recipient que no sigui de metall per fer la barreja \u00a0\u00a0\u00a0<\/span><\/span>\n<p><figure style=\"width: 168px\" class=\"wp-caption alignright\"><img loading=\"lazy\" decoding=\"async\" class=\"irc_mi\" src=\"https:\/\/thermomix-barcelona-sagrada-familia.es\/media\/Galleries\/attachments\/60aff2c6600fb6cde99f634c0e2d5a7e.jpg\" alt=\"Resultat d'imatges de JARABE DE AZ\u00daCAR\" width=\"168\" height=\"112\" \/><figcaption class=\"wp-caption-text\">XAROP DE SUCRE<\/figcaption><\/figure><\/li>\n<li class=\"tw-data-text tw-ta tw-text-small\"><span lang=\"ca\">Llimona o un altre l\u00edquid amb baix PH \u00a0<\/span><\/li>\n<li class=\"tw-data-text tw-ta tw-text-small\"><span lang=\"ca\">Un embolcall pl\u00e0stica<\/span><\/li>\n<\/ul>\n<p><strong>ELABORACI\u00d3 DE LA HENNA :<\/strong><\/p>\n<ol>\n<li>Aboquem la pols de henna en un recipient i remenem suaument amb llimona per formar la pasta.<\/li>\n<li>\n<pre id=\"tw-target-text\"><span lang=\"ca\">Cal remenar de forma constant i sense parar, assegurant-nos que <\/span>no es formin grumolls.<\/pre>\n<\/li>\n<li>La barreja est\u00e0 a punt quant la deixem penjar d&#8217;una cullera i no cauen gotes.<\/li>\n<li>Ara cal abocar, amb cura, el xarop de sucre per ajudar que el color sigui m\u00e9s fosc.<\/li>\n<li>Volunt\u00e0riament si volem hi podem afegir algunes gotes d&#8217;oli essencial (protegeix la pell sensible).<\/li>\n<li>Deixar reposar la mescla durant 2 hores o m\u00e9s, sempre tapat el bol amb un film de pl\u00e0stic.<\/li>\n<\/ol>\n<p><strong>ADVERT\u00c8NCIA :<\/strong><\/p>\n<ul>\n<li>La henna no \u00e9s est\u00e8ril pel que no pot entrar en cap zona que estigui tallada, oberta o raspada, pot entrar a l&#8217;organisme i provocar una infecci\u00f3.<\/li>\n<li>No facis servir henna de color negre, la henna ha de ser marr\u00f3, verd o taronja.<\/li>\n<\/ul>\n","protected":false},"excerpt":{"rendered":"<p>\u00a0Article fet per Nihad Oulad Una de les tradicions m\u00e9s boniques i antigues de l&#8217;\u00cdndia \u00e9s la pr\u00e0ctica del Mehndi, [&hellip;]<\/p>\n","protected":false},"author":90,"featured_media":5209,"comment_status":"closed","ping_status":"closed","sticky":false,"template":"","format":"standard","meta":{"_bbp_topic_count":0,"_bbp_reply_count":0,"_bbp_total_topic_count":0,"_bbp_total_reply_count":0,"_bbp_voice_count":0,"_bbp_anonymous_reply_count":0,"_bbp_topic_count_hidden":0,"_bbp_reply_count_hidden":0,"_bbp_forum_subforum_count":0,"site-sidebar-layout":"default","site-content-layout":"","ast-site-content-layout":"","site-content-style":"default","site-sidebar-style":"default","ast-global-header-display":"","ast-banner-title-visibility":"","ast-main-header-display":"","ast-hfb-above-header-display":"","ast-hfb-below-header-display":"","ast-hfb-mobile-header-display":"","site-post-title":"","ast-breadcrumbs-content":"","ast-featured-img":"","footer-sml-layout":"","theme-transparent-header-meta":"","adv-header-id-meta":"","stick-header-meta":"","header-above-stick-meta":"","header-main-stick-meta":"","header-below-stick-meta":"","astra-migrate-meta-layouts":"default","ast-page-background-enabled":"default","ast-page-background-meta":{"desktop":{"background-color":"var(--ast-global-color-4)","background-image":"","background-repeat":"repeat","background-position":"center center","background-size":"auto","background-attachment":"scroll","background-type":"","background-media":"","overlay-type":"","overlay-color":"","overlay-opacity":"","overlay-gradient":""},"tablet":{"background-color":"","background-image":"","background-repeat":"repeat","background-position":"center center","background-size":"auto","background-attachment":"scroll","background-type":"","background-media":"","overlay-type":"","overlay-color":"","overlay-opacity":"","overlay-gradient":""},"mobile":{"background-color":"","background-image":"","background-repeat":"repeat","background-position":"center center","background-size":"auto","background-attachment":"scroll","background-type":"","background-media":"","overlay-type":"","overlay-color":"","overlay-opacity":"","overlay-gradient":""}},"ast-content-background-meta":{"desktop":{"background-color":"var(--ast-global-color-5)","background-image":"","background-repeat":"repeat","background-position":"center center","background-size":"auto","background-attachment":"scroll","background-type":"","background-media":"","overlay-type":"","overlay-color":"","overlay-opacity":"","overlay-gradient":""},"tablet":{"background-color":"var(--ast-global-color-5)","background-image":"","background-repeat":"repeat","background-position":"center center","background-size":"auto","background-attachment":"scroll","background-type":"","background-media":"","overlay-type":"","overlay-color":"","overlay-opacity":"","overlay-gradient":""},"mobile":{"background-color":"var(--ast-global-color-5)","background-image":"","background-repeat":"repeat","background-position":"center center","background-size":"auto","background-attachment":"scroll","background-type":"","background-media":"","overlay-type":"","overlay-color":"","overlay-opacity":"","overlay-gradient":""}},"footnotes":""},"categories":[191],"tags":[],"class_list":["post-5073","post","type-post","status-publish","format-standard","has-post-thumbnail","hentry","category-revista-digital"],"post_mailing_queue_ids":[],"_links":{"self":[{"href":"https:\/\/agora.xtec.cat\/ieslescala\/wp-json\/wp\/v2\/posts\/5073","targetHints":{"allow":["GET"]}}],"collection":[{"href":"https:\/\/agora.xtec.cat\/ieslescala\/wp-json\/wp\/v2\/posts"}],"about":[{"href":"https:\/\/agora.xtec.cat\/ieslescala\/wp-json\/wp\/v2\/types\/post"}],"author":[{"embeddable":true,"href":"https:\/\/agora.xtec.cat\/ieslescala\/wp-json\/wp\/v2\/users\/90"}],"replies":[{"embeddable":true,"href":"https:\/\/agora.xtec.cat\/ieslescala\/wp-json\/wp\/v2\/comments?post=5073"}],"version-history":[{"count":4,"href":"https:\/\/agora.xtec.cat\/ieslescala\/wp-json\/wp\/v2\/posts\/5073\/revisions"}],"predecessor-version":[{"id":5210,"href":"https:\/\/agora.xtec.cat\/ieslescala\/wp-json\/wp\/v2\/posts\/5073\/revisions\/5210"}],"wp:featuredmedia":[{"embeddable":true,"href":"https:\/\/agora.xtec.cat\/ieslescala\/wp-json\/wp\/v2\/media\/5209"}],"wp:attachment":[{"href":"https:\/\/agora.xtec.cat\/ieslescala\/wp-json\/wp\/v2\/media?parent=5073"}],"wp:term":[{"taxonomy":"category","embeddable":true,"href":"https:\/\/agora.xtec.cat\/ieslescala\/wp-json\/wp\/v2\/categories?post=5073"},{"taxonomy":"post_tag","embeddable":true,"href":"https:\/\/agora.xtec.cat\/ieslescala\/wp-json\/wp\/v2\/tags?post=5073"}],"curies":[{"name":"wp","href":"https:\/\/api.w.org\/{rel}","templated":true}]}}