{"id":4375,"date":"2017-11-29T19:14:23","date_gmt":"2017-11-29T18:14:23","guid":{"rendered":"http:\/\/agora.xtec.cat\/ieslescala\/?p=4375"},"modified":"2020-09-20T00:04:47","modified_gmt":"2020-09-19T22:04:47","slug":"vi-lectura-de-textos-classics-amb-la-participacio-de-lins-el-pedro","status":"publish","type":"post","link":"https:\/\/agora.xtec.cat\/ieslescala\/general\/vi-lectura-de-textos-classics-amb-la-participacio-de-lins-el-pedro\/","title":{"rendered":"VI Lectura de Textos Cl\u00e0ssics relacionats amb els monstres de Harry Potter"},"content":{"rendered":"<p style=\"text-align: justify;\"><strong>El dissabte 16\u00a0 de desembre tindr\u00e0 lloc a Emp\u00faries la VI Lectura de Textos Cl\u00e0ssics Anna M. Saur\u00ed Font<\/strong>, nom de la professora de cl\u00e0ssiques que va impulsar aquesta activitat i la va portar a terme les quatre primeres edicions,\u00a0 conjuntament amb la llibreria Vitel\u00b7la de l&#8217;Escala.<\/p>\n<p style=\"text-align: justify;\"><strong>Enguany, coincidint amb els 20 anys de la primera publicaci\u00f3 del llibre inicial de la saga de Harry Potter, la lectura dels textos ser\u00e0 dels referents de la mitologia grecollatina en els monstres d&#8217;aquests llibres de J.K. Rowling.\u00a0<\/strong> \u00a0 \u00a0 \u00a0 \u00a0 \u00a0 \u00a0 \u00a0 \u00a0 \u00a0 \u00a0 \u00a0 \u00a0 \u00a0 \u00a0 \u00a0 \u00a0 \u00a0 \u00a0 \u00a0 \u00a0 \u00a0 \u00a0 \u00a0 \u00a0 \u00a0 \u00a0 \u00a0 \u00a0 \u00a0 \u00a0 \u00a0 \u00a0 \u00a0\u00a0<a href=\"http:\/\/agora.xtec.cat\/ieslescala\/wp-content\/uploads\/usu933\/2017\/11\/Textos-cla\u0300ssics.jpg\"><img loading=\"lazy\" decoding=\"async\" class=\"alignnone size-large wp-image-4377\" src=\"http:\/\/agora.xtec.cat\/ieslescala\/wp-content\/uploads\/usu933\/2017\/11\/Textos-cla\u0300ssics-1024x488.jpg\" alt=\"\" width=\"1024\" height=\"488\" srcset=\"https:\/\/agora.xtec.cat\/ieslescala\/wp-content\/uploads\/usu933\/2017\/11\/Textos-cla\u0300ssics-1024x488.jpg 1024w, https:\/\/agora.xtec.cat\/ieslescala\/wp-content\/uploads\/usu933\/2017\/11\/Textos-cla\u0300ssics-300x143.jpg 300w, https:\/\/agora.xtec.cat\/ieslescala\/wp-content\/uploads\/usu933\/2017\/11\/Textos-cla\u0300ssics-768x366.jpg 768w, https:\/\/agora.xtec.cat\/ieslescala\/wp-content\/uploads\/usu933\/2017\/11\/Textos-cla\u0300ssics.jpg 1828w\" sizes=\"auto, (max-width: 1024px) 100vw, 1024px\" \/><\/a>Es tracta d&#8217;una activitat conjunta que compta amb la participaci\u00f3 d&#8217;alumnes de batxillerat del nostre centre i de l&#8217;institut de Torroella de Montgr\u00ed, coordinats per les seves professores actuals de cl\u00e0ssiques, la Jenny Trivi\u00f1o i la Lina Vilamitjana; tamb\u00e9 es compta amb la col\u00b7laboraci\u00f3 de la professora de Matar\u00f3 Berta Cant\u00f3 i amb el suport organitzatiu de la Llibreria Vitel\u00b7la i de la biblioteca escolar de l&#8217;INS El Pedr\u00f3.<\/p>\n<p style=\"text-align: justify;\">La previsi\u00f3 d&#8217;una major aflu\u00e8ncia de p\u00fablic, considerant la gran quantitat de lectors de les novel\u00b7les de Harry Potter,\u00a0 ens ha portat a organitzar l&#8217;acte <strong>a la sala d&#8217;exposicions del MAC-Emp\u00faries el dissabte a les 11 del mat\u00ed<\/strong>, per facilitar l&#8217;assist\u00e8ncia de l&#8217;alumnat interessat, professorat i fam\u00edlies.<\/p>\n<p>L&#8217;activitat \u00e9s oberta a tothom i l&#8217;entrada \u00e9s lliure. Us hi esperem!<\/p>\n","protected":false},"excerpt":{"rendered":"<p>El dissabte 16\u00a0 de desembre tindr\u00e0 lloc a Emp\u00faries la VI Lectura de Textos Cl\u00e0ssics Anna M. Saur\u00ed Font, nom [&hellip;]<\/p>\n","protected":false},"author":40,"featured_media":4377,"comment_status":"closed","ping_status":"closed","sticky":false,"template":"","format":"standard","meta":{"_bbp_topic_count":0,"_bbp_reply_count":0,"_bbp_total_topic_count":0,"_bbp_total_reply_count":0,"_bbp_voice_count":0,"_bbp_anonymous_reply_count":0,"_bbp_topic_count_hidden":0,"_bbp_reply_count_hidden":0,"_bbp_forum_subforum_count":0,"site-sidebar-layout":"default","site-content-layout":"","ast-site-content-layout":"","site-content-style":"default","site-sidebar-style":"default","ast-global-header-display":"","ast-banner-title-visibility":"","ast-main-header-display":"","ast-hfb-above-header-display":"","ast-hfb-below-header-display":"","ast-hfb-mobile-header-display":"","site-post-title":"","ast-breadcrumbs-content":"","ast-featured-img":"","footer-sml-layout":"","theme-transparent-header-meta":"","adv-header-id-meta":"","stick-header-meta":"","header-above-stick-meta":"","header-main-stick-meta":"","header-below-stick-meta":"","astra-migrate-meta-layouts":"default","ast-page-background-enabled":"default","ast-page-background-meta":{"desktop":{"background-color":"var(--ast-global-color-4)","background-image":"","background-repeat":"repeat","background-position":"center center","background-size":"auto","background-attachment":"scroll","background-type":"","background-media":"","overlay-type":"","overlay-color":"","overlay-opacity":"","overlay-gradient":""},"tablet":{"background-color":"","background-image":"","background-repeat":"repeat","background-position":"center center","background-size":"auto","background-attachment":"scroll","background-type":"","background-media":"","overlay-type":"","overlay-color":"","overlay-opacity":"","overlay-gradient":""},"mobile":{"background-color":"","background-image":"","background-repeat":"repeat","background-position":"center center","background-size":"auto","background-attachment":"scroll","background-type":"","background-media":"","overlay-type":"","overlay-color":"","overlay-opacity":"","overlay-gradient":""}},"ast-content-background-meta":{"desktop":{"background-color":"var(--ast-global-color-5)","background-image":"","background-repeat":"repeat","background-position":"center center","background-size":"auto","background-attachment":"scroll","background-type":"","background-media":"","overlay-type":"","overlay-color":"","overlay-opacity":"","overlay-gradient":""},"tablet":{"background-color":"var(--ast-global-color-5)","background-image":"","background-repeat":"repeat","background-position":"center center","background-size":"auto","background-attachment":"scroll","background-type":"","background-media":"","overlay-type":"","overlay-color":"","overlay-opacity":"","overlay-gradient":""},"mobile":{"background-color":"var(--ast-global-color-5)","background-image":"","background-repeat":"repeat","background-position":"center center","background-size":"auto","background-attachment":"scroll","background-type":"","background-media":"","overlay-type":"","overlay-color":"","overlay-opacity":"","overlay-gradient":""}},"footnotes":""},"categories":[218,8,178,69,70,221,1,220],"tags":[88,200],"class_list":["post-4375","post","type-post","status-publish","format-standard","has-post-thumbnail","hentry","category-actes-culturals","category-batxillerat","category-biblioteca","category-btx-1","category-btx-2","category-families","category-general","category-professorat","tag-activitats","tag-lectura"],"post_mailing_queue_ids":[],"_links":{"self":[{"href":"https:\/\/agora.xtec.cat\/ieslescala\/wp-json\/wp\/v2\/posts\/4375","targetHints":{"allow":["GET"]}}],"collection":[{"href":"https:\/\/agora.xtec.cat\/ieslescala\/wp-json\/wp\/v2\/posts"}],"about":[{"href":"https:\/\/agora.xtec.cat\/ieslescala\/wp-json\/wp\/v2\/types\/post"}],"author":[{"embeddable":true,"href":"https:\/\/agora.xtec.cat\/ieslescala\/wp-json\/wp\/v2\/users\/40"}],"replies":[{"embeddable":true,"href":"https:\/\/agora.xtec.cat\/ieslescala\/wp-json\/wp\/v2\/comments?post=4375"}],"version-history":[{"count":3,"href":"https:\/\/agora.xtec.cat\/ieslescala\/wp-json\/wp\/v2\/posts\/4375\/revisions"}],"predecessor-version":[{"id":4426,"href":"https:\/\/agora.xtec.cat\/ieslescala\/wp-json\/wp\/v2\/posts\/4375\/revisions\/4426"}],"wp:featuredmedia":[{"embeddable":true,"href":"https:\/\/agora.xtec.cat\/ieslescala\/wp-json\/wp\/v2\/media\/4377"}],"wp:attachment":[{"href":"https:\/\/agora.xtec.cat\/ieslescala\/wp-json\/wp\/v2\/media?parent=4375"}],"wp:term":[{"taxonomy":"category","embeddable":true,"href":"https:\/\/agora.xtec.cat\/ieslescala\/wp-json\/wp\/v2\/categories?post=4375"},{"taxonomy":"post_tag","embeddable":true,"href":"https:\/\/agora.xtec.cat\/ieslescala\/wp-json\/wp\/v2\/tags?post=4375"}],"curies":[{"name":"wp","href":"https:\/\/api.w.org\/{rel}","templated":true}]}}