{"id":2960,"date":"2017-02-15T17:24:38","date_gmt":"2017-02-15T16:24:38","guid":{"rendered":"http:\/\/agora.xtec.cat\/ieslescala\/?p=2960"},"modified":"2017-02-22T12:49:44","modified_gmt":"2017-02-22T11:49:44","slug":"voleu-saber-mes-coses-sobre-el-club-de-debat","status":"publish","type":"post","link":"https:\/\/agora.xtec.cat\/ieslescala\/general\/voleu-saber-mes-coses-sobre-el-club-de-debat\/","title":{"rendered":"Voleu saber m\u00e9s coses sobre el Club de debat?"},"content":{"rendered":"<p><span style=\"font-size: xx-large;\"><b><a href=\"http:\/\/agora.xtec.cat\/ieslescala\/wp-content\/uploads\/usu933\/2017\/02\/Foto-debat.jpg\"><img loading=\"lazy\" decoding=\"async\" class=\"size-medium wp-image-2976 alignright\" src=\"http:\/\/agora.xtec.cat\/ieslescala\/wp-content\/uploads\/usu933\/2017\/02\/Foto-debat-300x225.jpg\" alt=\"foto-debat\" width=\"300\" height=\"225\" srcset=\"https:\/\/agora.xtec.cat\/ieslescala\/wp-content\/uploads\/usu933\/2017\/02\/Foto-debat-300x225.jpg 300w, https:\/\/agora.xtec.cat\/ieslescala\/wp-content\/uploads\/usu933\/2017\/02\/Foto-debat-200x150.jpg 200w, https:\/\/agora.xtec.cat\/ieslescala\/wp-content\/uploads\/usu933\/2017\/02\/Foto-debat.jpg 640w\" sizes=\"auto, (max-width: 300px) 100vw, 300px\" \/><\/a><\/b><\/span><sub>Article de Christian Ram\u00edrez<\/sub><\/p>\n<h6 style=\"text-align: justify;\" align=\"left\"><strong>Des de fa tres mesos, a l\u2019institut tenim un club de debat, que es realitza a l\u2019hora del pati. La idea de fer aquesta activitat va n\u00e9ixer l\u2019any passat, per\u00f2 no s\u2019ha portat a terme fins aquest curs.<\/strong><\/h6>\n<h6 style=\"text-align: justify;\" align=\"left\"><strong>El debat es fa mensualment\u00a0a l\u2019aula d\u2019inform\u00e0tica 2. La finalitat d\u2019aquest club es compartir interessos i con\u00e8ixer i relacionar-se amb altres persones. Aquesta activitat s&#8217;ha inspirat en les escoles sueques, ja que en elles tamb\u00e9 es fan aquestes trobades per comentar temes interessants.<\/strong><\/h6>\n<h6 style=\"text-align: justify;\" align=\"left\"><strong>Els principals temes de debat proposats en el nostre centre s\u00f3n: <\/strong><\/h6>\n<h6 align=\"left\">&#8211; Pol\u00edtica<\/h6>\n<h6 align=\"left\">&#8211; Geopol\u00edtica<\/h6>\n<h6 align=\"left\">&#8211; \u00c8tica<a href=\"http:\/\/agora.xtec.cat\/ieslescala\/wp-content\/uploads\/usu933\/2017\/02\/debat.png\"><img loading=\"lazy\" decoding=\"async\" class=\"size-medium wp-image-3018 alignright\" src=\"http:\/\/agora.xtec.cat\/ieslescala\/wp-content\/uploads\/usu933\/2017\/02\/debat-300x221.png\" alt=\"debat\" width=\"300\" height=\"221\" srcset=\"https:\/\/agora.xtec.cat\/ieslescala\/wp-content\/uploads\/usu933\/2017\/02\/debat-300x221.png 300w, https:\/\/agora.xtec.cat\/ieslescala\/wp-content\/uploads\/usu933\/2017\/02\/debat.png 404w\" sizes=\"auto, (max-width: 300px) 100vw, 300px\" \/><\/a><\/h6>\n<h6 align=\"left\"><\/h6>\n<h6 align=\"left\">&#8211; Hist\u00f2ria<\/h6>\n<h6 style=\"text-align: justify;\" align=\"left\">De moment s\u2019han organitzat tres\u00a0debats. En\u00a0el primer s\u2019ha parlat sobre el sistema educatiu i la seva situaci\u00f3 actual. El\u00a014 de desembre es va fer el segon, que\u00a0va tractar sobre les eleccions presidencials americanes. I al mes de gener\u00a0es va debatre sobre el tema dels refugiats.<\/h6>\n<h6 style=\"text-align: justify;\" align=\"left\">Els promotors de l\u2019activitat s\u00f3n alguns alumnes de segon d\u2019ESO, principalment en\u00a0Felipe de Camps i en Josep Farr\u00e9s, per\u00f2 s&#8217;ha fet extensiu a tot l&#8217;alumnat del <strong>centre i cada vegada hi participa m\u00e9s gent.<\/strong><\/h6>\n<p><strong>La propera trobada ser\u00e0 <span style=\"text-decoration: underline;\"><em>divendres 24 de febrer i el tema de debat \u00e9s la ultradreta europea.<\/em><\/span><\/strong><\/p>\n<h6 style=\"text-align: justify;\" align=\"left\"><strong>Qui vulgui formar part del club de debat, pot demanar-ho al moderador,\u00a0el professor de socials\u00a0Llu\u00eds Prats, qui\u00a0us informar\u00e0 de les dates de les properes trobades i dels temes concrets.<\/strong><\/h6>\n<p>&nbsp;<\/p>\n<h6 align=\"left\">ANIME<a href=\"http:\/\/agora.xtec.cat\/ieslescala\/wp-content\/uploads\/usu933\/2017\/02\/IMG_9245-e1487764093498.jpg\"><img loading=\"lazy\" decoding=\"async\" class=\"size-medium wp-image-3058 alignleft\" src=\"http:\/\/agora.xtec.cat\/ieslescala\/wp-content\/uploads\/usu933\/2017\/02\/IMG_9245-e1487764093498-225x300.jpg\" alt=\"img_9245\" width=\"225\" height=\"300\" srcset=\"https:\/\/agora.xtec.cat\/ieslescala\/wp-content\/uploads\/usu933\/2017\/02\/IMG_9245-e1487764093498-225x300.jpg 225w, https:\/\/agora.xtec.cat\/ieslescala\/wp-content\/uploads\/usu933\/2017\/02\/IMG_9245-e1487764093498.jpg 480w\" sizes=\"auto, (max-width: 225px) 100vw, 225px\" \/><\/a>U-VOS A PARTICIPAR!!!<\/h6>\n","protected":false},"excerpt":{"rendered":"<p>Article de Christian Ram\u00edrez Des de fa tres mesos, a l\u2019institut tenim un club de debat, que es realitza a [&hellip;]<\/p>\n","protected":false},"author":81,"featured_media":2976,"comment_status":"closed","ping_status":"open","sticky":false,"template":"","format":"standard","meta":{"_bbp_topic_count":0,"_bbp_reply_count":0,"_bbp_total_topic_count":0,"_bbp_total_reply_count":0,"_bbp_voice_count":0,"_bbp_anonymous_reply_count":0,"_bbp_topic_count_hidden":0,"_bbp_reply_count_hidden":0,"_bbp_forum_subforum_count":0,"site-sidebar-layout":"default","site-content-layout":"","ast-site-content-layout":"","site-content-style":"default","site-sidebar-style":"default","ast-global-header-display":"","ast-banner-title-visibility":"","ast-main-header-display":"","ast-hfb-above-header-display":"","ast-hfb-below-header-display":"","ast-hfb-mobile-header-display":"","site-post-title":"","ast-breadcrumbs-content":"","ast-featured-img":"","footer-sml-layout":"","theme-transparent-header-meta":"","adv-header-id-meta":"","stick-header-meta":"","header-above-stick-meta":"","header-main-stick-meta":"","header-below-stick-meta":"","astra-migrate-meta-layouts":"default","ast-page-background-enabled":"default","ast-page-background-meta":{"desktop":{"background-color":"var(--ast-global-color-4)","background-image":"","background-repeat":"repeat","background-position":"center center","background-size":"auto","background-attachment":"scroll","background-type":"","background-media":"","overlay-type":"","overlay-color":"","overlay-opacity":"","overlay-gradient":""},"tablet":{"background-color":"","background-image":"","background-repeat":"repeat","background-position":"center center","background-size":"auto","background-attachment":"scroll","background-type":"","background-media":"","overlay-type":"","overlay-color":"","overlay-opacity":"","overlay-gradient":""},"mobile":{"background-color":"","background-image":"","background-repeat":"repeat","background-position":"center center","background-size":"auto","background-attachment":"scroll","background-type":"","background-media":"","overlay-type":"","overlay-color":"","overlay-opacity":"","overlay-gradient":""}},"ast-content-background-meta":{"desktop":{"background-color":"var(--ast-global-color-5)","background-image":"","background-repeat":"repeat","background-position":"center center","background-size":"auto","background-attachment":"scroll","background-type":"","background-media":"","overlay-type":"","overlay-color":"","overlay-opacity":"","overlay-gradient":""},"tablet":{"background-color":"var(--ast-global-color-5)","background-image":"","background-repeat":"repeat","background-position":"center center","background-size":"auto","background-attachment":"scroll","background-type":"","background-media":"","overlay-type":"","overlay-color":"","overlay-opacity":"","overlay-gradient":""},"mobile":{"background-color":"var(--ast-global-color-5)","background-image":"","background-repeat":"repeat","background-position":"center center","background-size":"auto","background-attachment":"scroll","background-type":"","background-media":"","overlay-type":"","overlay-color":"","overlay-opacity":"","overlay-gradient":""}},"footnotes":""},"categories":[1,191],"tags":[93],"class_list":["post-2960","post","type-post","status-publish","format-standard","has-post-thumbnail","hentry","category-general","category-revista-digital","tag-revista-digital"],"post_mailing_queue_ids":[],"_links":{"self":[{"href":"https:\/\/agora.xtec.cat\/ieslescala\/wp-json\/wp\/v2\/posts\/2960","targetHints":{"allow":["GET"]}}],"collection":[{"href":"https:\/\/agora.xtec.cat\/ieslescala\/wp-json\/wp\/v2\/posts"}],"about":[{"href":"https:\/\/agora.xtec.cat\/ieslescala\/wp-json\/wp\/v2\/types\/post"}],"author":[{"embeddable":true,"href":"https:\/\/agora.xtec.cat\/ieslescala\/wp-json\/wp\/v2\/users\/81"}],"replies":[{"embeddable":true,"href":"https:\/\/agora.xtec.cat\/ieslescala\/wp-json\/wp\/v2\/comments?post=2960"}],"version-history":[{"count":4,"href":"https:\/\/agora.xtec.cat\/ieslescala\/wp-json\/wp\/v2\/posts\/2960\/revisions"}],"predecessor-version":[{"id":3060,"href":"https:\/\/agora.xtec.cat\/ieslescala\/wp-json\/wp\/v2\/posts\/2960\/revisions\/3060"}],"wp:featuredmedia":[{"embeddable":true,"href":"https:\/\/agora.xtec.cat\/ieslescala\/wp-json\/wp\/v2\/media\/2976"}],"wp:attachment":[{"href":"https:\/\/agora.xtec.cat\/ieslescala\/wp-json\/wp\/v2\/media?parent=2960"}],"wp:term":[{"taxonomy":"category","embeddable":true,"href":"https:\/\/agora.xtec.cat\/ieslescala\/wp-json\/wp\/v2\/categories?post=2960"},{"taxonomy":"post_tag","embeddable":true,"href":"https:\/\/agora.xtec.cat\/ieslescala\/wp-json\/wp\/v2\/tags?post=2960"}],"curies":[{"name":"wp","href":"https:\/\/api.w.org\/{rel}","templated":true}]}}