{"id":2729,"date":"2017-01-15T16:08:40","date_gmt":"2017-01-15T15:08:40","guid":{"rendered":"http:\/\/agora.xtec.cat\/ieslescala\/?p=2729"},"modified":"2017-01-29T10:24:31","modified_gmt":"2017-01-29T09:24:31","slug":"millores-en-el-blog-de-la-biblioteca-del-centre","status":"publish","type":"post","link":"https:\/\/agora.xtec.cat\/ieslescala\/general\/millores-en-el-blog-de-la-biblioteca-del-centre\/","title":{"rendered":"Millores en el blog de la biblioteca del centre"},"content":{"rendered":"<p>Aquest curs hem canviat el format del blog de la biblioteca i hem passat de <span style=\"text-decoration: underline;\"><a href=\"http:\/\/mardellibres.blogspot.com\">Mardellibres<\/a><\/span>\u00a0a una categoria de la p\u00e0gina web del centre<span style=\"text-decoration: underline;\">\u00a0<a href=\"http:\/\/agora.xtec.cat\/ieslescala\/categoria\/biblioteca\/\">http:\/\/agora.xtec.cat\/ieslescala\/categoria\/biblioteca\/<\/a>\u00a0<\/span>.<\/p>\n<p>Com podreu comprovar hem incl\u00f2s <strong>al marge lateral les informacions seg\u00fcents : \u00a0 \u00a0 \u00a0 \u00a0 \u00a0 \u00a0 \u00a0<a href=\"http:\/\/agora.xtec.cat\/ieslescala\/wp-content\/uploads\/usu933\/2017\/01\/Biblioteca.jpg\"><img loading=\"lazy\" decoding=\"async\" class=\"wp-image-2737 alignright\" src=\"http:\/\/agora.xtec.cat\/ieslescala\/wp-content\/uploads\/usu933\/2017\/01\/Biblioteca-300x178.jpg\" alt=\"biblioteca\" width=\"538\" height=\"319\" srcset=\"https:\/\/agora.xtec.cat\/ieslescala\/wp-content\/uploads\/usu933\/2017\/01\/Biblioteca-300x178.jpg 300w, https:\/\/agora.xtec.cat\/ieslescala\/wp-content\/uploads\/usu933\/2017\/01\/Biblioteca-768x455.jpg 768w, https:\/\/agora.xtec.cat\/ieslescala\/wp-content\/uploads\/usu933\/2017\/01\/Biblioteca-1024x607.jpg 1024w, https:\/\/agora.xtec.cat\/ieslescala\/wp-content\/uploads\/usu933\/2017\/01\/Biblioteca.jpg 1416w\" sizes=\"auto, (max-width: 538px) 100vw, 538px\" \/><\/a><\/strong><\/p>\n<div class=\"menu-sobre-la-biblioteca-container\">\n<ul id=\"menu-sobre-la-biblioteca\" class=\"menu\" style=\"list-style-type: square;\">\n<li id=\"menu-item-2403\" class=\"menu-item menu-item-type-post_type menu-item-object-post menu-item-2403\"><a href=\"http:\/\/agora.xtec.cat\/ieslescala\/biblioteca\/guia-de-la-biblioteca\/\">Guia de la biblioteca<\/a><\/li>\n<li id=\"menu-item-2404\" class=\"menu-item menu-item-type-post_type menu-item-object-post menu-item-2404\"><a href=\"http:\/\/agora.xtec.cat\/ieslescala\/biblioteca\/el-projecte-de-la-biblioteca\/\">El projecte de la biblioteca<\/a><\/li>\n<li id=\"menu-item-2401\" class=\"menu-item menu-item-type-post_type menu-item-object-post menu-item-2401\"><a href=\"http:\/\/agora.xtec.cat\/ieslescala\/biblioteca\/historia-de-la-biblioteca\/\">Hist\u00f2ria de la nostra biblioteca<\/a><\/li>\n<li id=\"menu-item-2505\" class=\"menu-item menu-item-type-post_type menu-item-object-post menu-item-2505\"><a href=\"http:\/\/agora.xtec.cat\/ieslescala\/biblioteca\/professorat\/\">Fam\u00edlies<\/a><\/li>\n<li id=\"menu-item-2402\" class=\"menu-item menu-item-type-post_type menu-item-object-post menu-item-2402\"><a href=\"http:\/\/agora.xtec.cat\/ieslescala\/biblioteca\/galeria-fotografica\/\">Galeria fotogr\u00e0fica del Club de lectura<\/a><\/li>\n<li id=\"menu-item-2452\" class=\"menu-item menu-item-type-post_type menu-item-object-post menu-item-2452\"><a href=\"http:\/\/agora.xtec.cat\/ieslescala\/biblioteca\/activitats-de-sant-jordi\/\">Activitats de Sant Jordi<\/a><\/li>\n<li id=\"menu-item-2470\" class=\"menu-item menu-item-type-post_type menu-item-object-post menu-item-2470\"><a href=\"http:\/\/agora.xtec.cat\/ieslescala\/biblioteca\/llegim-poemes-el-dia-de-la-poesia\/\">Llegim poemes el Dia de la poesia<\/a><\/li>\n<li id=\"menu-item-2691\" class=\"menu-item menu-item-type-post_type menu-item-object-page menu-item-2691\"><a href=\"http:\/\/agora.xtec.cat\/ieslescala\/linstitut\/agenda\/\">Agenda<\/a><\/li>\n<li class=\"menu-item menu-item-type-post_type menu-item-object-page menu-item-2691\">Un enlla\u00e7 al cat\u00e0leg de recursos de la biblioteca del centre per tal de consultar tot el qu\u00e8 podeu demanar en pr\u00e9stec i que tenim registrat amb el programa eP\u00e8rgam.<\/li>\n<li>Llista d&#8217;etiquetes tem\u00e0tiques i n\u00favol d&#8217;etiquetes del blog.<\/li>\n<li>Enlla\u00e7os educatius interessants : Al blog de l&#8217;institut \u00a0<a href=\"https:\/\/escriureperllegir.blogspot.com.es\/\">Escriure per llegir<\/a><strong>. <\/strong><strong>\u00a0<\/strong>Als\u00a0<a href=\"http:\/\/blocs.xtec.cat\/bibliotequesescolars\/\">Webs i blogs de les biblioteques dels centres educatius de Catalunya<\/a>. Al servei de <a href=\"http:\/\/catalunya.ebiblio.es\/opac\/#index\">pr\u00e9stec digital<\/a> de les biblioteques p\u00fabliques de Catalunya. Als webs o blogs de les biblioteques de les nostres comarques i a la xarxa social <a href=\"http:\/\/www.quellegeixes.cat\/splash\/splash.php\">Qu\u00e8 llegeixes?<\/a><\/li>\n<li>Podeu llegir les paraules recomanades de <a href=\"http:\/\/rodamots.cat\/\">Rodamots<\/a>, amb una explicaci\u00f3 de la seva etimologia i usos.<\/li>\n<li>Podeu veure imatges molt creatives relacionades amb la lectura i l&#8217;escriptura del blog<a href=\"http:\/\/bibliolectors.tumblr.com\/\"> Lecturimatges: La lectura en imatges.<\/a><\/li>\n<li>Afegir-vos f\u00e0cilment a la subscripci\u00f3 al blog de la biblioteca.<\/li>\n<li>Con\u00e8ixer el Pla d&#8217;Impuls a la Lectura del Departament d&#8217;Ensenyament.<\/li>\n<li>Llegir algunes not\u00edcies del dia a trav\u00e9s del Diari Ara.<\/li>\n<\/ul>\n<p>Seguirem publicant articles de manera peri\u00f2dica setmanal a trav\u00e9s dels quals us proposem t\u00edtols d&#8217;obres recomanades i commemoracions d&#8217;efem\u00e8rides d&#8217;autors i obres. Us esmentem les noves incorporacions al cat\u00e0leg, les activitats del Club de lectura de l&#8217;institut, les lectures p\u00fabliques a la biblioteca escolar i a la municipal, i la difusi\u00f3 d&#8217;activitats culturals al centre, al municipi de l&#8217;Escala i a les poblacions popreres. No falten les convocat\u00f2ries de \u00a0concursos literaris, la formaci\u00f3 d&#8217;usuaris en la compet\u00e8ncia informacional, etc.<\/p>\n<p>Esperem que aix\u00ed els serveis de la biblioteca us arribin molt millor i que gaudiu de les propostes, que les informacions us ajudin a la vostres tasques acad\u00e8miques i us proporcionin recursos i informacions interessants i \u00a0ajudi a millorar l&#8217;h\u00e0bit lector de tothom.<\/p>\n<p><strong>La biblioteca al servei de tota la comunitat educativa!\u00a0<\/strong><\/p>\n<\/div>\n","protected":false},"excerpt":{"rendered":"<p>Aquest curs hem canviat el format del blog de la biblioteca i hem passat de Mardellibres\u00a0a una categoria de la [&hellip;]<\/p>\n","protected":false},"author":40,"featured_media":2737,"comment_status":"closed","ping_status":"open","sticky":false,"template":"","format":"standard","meta":{"_bbp_topic_count":0,"_bbp_reply_count":0,"_bbp_total_topic_count":0,"_bbp_total_reply_count":0,"_bbp_voice_count":0,"_bbp_anonymous_reply_count":0,"_bbp_topic_count_hidden":0,"_bbp_reply_count_hidden":0,"_bbp_forum_subforum_count":0,"site-sidebar-layout":"default","site-content-layout":"","ast-site-content-layout":"","site-content-style":"default","site-sidebar-style":"default","ast-global-header-display":"","ast-banner-title-visibility":"","ast-main-header-display":"","ast-hfb-above-header-display":"","ast-hfb-below-header-display":"","ast-hfb-mobile-header-display":"","site-post-title":"","ast-breadcrumbs-content":"","ast-featured-img":"","footer-sml-layout":"","theme-transparent-header-meta":"","adv-header-id-meta":"","stick-header-meta":"","header-above-stick-meta":"","header-main-stick-meta":"","header-below-stick-meta":"","astra-migrate-meta-layouts":"default","ast-page-background-enabled":"default","ast-page-background-meta":{"desktop":{"background-color":"var(--ast-global-color-4)","background-image":"","background-repeat":"repeat","background-position":"center center","background-size":"auto","background-attachment":"scroll","background-type":"","background-media":"","overlay-type":"","overlay-color":"","overlay-opacity":"","overlay-gradient":""},"tablet":{"background-color":"","background-image":"","background-repeat":"repeat","background-position":"center center","background-size":"auto","background-attachment":"scroll","background-type":"","background-media":"","overlay-type":"","overlay-color":"","overlay-opacity":"","overlay-gradient":""},"mobile":{"background-color":"","background-image":"","background-repeat":"repeat","background-position":"center center","background-size":"auto","background-attachment":"scroll","background-type":"","background-media":"","overlay-type":"","overlay-color":"","overlay-opacity":"","overlay-gradient":""}},"ast-content-background-meta":{"desktop":{"background-color":"var(--ast-global-color-5)","background-image":"","background-repeat":"repeat","background-position":"center center","background-size":"auto","background-attachment":"scroll","background-type":"","background-media":"","overlay-type":"","overlay-color":"","overlay-opacity":"","overlay-gradient":""},"tablet":{"background-color":"var(--ast-global-color-5)","background-image":"","background-repeat":"repeat","background-position":"center center","background-size":"auto","background-attachment":"scroll","background-type":"","background-media":"","overlay-type":"","overlay-color":"","overlay-opacity":"","overlay-gradient":""},"mobile":{"background-color":"var(--ast-global-color-5)","background-image":"","background-repeat":"repeat","background-position":"center center","background-size":"auto","background-attachment":"scroll","background-type":"","background-media":"","overlay-type":"","overlay-color":"","overlay-opacity":"","overlay-gradient":""}},"footnotes":""},"categories":[178,1,211],"tags":[199,230],"class_list":["post-2729","post","type-post","status-publish","format-standard","has-post-thumbnail","hentry","category-biblioteca","category-general","category-organitzacio","tag-informacio-biblioteca","tag-organitzacio-i-gestio"],"post_mailing_queue_ids":[],"_links":{"self":[{"href":"https:\/\/agora.xtec.cat\/ieslescala\/wp-json\/wp\/v2\/posts\/2729","targetHints":{"allow":["GET"]}}],"collection":[{"href":"https:\/\/agora.xtec.cat\/ieslescala\/wp-json\/wp\/v2\/posts"}],"about":[{"href":"https:\/\/agora.xtec.cat\/ieslescala\/wp-json\/wp\/v2\/types\/post"}],"author":[{"embeddable":true,"href":"https:\/\/agora.xtec.cat\/ieslescala\/wp-json\/wp\/v2\/users\/40"}],"replies":[{"embeddable":true,"href":"https:\/\/agora.xtec.cat\/ieslescala\/wp-json\/wp\/v2\/comments?post=2729"}],"version-history":[{"count":4,"href":"https:\/\/agora.xtec.cat\/ieslescala\/wp-json\/wp\/v2\/posts\/2729\/revisions"}],"predecessor-version":[{"id":2745,"href":"https:\/\/agora.xtec.cat\/ieslescala\/wp-json\/wp\/v2\/posts\/2729\/revisions\/2745"}],"wp:featuredmedia":[{"embeddable":true,"href":"https:\/\/agora.xtec.cat\/ieslescala\/wp-json\/wp\/v2\/media\/2737"}],"wp:attachment":[{"href":"https:\/\/agora.xtec.cat\/ieslescala\/wp-json\/wp\/v2\/media?parent=2729"}],"wp:term":[{"taxonomy":"category","embeddable":true,"href":"https:\/\/agora.xtec.cat\/ieslescala\/wp-json\/wp\/v2\/categories?post=2729"},{"taxonomy":"post_tag","embeddable":true,"href":"https:\/\/agora.xtec.cat\/ieslescala\/wp-json\/wp\/v2\/tags?post=2729"}],"curies":[{"name":"wp","href":"https:\/\/api.w.org\/{rel}","templated":true}]}}