{"id":2534,"date":"2016-12-02T19:08:42","date_gmt":"2016-12-02T18:08:42","guid":{"rendered":"http:\/\/agora.xtec.cat\/ieslescala\/?p=2534"},"modified":"2020-09-20T00:28:07","modified_gmt":"2020-09-19T22:28:07","slug":"inauguracio-de-lespai-jove-de-lescala-el-divendres-2-de-desembre-de-2016","status":"publish","type":"post","link":"https:\/\/agora.xtec.cat\/ieslescala\/general\/inauguracio-de-lespai-jove-de-lescala-el-divendres-2-de-desembre-de-2016\/","title":{"rendered":"Inauguraci\u00f3 de l&#8217;Espai Jove de l&#8217;Escala el divendres 2 de desembre de 2016"},"content":{"rendered":"<p>Article realitzat per Dani Morera i Cristian Ram\u00edrez.<\/p>\n<p style=\"text-align: justify;\"><a href=\"http:\/\/agora.xtec.cat\/ieslescala\/wp-content\/uploads\/usu933\/2016\/12\/inauguracio-espai-jove-lesbotzada-visitlescala.jpg\"><img loading=\"lazy\" decoding=\"async\" class=\"wp-image-2536 alignright\" src=\"http:\/\/agora.xtec.cat\/ieslescala\/wp-content\/uploads\/usu933\/2016\/12\/inauguracio-espai-jove-lesbotzada-visitlescala.jpg\" alt=\"inauguracio-espai-jove-lesbotzada-visitlescala\" width=\"696\" height=\"458\" srcset=\"https:\/\/agora.xtec.cat\/ieslescala\/wp-content\/uploads\/usu933\/2016\/12\/inauguracio-espai-jove-lesbotzada-visitlescala.jpg 600w, https:\/\/agora.xtec.cat\/ieslescala\/wp-content\/uploads\/usu933\/2016\/12\/inauguracio-espai-jove-lesbotzada-visitlescala-300x198.jpg 300w\" sizes=\"auto, (max-width: 696px) 100vw, 696px\" \/><\/a>L\u2019Escala obrir\u00e0 un nou recinte per als joves, com a punt \u00a0d&#8217;informaci\u00f3 i de trobada i per passar la tarda fent activitats. L&#8217;espai juvenil \u00a0&#8220;L&#8217;esbotzada&#8221; est\u00e0 ubicat a l&#8217;edifici de Can Parals, adequat per donar cabuda a una sala de jocs, un espai de treball en xarxa i diverses sales de confer\u00e8ncies i tallers. A m\u00e9s, hi haur\u00e0 el despatx del dinamitzador juvenil, en Xavier Torrent. Aquest ha manifestat que s&#8217;est\u00e0 negociant la creaci\u00f3 d&#8217;un carnet jove escalenc que doni avantatges en activitats i compres en aquells establiments que desitgin incorporar-s&#8217;hi.<\/p>\n<p style=\"text-align: justify;\">Com a dada curiosa relacionada amb aquesta not\u00edcia, a l\u2019Escala hi ha uns 2500 nois i noies d&#8217;entre 12 i 34 anys i tot l&#8217;alumnat de l&#8217;institut est\u00e0 entre aquesta franja d&#8217;edat.<\/p>\n<p style=\"text-align: justify;\"><span style=\"font-family: inherit; font-size: 1em;\">S&#8217;ha demanat l&#8217;opini\u00f3 al jovent del Municipi per posar els serveis que m\u00e9s els atreguin i aquestes passades setmanes s&#8217;han estat \u00a0finalitzant l&#8217;adequaci\u00f3 del lloc amb els \u00faltims detalls per tal d&#8217;inaugurar el local dem\u00e0 divendres 2 de desembre. Com tots els alumnes de l&#8217;institut poden ser possibles usuaris d&#8217;aquest servei, us proposem visitar el local i all\u00e0 us donaran tota la informaci\u00f3 que necessiteu.<\/span><\/p>\n<p><strong>Inauguraci\u00f3<\/strong>: D\u00eda <strong><em>2<\/em><\/strong> de <strong><em>DESEMBRE<\/em><\/strong> del<strong><em> 2016<\/em> <\/strong>a les <strong><em>19:00 h<\/em><\/strong>.<\/p>\n<p><strong>Activitats:<\/strong><\/p>\n<table style=\"height: 211px;\" width=\"732\">\n<tbody>\n<tr>\n<td style=\"text-align: center;\">\u00a0HORA<\/td>\n<td style=\"text-align: center;\">LLOC<\/td>\n<td style=\"text-align: center;\">ACTIVITAT<\/td>\n<\/tr>\n<tr>\n<td style=\"text-align: center;\">\u00a019:00<\/td>\n<td style=\"text-align: center;\">\u00a0Punt d&#8217;informaci\u00f3 i Sala Gran<\/td>\n<td style=\"text-align: center;\">Presentaci\u00f3 amb piscolabis<\/td>\n<\/tr>\n<tr>\n<td style=\"text-align: center;\">19:30<\/td>\n<td style=\"text-align: center;\">Sala de treball<\/td>\n<td style=\"text-align: center;\">Espai en xarxa<\/td>\n<\/tr>\n<tr>\n<td style=\"text-align: center;\">19:30<\/td>\n<td style=\"text-align: center;\">Sala de confer\u00e8ncies<\/td>\n<td style=\"text-align: center;\">Taller de cuina<\/td>\n<\/tr>\n<tr>\n<td style=\"text-align: center;\">19:30<\/td>\n<td style=\"text-align: center;\">\u00a0Espai exterior<\/td>\n<td style=\"text-align: center;\">Taller de batucada<\/td>\n<\/tr>\n<\/tbody>\n<\/table>\n<p><strong>\u00a0<\/strong><\/p>\n<p>&nbsp;<\/p>\n","protected":false},"excerpt":{"rendered":"<p>L\u2019Escala obrir\u00e0 un nou recinte per als joves, com a punt  d&#8217;informaci\u00f3 i de trobada i per passar la tarda fent activitats. Article realitzat per Dani Morera i Cristian Ram\u00edrez.<\/p>\n","protected":false},"author":75,"featured_media":2536,"comment_status":"closed","ping_status":"open","sticky":false,"template":"","format":"standard","meta":{"_bbp_topic_count":0,"_bbp_reply_count":0,"_bbp_total_topic_count":0,"_bbp_total_reply_count":0,"_bbp_voice_count":0,"_bbp_anonymous_reply_count":0,"_bbp_topic_count_hidden":0,"_bbp_reply_count_hidden":0,"_bbp_forum_subforum_count":0,"site-sidebar-layout":"default","site-content-layout":"","ast-site-content-layout":"","site-content-style":"default","site-sidebar-style":"default","ast-global-header-display":"","ast-banner-title-visibility":"","ast-main-header-display":"","ast-hfb-above-header-display":"","ast-hfb-below-header-display":"","ast-hfb-mobile-header-display":"","site-post-title":"","ast-breadcrumbs-content":"","ast-featured-img":"","footer-sml-layout":"","theme-transparent-header-meta":"","adv-header-id-meta":"","stick-header-meta":"","header-above-stick-meta":"","header-main-stick-meta":"","header-below-stick-meta":"","astra-migrate-meta-layouts":"default","ast-page-background-enabled":"default","ast-page-background-meta":{"desktop":{"background-color":"var(--ast-global-color-4)","background-image":"","background-repeat":"repeat","background-position":"center center","background-size":"auto","background-attachment":"scroll","background-type":"","background-media":"","overlay-type":"","overlay-color":"","overlay-opacity":"","overlay-gradient":""},"tablet":{"background-color":"","background-image":"","background-repeat":"repeat","background-position":"center center","background-size":"auto","background-attachment":"scroll","background-type":"","background-media":"","overlay-type":"","overlay-color":"","overlay-opacity":"","overlay-gradient":""},"mobile":{"background-color":"","background-image":"","background-repeat":"repeat","background-position":"center center","background-size":"auto","background-attachment":"scroll","background-type":"","background-media":"","overlay-type":"","overlay-color":"","overlay-opacity":"","overlay-gradient":""}},"ast-content-background-meta":{"desktop":{"background-color":"var(--ast-global-color-5)","background-image":"","background-repeat":"repeat","background-position":"center center","background-size":"auto","background-attachment":"scroll","background-type":"","background-media":"","overlay-type":"","overlay-color":"","overlay-opacity":"","overlay-gradient":""},"tablet":{"background-color":"var(--ast-global-color-5)","background-image":"","background-repeat":"repeat","background-position":"center center","background-size":"auto","background-attachment":"scroll","background-type":"","background-media":"","overlay-type":"","overlay-color":"","overlay-opacity":"","overlay-gradient":""},"mobile":{"background-color":"var(--ast-global-color-5)","background-image":"","background-repeat":"repeat","background-position":"center center","background-size":"auto","background-attachment":"scroll","background-type":"","background-media":"","overlay-type":"","overlay-color":"","overlay-opacity":"","overlay-gradient":""}},"footnotes":""},"categories":[1,83,191],"tags":[88,93],"class_list":["post-2534","post","type-post","status-publish","format-standard","has-post-thumbnail","hentry","category-general","category-projectes","category-revista-digital","tag-activitats","tag-revista-digital"],"post_mailing_queue_ids":[],"_links":{"self":[{"href":"https:\/\/agora.xtec.cat\/ieslescala\/wp-json\/wp\/v2\/posts\/2534","targetHints":{"allow":["GET"]}}],"collection":[{"href":"https:\/\/agora.xtec.cat\/ieslescala\/wp-json\/wp\/v2\/posts"}],"about":[{"href":"https:\/\/agora.xtec.cat\/ieslescala\/wp-json\/wp\/v2\/types\/post"}],"author":[{"embeddable":true,"href":"https:\/\/agora.xtec.cat\/ieslescala\/wp-json\/wp\/v2\/users\/75"}],"replies":[{"embeddable":true,"href":"https:\/\/agora.xtec.cat\/ieslescala\/wp-json\/wp\/v2\/comments?post=2534"}],"version-history":[{"count":3,"href":"https:\/\/agora.xtec.cat\/ieslescala\/wp-json\/wp\/v2\/posts\/2534\/revisions"}],"predecessor-version":[{"id":2567,"href":"https:\/\/agora.xtec.cat\/ieslescala\/wp-json\/wp\/v2\/posts\/2534\/revisions\/2567"}],"wp:featuredmedia":[{"embeddable":true,"href":"https:\/\/agora.xtec.cat\/ieslescala\/wp-json\/wp\/v2\/media\/2536"}],"wp:attachment":[{"href":"https:\/\/agora.xtec.cat\/ieslescala\/wp-json\/wp\/v2\/media?parent=2534"}],"wp:term":[{"taxonomy":"category","embeddable":true,"href":"https:\/\/agora.xtec.cat\/ieslescala\/wp-json\/wp\/v2\/categories?post=2534"},{"taxonomy":"post_tag","embeddable":true,"href":"https:\/\/agora.xtec.cat\/ieslescala\/wp-json\/wp\/v2\/tags?post=2534"}],"curies":[{"name":"wp","href":"https:\/\/api.w.org\/{rel}","templated":true}]}}