{"id":2332,"date":"2016-11-14T09:49:10","date_gmt":"2016-11-14T08:49:10","guid":{"rendered":"http:\/\/agora.xtec.cat\/ieslescala\/?p=2332"},"modified":"2016-11-14T10:17:47","modified_gmt":"2016-11-14T09:17:47","slug":"les-jornades-de-laula-a-la-taula-del-maram","status":"publish","type":"post","link":"https:\/\/agora.xtec.cat\/ieslescala\/general\/les-jornades-de-laula-a-la-taula-del-maram\/","title":{"rendered":"Les Jornades &#8220;De l&#8217;Aula a la taula&#8221; del Maram"},"content":{"rendered":"<h6 style=\"text-align: justify;\"><a href=\"http:\/\/agora.xtec.cat\/ieslescala\/wp-content\/uploads\/usu933\/2016\/11\/fa\u00e7ana.jpeg\"><img loading=\"lazy\" decoding=\"async\" class=\"size-full wp-image-2334 alignright\" src=\"http:\/\/agora.xtec.cat\/ieslescala\/wp-content\/uploads\/usu933\/2016\/11\/fa\u00e7ana.jpeg\" alt=\"facana\" width=\"225\" height=\"225\" srcset=\"https:\/\/agora.xtec.cat\/ieslescala\/wp-content\/uploads\/usu933\/2016\/11\/fa\u00e7ana.jpeg 225w, https:\/\/agora.xtec.cat\/ieslescala\/wp-content\/uploads\/usu933\/2016\/11\/fa\u00e7ana-150x150.jpeg 150w\" sizes=\"auto, (max-width: 225px) 100vw, 225px\" \/><\/a>Article realitzat per Maria Baix i Roger LLorens<\/h6>\n<p style=\"text-align: justify;\">Fa uns dies els alumnes de 3r d\u2019ESO del nostre l\u2019institut van anar al MARAM (Centre d&#8217;interpretaci\u00f3 del peix). All\u00e0 se&#8217;ls va fer una explicaci\u00f3\u00a0 sobre la import\u00e0ncia de dur una dieta variada, amb productes frescos i de proximitat, entre els quals destaca el peix de la nostra costa. Despr\u00e9s, el xef Biel Gavald\u00e0 els va explicar com netejar-lo, tallar-lo i cuinar-lo de diferents maneres i els mateixos alumnes van experimentar-ho i despr\u00e9s els van tastar. Podeu veure les fotos en aquesta entrada del web del centre: \u00a0 <a href=\"http:\/\/agora.xtec.cat\/ieslescala\/general\/alumnes-de-3r-deso-a-les-jornades-de-laula-a-la-taula\/\">http:\/\/agora.xtec.cat\/ieslescala\/general\/alumnes-de-3r-deso-a-les-jornades-de-laula-a-la-taula\/<\/a><\/p>\n<p style=\"text-align: justify;\"><a href=\"http:\/\/agora.xtec.cat\/ieslescala\/wp-content\/uploads\/usu933\/2016\/11\/viu-lexperiencia.jpeg\"><img loading=\"lazy\" decoding=\"async\" class=\"alignnone size-full wp-image-2336\" src=\"http:\/\/agora.xtec.cat\/ieslescala\/wp-content\/uploads\/usu933\/2016\/11\/viu-lexperiencia.jpeg\" alt=\"viu-lexperiencia\" width=\"277\" height=\"182\" \/><\/a><\/p>\n<p style=\"text-align: justify;\">Per\u00f2 al MARAM\u00a0 tamb\u00e9 es poden fer altres activitats; hem investigat una mica i aqu\u00ed us presentarem les m\u00e9s importants:<\/p>\n<ul style=\"text-align: justify;\">\n<li><strong>Taller del peix<\/strong>: Aquesta activitat pret\u00e9n ajudar a con\u00e8ixer les diferents esp\u00e8cies de peix, les seves propietats nutritives i com es menja, (diferents maneres de coure\u2019l i de prepar-lo), i com ha variat la demanda del peix al llarg de hist\u00f2ria. L\u2019activitat es per a persones de totes les edats.<\/li>\n<\/ul>\n<ul style=\"text-align: justify;\">\n<li><strong>Coneixent el Maram<\/strong>: La finalitat de l&#8217;activitat \u00e9s la de donar a con\u00e8ixer el m\u00f3n de la pesca artesanal i tot el que l&#8217;envolta. Mitjan\u00e7ant diferents suports f\u00edsics i alguns objectes, els alumnes podran entendre millor les caracter\u00edstiques dels peixos, de la pesca responsable i dels oficis generats al voltant d\u2019aquesta. L\u2019activitat est\u00e0 dedicada als nois i noies de Prim\u00e0ria, ESO i Batxillerat.<\/li>\n<\/ul>\n<p style=\"text-align: justify;\">Fan activitats per totes les edats, algunes especialitzades per als m\u00e9s menuts de la casa:<\/p>\n<ul style=\"text-align: justify;\">\n<li><strong>Cuina Kids de Nadal<\/strong>: Per aprendre a preparar plats per les festes de Nadal. Aquest any els m\u00e9s menuts aprendran a cuinar plats per aquestes dates familiars. Taller infantil per a nens de 3 a 12 anys. El taller es fa el 17 de desembre a les 16:00h \u00a0i per el preu de 10\u20ac. <b>Preu especial per germans 2 nens x 15\u20ac.<\/b><\/li>\n<\/ul>\n<ul style=\"text-align: justify;\">\n<li><strong>Cuina Kids de Tardor<\/strong>: Es pot aprendre a fer unes receptes que deixaran a tothom bocabadat. Es fan bombons de pollastre i xurros de patata. Tallers per a nens de 3 a 12 anys. El taller es far\u00e0 el 19 de novembre a les 16:00h, per el preu de 10\u20ac. <b>Preu especial per germans 2 nens x 15\u20ac.<\/b><\/li>\n<\/ul>\n<p style=\"text-align: justify;\">Per als m\u00e9s grans hi ha activitats l\u00fadiques i divertides, per apropar-nos a la pesca i els pescadors, l\u2019anxova de l\u2019Escala, i la gastronomia de la zona, aix\u00ed com visites combinades amb altres recursos propers.<\/p>\n<p style=\"text-align: justify;\">I\u00a0 tamb\u00e9 podeu visitar la &#8220;Col\u00b7lecci\u00f3 de malacologia Matilde Espinosa&#8221;, amb m\u00e9s de 300 exemplars de cargoles i petxines.<a href=\"http:\/\/agora.xtec.cat\/ieslescala\/wp-content\/uploads\/usu933\/2016\/11\/93aedce2563323be5ac0f6b1e2dc64c6_350_1500.jpg\"><img loading=\"lazy\" decoding=\"async\" class=\"size-medium wp-image-2340 aligncenter\" src=\"http:\/\/agora.xtec.cat\/ieslescala\/wp-content\/uploads\/usu933\/2016\/11\/93aedce2563323be5ac0f6b1e2dc64c6_350_1500-300x70.jpg\" alt=\"93aedce2563323be5ac0f6b1e2dc64c6_350_1500\" width=\"300\" height=\"70\" srcset=\"https:\/\/agora.xtec.cat\/ieslescala\/wp-content\/uploads\/usu933\/2016\/11\/93aedce2563323be5ac0f6b1e2dc64c6_350_1500-300x70.jpg 300w, https:\/\/agora.xtec.cat\/ieslescala\/wp-content\/uploads\/usu933\/2016\/11\/93aedce2563323be5ac0f6b1e2dc64c6_350_1500-768x179.jpg 768w, https:\/\/agora.xtec.cat\/ieslescala\/wp-content\/uploads\/usu933\/2016\/11\/93aedce2563323be5ac0f6b1e2dc64c6_350_1500-1024x239.jpg 1024w, https:\/\/agora.xtec.cat\/ieslescala\/wp-content\/uploads\/usu933\/2016\/11\/93aedce2563323be5ac0f6b1e2dc64c6_350_1500.jpg 1500w\" sizes=\"auto, (max-width: 300px) 100vw, 300px\" \/><\/a>Per a m\u00e9s informaci\u00f3 consulteu la p\u00e0gina web:\u00a0<a href=\"http:\/\/www.maram.cat\/ca\/\">http:\/\/www.maram.cat\/ca\/<\/a>, truqueu al 972771666 o envieu un correu a <a href=\"mailto:info@maram.cat\">info@maram.cat<\/a><\/p>\n<p style=\"text-align: justify;\"><a href=\"http:\/\/agora.xtec.cat\/ieslescala\/wp-content\/uploads\/usu933\/2016\/11\/maram.png\"><img loading=\"lazy\" decoding=\"async\" class=\" wp-image-2337 aligncenter\" src=\"http:\/\/agora.xtec.cat\/ieslescala\/wp-content\/uploads\/usu933\/2016\/11\/maram.png\" alt=\"maram\" width=\"200\" height=\"178\" \/><\/a><\/p>\n","protected":false},"excerpt":{"rendered":"<p>Article realitzat per Maria Baix i Roger LLorens Fa uns dies els alumnes de 3r d\u2019ESO del nostre l\u2019institut van [&hellip;]<\/p>\n","protected":false},"author":40,"featured_media":2334,"comment_status":"closed","ping_status":"open","sticky":false,"template":"","format":"standard","meta":{"_bbp_topic_count":0,"_bbp_reply_count":0,"_bbp_total_topic_count":0,"_bbp_total_reply_count":0,"_bbp_voice_count":0,"_bbp_anonymous_reply_count":0,"_bbp_topic_count_hidden":0,"_bbp_reply_count_hidden":0,"_bbp_forum_subforum_count":0,"site-sidebar-layout":"default","site-content-layout":"","ast-site-content-layout":"","site-content-style":"default","site-sidebar-style":"default","ast-global-header-display":"","ast-banner-title-visibility":"","ast-main-header-display":"","ast-hfb-above-header-display":"","ast-hfb-below-header-display":"","ast-hfb-mobile-header-display":"","site-post-title":"","ast-breadcrumbs-content":"","ast-featured-img":"","footer-sml-layout":"","theme-transparent-header-meta":"","adv-header-id-meta":"","stick-header-meta":"","header-above-stick-meta":"","header-main-stick-meta":"","header-below-stick-meta":"","astra-migrate-meta-layouts":"default","ast-page-background-enabled":"default","ast-page-background-meta":{"desktop":{"background-color":"var(--ast-global-color-4)","background-image":"","background-repeat":"repeat","background-position":"center center","background-size":"auto","background-attachment":"scroll","background-type":"","background-media":"","overlay-type":"","overlay-color":"","overlay-opacity":"","overlay-gradient":""},"tablet":{"background-color":"","background-image":"","background-repeat":"repeat","background-position":"center center","background-size":"auto","background-attachment":"scroll","background-type":"","background-media":"","overlay-type":"","overlay-color":"","overlay-opacity":"","overlay-gradient":""},"mobile":{"background-color":"","background-image":"","background-repeat":"repeat","background-position":"center center","background-size":"auto","background-attachment":"scroll","background-type":"","background-media":"","overlay-type":"","overlay-color":"","overlay-opacity":"","overlay-gradient":""}},"ast-content-background-meta":{"desktop":{"background-color":"var(--ast-global-color-5)","background-image":"","background-repeat":"repeat","background-position":"center center","background-size":"auto","background-attachment":"scroll","background-type":"","background-media":"","overlay-type":"","overlay-color":"","overlay-opacity":"","overlay-gradient":""},"tablet":{"background-color":"var(--ast-global-color-5)","background-image":"","background-repeat":"repeat","background-position":"center center","background-size":"auto","background-attachment":"scroll","background-type":"","background-media":"","overlay-type":"","overlay-color":"","overlay-opacity":"","overlay-gradient":""},"mobile":{"background-color":"var(--ast-global-color-5)","background-image":"","background-repeat":"repeat","background-position":"center center","background-size":"auto","background-attachment":"scroll","background-type":"","background-media":"","overlay-type":"","overlay-color":"","overlay-opacity":"","overlay-gradient":""}},"footnotes":""},"categories":[1,191],"tags":[88,93,39],"class_list":["post-2332","post","type-post","status-publish","format-standard","has-post-thumbnail","hentry","category-general","category-revista-digital","tag-activitats","tag-revista-digital","tag-sortides"],"post_mailing_queue_ids":[],"_links":{"self":[{"href":"https:\/\/agora.xtec.cat\/ieslescala\/wp-json\/wp\/v2\/posts\/2332","targetHints":{"allow":["GET"]}}],"collection":[{"href":"https:\/\/agora.xtec.cat\/ieslescala\/wp-json\/wp\/v2\/posts"}],"about":[{"href":"https:\/\/agora.xtec.cat\/ieslescala\/wp-json\/wp\/v2\/types\/post"}],"author":[{"embeddable":true,"href":"https:\/\/agora.xtec.cat\/ieslescala\/wp-json\/wp\/v2\/users\/40"}],"replies":[{"embeddable":true,"href":"https:\/\/agora.xtec.cat\/ieslescala\/wp-json\/wp\/v2\/comments?post=2332"}],"version-history":[{"count":3,"href":"https:\/\/agora.xtec.cat\/ieslescala\/wp-json\/wp\/v2\/posts\/2332\/revisions"}],"predecessor-version":[{"id":2342,"href":"https:\/\/agora.xtec.cat\/ieslescala\/wp-json\/wp\/v2\/posts\/2332\/revisions\/2342"}],"wp:featuredmedia":[{"embeddable":true,"href":"https:\/\/agora.xtec.cat\/ieslescala\/wp-json\/wp\/v2\/media\/2334"}],"wp:attachment":[{"href":"https:\/\/agora.xtec.cat\/ieslescala\/wp-json\/wp\/v2\/media?parent=2332"}],"wp:term":[{"taxonomy":"category","embeddable":true,"href":"https:\/\/agora.xtec.cat\/ieslescala\/wp-json\/wp\/v2\/categories?post=2332"},{"taxonomy":"post_tag","embeddable":true,"href":"https:\/\/agora.xtec.cat\/ieslescala\/wp-json\/wp\/v2\/tags?post=2332"}],"curies":[{"name":"wp","href":"https:\/\/api.w.org\/{rel}","templated":true}]}}