{"id":2329,"date":"2016-11-13T15:53:47","date_gmt":"2016-11-13T14:53:47","guid":{"rendered":"http:\/\/agora.xtec.cat\/ieslescala\/?p=2329"},"modified":"2017-01-16T23:30:11","modified_gmt":"2017-01-16T22:30:11","slug":"el-teatre-jardi-de-figueres-celebra-100-anys","status":"publish","type":"post","link":"https:\/\/agora.xtec.cat\/ieslescala\/general\/el-teatre-jardi-de-figueres-celebra-100-anys\/","title":{"rendered":"El teatre Jard\u00ed de Figueres celebra 100 anys"},"content":{"rendered":"<p style=\"text-align: justify;\"><a href=\"http:\/\/agora.xtec.cat\/ieslescala\/wp-content\/uploads\/usu933\/2016\/11\/image.jpeg\"><img loading=\"lazy\" decoding=\"async\" class=\"size-medium wp-image-2330 alignright\" src=\"http:\/\/agora.xtec.cat\/ieslescala\/wp-content\/uploads\/usu933\/2016\/11\/image-212x300.jpeg\" alt=\"image\" width=\"212\" height=\"300\" srcset=\"https:\/\/agora.xtec.cat\/ieslescala\/wp-content\/uploads\/usu933\/2016\/11\/image-212x300.jpeg 212w, https:\/\/agora.xtec.cat\/ieslescala\/wp-content\/uploads\/usu933\/2016\/11\/image-768x1085.jpeg 768w, https:\/\/agora.xtec.cat\/ieslescala\/wp-content\/uploads\/usu933\/2016\/11\/image-725x1024.jpeg 725w, https:\/\/agora.xtec.cat\/ieslescala\/wp-content\/uploads\/usu933\/2016\/11\/image.jpeg 900w\" sizes=\"auto, (max-width: 212px) 100vw, 212px\" \/><\/a>Si us agrada el m\u00f3n del teatre, podeu assistir a les &#8220;Converses al Jard\u00ed&#8221; entre el 21 i el 25 de novembre al Teatre Municipal El Jard\u00ed de Figueres, organitzades per commemorar els 100 anys d&#8217;aquest equipament cultural de la capital de la nostra comarca.<\/p>\n<p>En aquest enlla\u00e7 podeu trobar la programaci\u00f3 de les xerrades:\u00a0<a href=\"http:\/\/ca.figueres.cat\/la-ciutat\/cultura\/converses-al-jardi\/figueres-celebra-els-100-anys-del-jardi-convidant-destacats-professionals-de-l-escena-a-parlar-sobre-teatre-19693\/\">http:\/\/ca.figueres.cat\/la-ciutat\/cultura\/converses-al-jardi\/figueres-celebra-els-100-anys-del-jardi-convidant-destacats-professionals-de-l-escena-a-parlar-sobre-teatre-19693\/<\/a><\/p>\n","protected":false},"excerpt":{"rendered":"<p>Si us agrada el m\u00f3n del teatre, podeu assistir a les &#8220;Converses al Jard\u00ed&#8221; entre el 21 i el 25 [&hellip;]<\/p>\n","protected":false},"author":40,"featured_media":2330,"comment_status":"closed","ping_status":"open","sticky":false,"template":"","format":"standard","meta":{"_bbp_topic_count":0,"_bbp_reply_count":0,"_bbp_total_topic_count":0,"_bbp_total_reply_count":0,"_bbp_voice_count":0,"_bbp_anonymous_reply_count":0,"_bbp_topic_count_hidden":0,"_bbp_reply_count_hidden":0,"_bbp_forum_subforum_count":0,"site-sidebar-layout":"default","site-content-layout":"","ast-site-content-layout":"","site-content-style":"default","site-sidebar-style":"default","ast-global-header-display":"","ast-banner-title-visibility":"","ast-main-header-display":"","ast-hfb-above-header-display":"","ast-hfb-below-header-display":"","ast-hfb-mobile-header-display":"","site-post-title":"","ast-breadcrumbs-content":"","ast-featured-img":"","footer-sml-layout":"","theme-transparent-header-meta":"","adv-header-id-meta":"","stick-header-meta":"","header-above-stick-meta":"","header-main-stick-meta":"","header-below-stick-meta":"","astra-migrate-meta-layouts":"default","ast-page-background-enabled":"default","ast-page-background-meta":{"desktop":{"background-color":"var(--ast-global-color-4)","background-image":"","background-repeat":"repeat","background-position":"center center","background-size":"auto","background-attachment":"scroll","background-type":"","background-media":"","overlay-type":"","overlay-color":"","overlay-opacity":"","overlay-gradient":""},"tablet":{"background-color":"","background-image":"","background-repeat":"repeat","background-position":"center center","background-size":"auto","background-attachment":"scroll","background-type":"","background-media":"","overlay-type":"","overlay-color":"","overlay-opacity":"","overlay-gradient":""},"mobile":{"background-color":"","background-image":"","background-repeat":"repeat","background-position":"center center","background-size":"auto","background-attachment":"scroll","background-type":"","background-media":"","overlay-type":"","overlay-color":"","overlay-opacity":"","overlay-gradient":""}},"ast-content-background-meta":{"desktop":{"background-color":"var(--ast-global-color-5)","background-image":"","background-repeat":"repeat","background-position":"center center","background-size":"auto","background-attachment":"scroll","background-type":"","background-media":"","overlay-type":"","overlay-color":"","overlay-opacity":"","overlay-gradient":""},"tablet":{"background-color":"var(--ast-global-color-5)","background-image":"","background-repeat":"repeat","background-position":"center center","background-size":"auto","background-attachment":"scroll","background-type":"","background-media":"","overlay-type":"","overlay-color":"","overlay-opacity":"","overlay-gradient":""},"mobile":{"background-color":"var(--ast-global-color-5)","background-image":"","background-repeat":"repeat","background-position":"center center","background-size":"auto","background-attachment":"scroll","background-type":"","background-media":"","overlay-type":"","overlay-color":"","overlay-opacity":"","overlay-gradient":""}},"footnotes":""},"categories":[218,178,217,1],"tags":[199,40],"class_list":["post-2329","post","type-post","status-publish","format-standard","has-post-thumbnail","hentry","category-actes-culturals","category-biblioteca","category-commemoracions","category-general","tag-informacio-biblioteca","tag-teatre"],"post_mailing_queue_ids":[],"_links":{"self":[{"href":"https:\/\/agora.xtec.cat\/ieslescala\/wp-json\/wp\/v2\/posts\/2329","targetHints":{"allow":["GET"]}}],"collection":[{"href":"https:\/\/agora.xtec.cat\/ieslescala\/wp-json\/wp\/v2\/posts"}],"about":[{"href":"https:\/\/agora.xtec.cat\/ieslescala\/wp-json\/wp\/v2\/types\/post"}],"author":[{"embeddable":true,"href":"https:\/\/agora.xtec.cat\/ieslescala\/wp-json\/wp\/v2\/users\/40"}],"replies":[{"embeddable":true,"href":"https:\/\/agora.xtec.cat\/ieslescala\/wp-json\/wp\/v2\/comments?post=2329"}],"version-history":[{"count":1,"href":"https:\/\/agora.xtec.cat\/ieslescala\/wp-json\/wp\/v2\/posts\/2329\/revisions"}],"predecessor-version":[{"id":2331,"href":"https:\/\/agora.xtec.cat\/ieslescala\/wp-json\/wp\/v2\/posts\/2329\/revisions\/2331"}],"wp:featuredmedia":[{"embeddable":true,"href":"https:\/\/agora.xtec.cat\/ieslescala\/wp-json\/wp\/v2\/media\/2330"}],"wp:attachment":[{"href":"https:\/\/agora.xtec.cat\/ieslescala\/wp-json\/wp\/v2\/media?parent=2329"}],"wp:term":[{"taxonomy":"category","embeddable":true,"href":"https:\/\/agora.xtec.cat\/ieslescala\/wp-json\/wp\/v2\/categories?post=2329"},{"taxonomy":"post_tag","embeddable":true,"href":"https:\/\/agora.xtec.cat\/ieslescala\/wp-json\/wp\/v2\/tags?post=2329"}],"curies":[{"name":"wp","href":"https:\/\/api.w.org\/{rel}","templated":true}]}}