{"id":2194,"date":"2016-11-07T15:06:57","date_gmt":"2016-11-07T14:06:57","guid":{"rendered":"http:\/\/agora.xtec.cat\/ieslescala\/?p=2194"},"modified":"2017-01-16T23:36:54","modified_gmt":"2017-01-16T22:36:54","slug":"sessio-inicial-del-club-de-lectura","status":"publish","type":"post","link":"https:\/\/agora.xtec.cat\/ieslescala\/general\/sessio-inicial-del-club-de-lectura\/","title":{"rendered":"Sessi\u00f3 inicial del club de lectura"},"content":{"rendered":"<p style=\"text-align: justify;\">El dijous 27 d&#8217;octubre vam dedicar la sessi\u00f3 inicial del club de lectura a comentar la novel\u00b7la <em><strong>La porta dels tres panys <\/strong><\/em>de S\u00f2nia Fern\u00e1ndez-Vidal. L&#8217;autora, que \u00e9s especialista en f\u00edsica qu\u00e0ntica, ens fa pensar molt sobre la manera de veure la realitat a partir dels principis d&#8217;aquesta disciplina cient\u00edfica.<br \/>\n<a href=\"http:\/\/agora.xtec.cat\/ieslescala\/wp-content\/uploads\/usu933\/2016\/11\/IMG_8936.jpg\"><img loading=\"lazy\" decoding=\"async\" class=\"wp-image-2196 alignright\" src=\"http:\/\/agora.xtec.cat\/ieslescala\/wp-content\/uploads\/usu933\/2016\/11\/IMG-20161027-WA0000-1024x768.jpg\" alt=\"img-20161027-wa0000\" width=\"442\" height=\"332\" \/><\/a>Els catorze alumnes que van participar a la tert\u00falia (dels 22 que van llegir el llibre) van compartir les seves impressions de lectura amb intervencions molt interessants. Ens va ajudar molt el professor Francesc Cunillera per entendre els aspectes cient\u00edfics amb les explicaci\u00f3 dels conceptes d&#8217;antimat\u00e8ria, dels quarks, els leptons, la teleportaci\u00f3, la superposici\u00f3, el principi d&#8217;incertesa de Heisenberg o per qu\u00e8 pot estar viu i mort a la vegada el gat de Schr\u00f6dinger i altres.<\/p>\n<p style=\"text-align: justify;\">Volem tamb\u00e9 agrair a la professora Vero Ortiz les seves aportacions per escrit sobre la novel\u00b7la, destacant les refer\u00e8ncies que fa l&#8217;autora a la llum i la la seva velocitat, qui d\u00f3na dades molt exactes com, per exemple, que la llum del sol triga 8 min a arribar a la Terra.\u00a0 I vam comptar amb la col\u00b7laboraci\u00f3 del professor de catal\u00e0 David Guixeras, que va intervenir molt activament sobre aspectes m\u00e9s literaris de l&#8217;obra. D&#8217;altra banda, sense la gesti\u00f3 entusiasta de la Biblioteca p\u00fablica V\u00edctor Catal\u00e0 per aconseguir-nos el lot de llibres que es van deixar als alumnes no haur\u00edem pogut fer l&#8217;activitat. A tots ells, moltes gr\u00e0cies!<\/p>\n<p><a href=\"http:\/\/agora.xtec.cat\/ieslescala\/wp-content\/uploads\/usu933\/2016\/11\/club-de-lectura-sessi\u00f3-1.jpg\"><img loading=\"lazy\" decoding=\"async\" class=\"alignnone wp-image-2304\" src=\"http:\/\/agora.xtec.cat\/ieslescala\/wp-content\/uploads\/usu933\/2016\/11\/club-de-lectura-sessi\u00f3-1-300x169.jpg\" alt=\"club-de-lectura-sessio-1\" width=\"352\" height=\"198\" srcset=\"https:\/\/agora.xtec.cat\/ieslescala\/wp-content\/uploads\/usu933\/2016\/11\/club-de-lectura-sessi\u00f3-1-300x169.jpg 300w, https:\/\/agora.xtec.cat\/ieslescala\/wp-content\/uploads\/usu933\/2016\/11\/club-de-lectura-sessi\u00f3-1-768x432.jpg 768w, https:\/\/agora.xtec.cat\/ieslescala\/wp-content\/uploads\/usu933\/2016\/11\/club-de-lectura-sessi\u00f3-1-1024x576.jpg 1024w\" sizes=\"auto, (max-width: 352px) 100vw, 352px\" \/><\/a>\u00a0\u00a0<a href=\"http:\/\/agora.xtec.cat\/ieslescala\/wp-content\/uploads\/usu933\/2016\/11\/IMG_8937.jpg\"><img loading=\"lazy\" decoding=\"async\" class=\"alignnone size-medium wp-image-2316\" src=\"http:\/\/agora.xtec.cat\/ieslescala\/wp-content\/uploads\/usu933\/2016\/11\/IMG_8937-300x225.jpg\" alt=\"img_8937\" width=\"300\" height=\"225\" srcset=\"https:\/\/agora.xtec.cat\/ieslescala\/wp-content\/uploads\/usu933\/2016\/11\/IMG_8937-300x225.jpg 300w, https:\/\/agora.xtec.cat\/ieslescala\/wp-content\/uploads\/usu933\/2016\/11\/IMG_8937-200x150.jpg 200w, https:\/\/agora.xtec.cat\/ieslescala\/wp-content\/uploads\/usu933\/2016\/11\/IMG_8937.jpg 640w\" sizes=\"auto, (max-width: 300px) 100vw, 300px\" \/><\/a><\/p>\n<p style=\"text-align: justify;\">L&#8217;autora\u00a0 ens planteja diferents enigmes que es poden resoldre f\u00e0cilment si reflexionem b\u00e9 abans de donar la resposta. Si voleu provar de resoldre&#8217;ls, aqu\u00ed en teniu uns quants.<\/p>\n<p align=\"JUSTIFY\"><span style=\"font-size: large;\"><u><b>ELS ENIGMES<\/b><\/u><\/span><\/p>\n<p align=\"JUSTIFY\"><b>ENIGMA 1:<\/b><\/p>\n<p align=\"JUSTIFY\">Imagineu un carrer per on circula un cotxe fosc, sense llums. Tots els fanals del carrer estan apagats. No hi ha cap mena de resplendor ni llum provinent dels aparadors. Tot d\u2019una, un gat negre creua pel davant del cotxe. Malgrat aix\u00f2, el conductor frena a temps abans d\u2019atropellar-lo.<\/p>\n<p align=\"JUSTIFY\">Com ha aconseguit veure\u2019l?<\/p>\n<p align=\"JUSTIFY\"><b>ENIGMA 2:<\/b><\/p>\n<p align=\"JUSTIFY\">En Nico va veure una porta que tenia tres panys. Volia entrar. Va preguntar:<\/p>\n<p align=\"JUSTIFY\">-Com puc obrir els tres panys?<\/p>\n<p align=\"JUSTIFY\">-\u00c9s obvi, no et sembla? Normalment qualsevol pany s\u2019obre amb la seva clau, per\u00f2 en aquesta casa \u00e9s una mica diferent. Tenim una sola clau per als tres panys. El problema \u00e9s que cal obrir-los simult\u00e0niament.<\/p>\n<p align=\"JUSTIFY\">En Nico va fer mitja volta per marxar. Va sentir com li deien:<\/p>\n<p align=\"JUSTIFY\">-Per qu\u00e8 no entres?<\/p>\n<p align=\"JUSTIFY\">-No he trobat la clau&#8230;i tampoc no sabria obrir simult\u00e0niament els tres panys si la trob\u00e9s! \u00c9s impossible.<\/p>\n<p align=\"JUSTIFY\"><b>ENIGMA 3:<\/b><\/p>\n<p align=\"JUSTIFY\">Qu\u00e8 et cal per tancar una porta?<\/p>\n<p align=\"JUSTIFY\"><b>ENIGMA 4:<\/b><\/p>\n<p align=\"JUSTIFY\">Com es pot punxar un globus sense que se n\u2019escapi l\u2019aire i sense que el globus faci soroll?<\/p>\n<p align=\"JUSTIFY\"><b>ENIGMA 5:<\/b><\/p>\n<p align=\"JUSTIFY\">Ahir vaig aconseguir apagar el llum de la meva habitaci\u00f3 i em vaig poder ficar al llit abans que l\u2019habitaci\u00f3 qued\u00e9s a les fosques. Com pots veure, entre l\u2019interruptor de la llum i el meu llit hi ha tres metres. Com ho vaig aconseguir?<\/p>\n<p align=\"JUSTIFY\"><b>ENIGMA 6:<\/b><\/p>\n<p align=\"JUSTIFY\">Aquesta cru\u00eflla separa dos camins amb destins oposats. Un d\u2019ells \u00e9s el de la mentida; condueix als qui el recorren a les profunditats del laberint, i mai m\u00e9s no en podran sortir. Una mort horrible espera els desafortunats que trien aquest cam\u00ed. L\u2019altre \u00e9s el cam\u00ed de la veritat, i porta a qui el recorre fins a la porta de Shambla, l\u2019\u00fanica via per sortir viu del m\u00f3n qu\u00e0ntic. Dos guardians fan torns per custodiar la cru\u00eflla, Un d\u2019ells ve del cam\u00ed de la mentida i, per tant, sempre menteix. L\u2019altre ve del cam\u00ed de la veritat i sempre diu la veritat. A simple vista no hi ha manera de recon\u00e8ixer quin dels dos guardians tens al davant: Ser\u00e0 el del cam\u00ed de la veritat o el de la mentida? Penseu b\u00e9 tot el que preguntareu, ja que nom\u00e9s teniu una oportunitat perqu\u00e8 el guardi\u00e0 us indiqui.<\/p>\n<p align=\"JUSTIFY\"><strong>Qui diu que les obres liter\u00e0ries no fan pensar? Animeu-vos i penseu les respostes!<\/strong><\/p>\n<p align=\"JUSTIFY\"><a href=\"http:\/\/agora.xtec.cat\/ieslescala\/wp-content\/uploads\/usu933\/2016\/11\/IMG_8936.jpg\"><img loading=\"lazy\" decoding=\"async\" class=\"alignnone size-medium wp-image-2315\" src=\"http:\/\/agora.xtec.cat\/ieslescala\/wp-content\/uploads\/usu933\/2016\/11\/IMG_8936-300x225.jpg\" alt=\"img_8936\" width=\"300\" height=\"225\" srcset=\"https:\/\/agora.xtec.cat\/ieslescala\/wp-content\/uploads\/usu933\/2016\/11\/IMG_8936-300x225.jpg 300w, https:\/\/agora.xtec.cat\/ieslescala\/wp-content\/uploads\/usu933\/2016\/11\/IMG_8936-200x150.jpg 200w, https:\/\/agora.xtec.cat\/ieslescala\/wp-content\/uploads\/usu933\/2016\/11\/IMG_8936.jpg 640w\" sizes=\"auto, (max-width: 300px) 100vw, 300px\" \/><\/a><\/p>\n","protected":false},"excerpt":{"rendered":"<p>El dijous 27 d&#8217;octubre vam dedicar la sessi\u00f3 inicial del club de lectura a comentar la novel\u00b7la La porta dels [&hellip;]<\/p>\n","protected":false},"author":1,"featured_media":2196,"comment_status":"closed","ping_status":"open","sticky":false,"template":"","format":"standard","meta":{"_bbp_topic_count":0,"_bbp_reply_count":0,"_bbp_total_topic_count":0,"_bbp_total_reply_count":0,"_bbp_voice_count":0,"_bbp_anonymous_reply_count":0,"_bbp_topic_count_hidden":0,"_bbp_reply_count_hidden":0,"_bbp_forum_subforum_count":0,"site-sidebar-layout":"default","site-content-layout":"","ast-site-content-layout":"","site-content-style":"default","site-sidebar-style":"default","ast-global-header-display":"","ast-banner-title-visibility":"","ast-main-header-display":"","ast-hfb-above-header-display":"","ast-hfb-below-header-display":"","ast-hfb-mobile-header-display":"","site-post-title":"","ast-breadcrumbs-content":"","ast-featured-img":"","footer-sml-layout":"","theme-transparent-header-meta":"","adv-header-id-meta":"","stick-header-meta":"","header-above-stick-meta":"","header-main-stick-meta":"","header-below-stick-meta":"","astra-migrate-meta-layouts":"default","ast-page-background-enabled":"default","ast-page-background-meta":{"desktop":{"background-color":"var(--ast-global-color-4)","background-image":"","background-repeat":"repeat","background-position":"center center","background-size":"auto","background-attachment":"scroll","background-type":"","background-media":"","overlay-type":"","overlay-color":"","overlay-opacity":"","overlay-gradient":""},"tablet":{"background-color":"","background-image":"","background-repeat":"repeat","background-position":"center center","background-size":"auto","background-attachment":"scroll","background-type":"","background-media":"","overlay-type":"","overlay-color":"","overlay-opacity":"","overlay-gradient":""},"mobile":{"background-color":"","background-image":"","background-repeat":"repeat","background-position":"center center","background-size":"auto","background-attachment":"scroll","background-type":"","background-media":"","overlay-type":"","overlay-color":"","overlay-opacity":"","overlay-gradient":""}},"ast-content-background-meta":{"desktop":{"background-color":"var(--ast-global-color-5)","background-image":"","background-repeat":"repeat","background-position":"center center","background-size":"auto","background-attachment":"scroll","background-type":"","background-media":"","overlay-type":"","overlay-color":"","overlay-opacity":"","overlay-gradient":""},"tablet":{"background-color":"var(--ast-global-color-5)","background-image":"","background-repeat":"repeat","background-position":"center center","background-size":"auto","background-attachment":"scroll","background-type":"","background-media":"","overlay-type":"","overlay-color":"","overlay-opacity":"","overlay-gradient":""},"mobile":{"background-color":"var(--ast-global-color-5)","background-image":"","background-repeat":"repeat","background-position":"center center","background-size":"auto","background-attachment":"scroll","background-type":"","background-media":"","overlay-type":"","overlay-color":"","overlay-opacity":"","overlay-gradient":""}},"footnotes":""},"categories":[178,1,213],"tags":[179,101,199],"class_list":["post-2194","post","type-post","status-publish","format-standard","has-post-thumbnail","hentry","category-biblioteca","category-general","category-lectura","tag-activitats-biblioteca","tag-club-de-lectura","tag-informacio-biblioteca"],"post_mailing_queue_ids":[],"_links":{"self":[{"href":"https:\/\/agora.xtec.cat\/ieslescala\/wp-json\/wp\/v2\/posts\/2194","targetHints":{"allow":["GET"]}}],"collection":[{"href":"https:\/\/agora.xtec.cat\/ieslescala\/wp-json\/wp\/v2\/posts"}],"about":[{"href":"https:\/\/agora.xtec.cat\/ieslescala\/wp-json\/wp\/v2\/types\/post"}],"author":[{"embeddable":true,"href":"https:\/\/agora.xtec.cat\/ieslescala\/wp-json\/wp\/v2\/users\/1"}],"replies":[{"embeddable":true,"href":"https:\/\/agora.xtec.cat\/ieslescala\/wp-json\/wp\/v2\/comments?post=2194"}],"version-history":[{"count":3,"href":"https:\/\/agora.xtec.cat\/ieslescala\/wp-json\/wp\/v2\/posts\/2194\/revisions"}],"predecessor-version":[{"id":2343,"href":"https:\/\/agora.xtec.cat\/ieslescala\/wp-json\/wp\/v2\/posts\/2194\/revisions\/2343"}],"wp:featuredmedia":[{"embeddable":true,"href":"https:\/\/agora.xtec.cat\/ieslescala\/wp-json\/wp\/v2\/media\/2196"}],"wp:attachment":[{"href":"https:\/\/agora.xtec.cat\/ieslescala\/wp-json\/wp\/v2\/media?parent=2194"}],"wp:term":[{"taxonomy":"category","embeddable":true,"href":"https:\/\/agora.xtec.cat\/ieslescala\/wp-json\/wp\/v2\/categories?post=2194"},{"taxonomy":"post_tag","embeddable":true,"href":"https:\/\/agora.xtec.cat\/ieslescala\/wp-json\/wp\/v2\/tags?post=2194"}],"curies":[{"name":"wp","href":"https:\/\/api.w.org\/{rel}","templated":true}]}}