{"id":2110,"date":"2016-10-13T16:42:16","date_gmt":"2016-10-13T15:42:16","guid":{"rendered":"http:\/\/agora.xtec.cat\/ieslescala\/?p=2110"},"modified":"2017-01-16T23:22:02","modified_gmt":"2017-01-16T22:22:02","slug":"avui-shan-concedit-els-premis-literaris-cruilla-2016","status":"publish","type":"post","link":"https:\/\/agora.xtec.cat\/ieslescala\/biblioteca\/avui-shan-concedit-els-premis-literaris-cruilla-2016\/","title":{"rendered":"Avui s&#8217;han concedit els premis literaris Cru\u00eflla 2016"},"content":{"rendered":"<h4><a href=\"http:\/\/agora.xtec.cat\/ieslescala\/wp-content\/uploads\/usu933\/2016\/10\/allo\u0300-de-lavi.jpeg\"><img loading=\"lazy\" decoding=\"async\" class=\"alignnone size-full wp-image-2111\" src=\"http:\/\/agora.xtec.cat\/ieslescala\/wp-content\/uploads\/usu933\/2016\/10\/allo\u0300-de-lavi.jpeg\" alt=\"allo-de-lavi\" width=\"185\" height=\"273\" \/><\/a><a href=\"http:\/\/agora.xtec.cat\/ieslescala\/wp-content\/uploads\/usu933\/2016\/10\/peli-vida.jpg\"><img loading=\"lazy\" decoding=\"async\" class=\"alignnone wp-image-2112\" src=\"http:\/\/agora.xtec.cat\/ieslescala\/wp-content\/uploads\/usu933\/2016\/10\/peli-vida.jpg\" alt=\"peli-vida\" width=\"185\" height=\"263\" srcset=\"https:\/\/agora.xtec.cat\/ieslescala\/wp-content\/uploads\/usu933\/2016\/10\/peli-vida.jpg 260w, https:\/\/agora.xtec.cat\/ieslescala\/wp-content\/uploads\/usu933\/2016\/10\/peli-vida-211x300.jpg 211w\" sizes=\"auto, (max-width: 185px) 100vw, 185px\" \/><\/a><\/h4>\n<h5 style=\"text-align: justify;\">Maite Carranza (Barcelona, 1958) i Anna Manso (Barcelona, 1969) han guanyat els Premis Cru\u00eflla de literatura infantil i juvenil. Carranza ha rebut el guard\u00f3 El Vaixell de Vapor 2016, dotat amb 15.000 euros, per l&#8217;obra <em>La pel\u00b7l\u00edcula de la vida<\/em>, una hist\u00f2ria sobre la crisi i la pobresa infantil protagonitzada per una fam\u00edlia de classe mitjana que cau en la indig\u00e8ncia i descobreix la dificultat de viure.<\/h5>\n<h5 style=\"text-align: justify;\">D&#8217;altra banda, Manso ha rebut el premi de literatura juvenil Gran Angular, dotat tamb\u00e9 amb 15.000 euros, per <em>All\u00f2 de l&#8217;avi<\/em>, una novel\u00b7la que explica com la vida del Salva Canoseda, un noi de 16 anys, s&#8217;embolica de valent quan el seu avi \u00e9s acusat d&#8217;apropiaci\u00f3 indeguda, corrupci\u00f3 i tr\u00e0fic d&#8217;influ\u00e8ncies i passa a ser l&#8217;enemic p\u00fablic n\u00famero u de Catalunya.<\/h5>\n<h5 style=\"text-align: justify;\">Podeu consultar la not\u00edcia al\u00a0<a href=\"http:\/\/www.ara.cat\/cultura\/Maite-Carranza-Manso-Premis-Cruilla_0_1667833305.html\">diari ARA<\/a>\u00a0d&#8217;avui.<\/h5>\n","protected":false},"excerpt":{"rendered":"<p>Maite Carranza (Barcelona, 1958) i Anna Manso (Barcelona, 1969) han guanyat els Premis Cru\u00eflla de literatura infantil i juvenil. Carranza [&hellip;]<\/p>\n","protected":false},"author":40,"featured_media":2118,"comment_status":"open","ping_status":"open","sticky":false,"template":"","format":"standard","meta":{"_bbp_topic_count":0,"_bbp_reply_count":0,"_bbp_total_topic_count":0,"_bbp_total_reply_count":0,"_bbp_voice_count":0,"_bbp_anonymous_reply_count":0,"_bbp_topic_count_hidden":0,"_bbp_reply_count_hidden":0,"_bbp_forum_subforum_count":0,"site-sidebar-layout":"default","site-content-layout":"","ast-site-content-layout":"","site-content-style":"default","site-sidebar-style":"default","ast-global-header-display":"","ast-banner-title-visibility":"","ast-main-header-display":"","ast-hfb-above-header-display":"","ast-hfb-below-header-display":"","ast-hfb-mobile-header-display":"","site-post-title":"","ast-breadcrumbs-content":"","ast-featured-img":"","footer-sml-layout":"","theme-transparent-header-meta":"","adv-header-id-meta":"","stick-header-meta":"","header-above-stick-meta":"","header-main-stick-meta":"","header-below-stick-meta":"","astra-migrate-meta-layouts":"default","ast-page-background-enabled":"default","ast-page-background-meta":{"desktop":{"background-color":"var(--ast-global-color-4)","background-image":"","background-repeat":"repeat","background-position":"center center","background-size":"auto","background-attachment":"scroll","background-type":"","background-media":"","overlay-type":"","overlay-color":"","overlay-opacity":"","overlay-gradient":""},"tablet":{"background-color":"","background-image":"","background-repeat":"repeat","background-position":"center center","background-size":"auto","background-attachment":"scroll","background-type":"","background-media":"","overlay-type":"","overlay-color":"","overlay-opacity":"","overlay-gradient":""},"mobile":{"background-color":"","background-image":"","background-repeat":"repeat","background-position":"center center","background-size":"auto","background-attachment":"scroll","background-type":"","background-media":"","overlay-type":"","overlay-color":"","overlay-opacity":"","overlay-gradient":""}},"ast-content-background-meta":{"desktop":{"background-color":"var(--ast-global-color-5)","background-image":"","background-repeat":"repeat","background-position":"center center","background-size":"auto","background-attachment":"scroll","background-type":"","background-media":"","overlay-type":"","overlay-color":"","overlay-opacity":"","overlay-gradient":""},"tablet":{"background-color":"var(--ast-global-color-5)","background-image":"","background-repeat":"repeat","background-position":"center center","background-size":"auto","background-attachment":"scroll","background-type":"","background-media":"","overlay-type":"","overlay-color":"","overlay-opacity":"","overlay-gradient":""},"mobile":{"background-color":"var(--ast-global-color-5)","background-image":"","background-repeat":"repeat","background-position":"center center","background-size":"auto","background-attachment":"scroll","background-type":"","background-media":"","overlay-type":"","overlay-color":"","overlay-opacity":"","overlay-gradient":""}},"footnotes":""},"categories":[178,213,216],"tags":[199,200,201],"class_list":["post-2110","post","type-post","status-publish","format-standard","has-post-thumbnail","hentry","category-biblioteca","category-lectura","category-premis-i-concursos","tag-informacio-biblioteca","tag-lectura","tag-premis-literaris"],"post_mailing_queue_ids":[],"_links":{"self":[{"href":"https:\/\/agora.xtec.cat\/ieslescala\/wp-json\/wp\/v2\/posts\/2110","targetHints":{"allow":["GET"]}}],"collection":[{"href":"https:\/\/agora.xtec.cat\/ieslescala\/wp-json\/wp\/v2\/posts"}],"about":[{"href":"https:\/\/agora.xtec.cat\/ieslescala\/wp-json\/wp\/v2\/types\/post"}],"author":[{"embeddable":true,"href":"https:\/\/agora.xtec.cat\/ieslescala\/wp-json\/wp\/v2\/users\/40"}],"replies":[{"embeddable":true,"href":"https:\/\/agora.xtec.cat\/ieslescala\/wp-json\/wp\/v2\/comments?post=2110"}],"version-history":[{"count":2,"href":"https:\/\/agora.xtec.cat\/ieslescala\/wp-json\/wp\/v2\/posts\/2110\/revisions"}],"predecessor-version":[{"id":2114,"href":"https:\/\/agora.xtec.cat\/ieslescala\/wp-json\/wp\/v2\/posts\/2110\/revisions\/2114"}],"wp:featuredmedia":[{"embeddable":true,"href":"https:\/\/agora.xtec.cat\/ieslescala\/wp-json\/wp\/v2\/media\/2118"}],"wp:attachment":[{"href":"https:\/\/agora.xtec.cat\/ieslescala\/wp-json\/wp\/v2\/media?parent=2110"}],"wp:term":[{"taxonomy":"category","embeddable":true,"href":"https:\/\/agora.xtec.cat\/ieslescala\/wp-json\/wp\/v2\/categories?post=2110"},{"taxonomy":"post_tag","embeddable":true,"href":"https:\/\/agora.xtec.cat\/ieslescala\/wp-json\/wp\/v2\/tags?post=2110"}],"curies":[{"name":"wp","href":"https:\/\/api.w.org\/{rel}","templated":true}]}}