{"id":2012,"date":"2016-09-22T12:48:10","date_gmt":"2016-09-22T10:48:10","guid":{"rendered":"http:\/\/agora.xtec.cat\/ieslescala\/?p=2012"},"modified":"2020-09-20T00:36:08","modified_gmt":"2020-09-19T22:36:08","slug":"comencem-el-club-de-lectura-del-curs-2016-17","status":"publish","type":"post","link":"https:\/\/agora.xtec.cat\/ieslescala\/general\/comencem-el-club-de-lectura-del-curs-2016-17\/","title":{"rendered":"COMENCEM EL CLUB DE LECTURA DEL CURS 2016-17"},"content":{"rendered":"<p align=\"JUSTIFY\">Tornem a l&#8217;institut amb moltes ganes de llegir i comentar les lectures. Per trobar-nos a l&#8217;octubre us proposem una novel\u00b7la amb molta\u00a0 intriga: La porta dels tres panys, de S\u00f2nia Fern\u00e1ndez-Vidal, que ens permetr\u00e0 entendre el m\u00f3n de la f\u00edsica qu\u00e0ntic<a href=\"http:\/\/agora.xtec.cat\/ieslescala\/wp-content\/uploads\/usu933\/2016\/09\/PORTA-2.jpeg\"><img loading=\"lazy\" decoding=\"async\" class=\"alignright\" src=\"http:\/\/agora.xtec.cat\/ieslescala\/wp-content\/uploads\/usu933\/2016\/09\/PORTA-2.jpeg\" alt=\"PORTA\" width=\"177\" height=\"285\" \/><\/a>a de manera f\u00e0cil.<\/p>\n<p>Al protagonista, en Niko Mir, li passen coses sorprenents, des d&#8217;una guerra entre la mat\u00e8ria i l&#8217;antimat\u00e8ria fins a les desaparicions del gat de Sch\u00f6dinger, passant per un taller de rellotgeria on es posa a prova la relativitat del temps.<\/p>\n<table>\n<tbody>\n<tr>\n<td>\n<h3 style=\"text-align: justify;\"><strong>El dia de la trobada per comentar aquesta obra ser\u00e0 el DIJOUS 27 D&#8217;OCTUBRE A LES 13:45. Veniu a la biblioteca per apuntar-vos al Club de lectura i us donarem en pr\u00e9stec el llibre.<br \/>\n<\/strong><\/h3>\n<\/td>\n<\/tr>\n<\/tbody>\n<\/table>\n<p align=\"JUSTIFY\">\n<p align=\"JUSTIFY\"><span style=\"font-family: Verdana,sans-serif;\"><span style=\"font-size: medium;\"><strong>Informaci\u00f3 sobre l&#8217;autora: <\/strong><\/span><\/span><\/p>\n<p align=\"JUSTIFY\"><span style=\"font-size: medium;\">S<\/span><span style=\"font-family: Verdana,sans-serif;\"><span style=\"font-size: medium;\">\u00f2nia Fern\u00e1ndez-Vidal (Barcelona, 1978) \u00e9s llicenciada <a href=\"http:\/\/agora.xtec.cat\/ieslescala\/wp-content\/uploads\/usu933\/2016\/09\/S\u00f2nia-Fern\u00e0ndez-Vidal.jpeg\"><img loading=\"lazy\" decoding=\"async\" class=\"alignright size-full wp-image-2021\" src=\"http:\/\/agora.xtec.cat\/ieslescala\/wp-content\/uploads\/usu933\/2016\/09\/S\u00f2nia-Fern\u00e0ndez-Vidal.jpeg\" alt=\"S\u00f2nia Fern\u00e0ndez Vidal\" width=\"300\" height=\"168\" \/><\/a>en F\u00edsica i doctorada en Informaci\u00f3 i \u00d2ptica Qu\u00e0ntica. Ha treballat als centres m\u00e9s prestigiosos del m\u00f3n especialitzats en f\u00edsica qu\u00e0ntica, per\u00f2 sempre ha combinat tots aquests coneixements i experi\u00e8ncies amb la doc\u00e8ncia. Ha impartit cursos molt amens i instructius per acostar els misteris de la f\u00edsica qu\u00e0ntica als no entesos, i aconsegueix divulgar coneixements complicad\u00edssims d&#8217;una manera senzilla i entenedora. Autora de <\/span><\/span><em><span style=\"font-family: Verdana,sans-serif;\"><span style=\"font-size: medium;\">L&#8217;univers a la m\u00e0\u00a0<\/span><\/span><\/em><span style=\"font-family: Verdana,sans-serif;\"><span style=\"font-size: medium;\">(2015), tamb\u00e9 ha publicat el gran \u00e8xit de vendes de divulgaci\u00f3\u00a0cient\u00edfica <\/span><\/span><em><span style=\"font-family: Verdana,sans-serif;\"><span style=\"font-size: medium;\">La porta dels tres panys <\/span><\/span><\/em><span style=\"font-family: Verdana,sans-serif;\"><span style=\"font-size: medium;\">(2011), la novel\u00b7la juvenil <\/span><\/span><em><span style=\"font-family: Verdana,sans-serif;\"><span style=\"font-size: medium;\">Quantic Love <\/span><\/span><\/em><span style=\"font-family: Verdana,sans-serif;\"><span style=\"font-size: medium;\">(2012) i l&#8217;assaig <\/span><\/span><em><span style=\"font-family: Verdana,sans-serif;\"><span style=\"font-size: medium;\">Esmorzar amb part\u00edcules\u00a0<\/span><\/span><\/em><span style=\"font-family: Verdana,sans-serif;\"><span style=\"font-size: medium;\">(2013).<\/span><\/span><\/p>\n<p align=\"JUSTIFY\"><span style=\"font-family: Verdana,sans-serif;\"><span style=\"font-size: medium;\">Font: <a href=\"http:\/\/bibliotecavirtual.diba.cat\/\">http:\/\/bibliotecavirtual.diba.cat<\/a><\/span><\/span><\/p>\n<p style=\"text-align: justify;\"><span style=\"font-size: x-large;\"><a href=\"http:\/\/agora.xtec.cat\/ieslescala\/wp-content\/uploads\/usu933\/2016\/09\/univers-a-la-m\u00e0.jpg\"><img loading=\"lazy\" decoding=\"async\" class=\"alignleft wp-image-2022 \" src=\"http:\/\/agora.xtec.cat\/ieslescala\/wp-content\/uploads\/usu933\/2016\/09\/univers-a-la-m\u00e0.jpg\" alt=\"univers a la m\u00e0\" width=\"206\" height=\"228\" srcset=\"https:\/\/agora.xtec.cat\/ieslescala\/wp-content\/uploads\/usu933\/2016\/09\/univers-a-la-m\u00e0.jpg 310w, https:\/\/agora.xtec.cat\/ieslescala\/wp-content\/uploads\/usu933\/2016\/09\/univers-a-la-m\u00e0-271x300.jpg 271w\" sizes=\"auto, (max-width: 206px) 100vw, 206px\" \/><\/a><\/span><br \/>\n<a href=\"http:\/\/agora.xtec.cat\/ieslescala\/wp-content\/uploads\/usu933\/2016\/09\/9788424641696_FONIMGC_9788424641696.jpg\"><img loading=\"lazy\" decoding=\"async\" class=\"alignnone wp-image-2023\" src=\"http:\/\/agora.xtec.cat\/ieslescala\/wp-content\/uploads\/usu933\/2016\/09\/9788424641696_FONIMGC_9788424641696.jpg\" alt=\"9788424641696_FONIMGC_9788424641696\" width=\"206\" height=\"286\" srcset=\"https:\/\/agora.xtec.cat\/ieslescala\/wp-content\/uploads\/usu933\/2016\/09\/9788424641696_FONIMGC_9788424641696.jpg 310w, https:\/\/agora.xtec.cat\/ieslescala\/wp-content\/uploads\/usu933\/2016\/09\/9788424641696_FONIMGC_9788424641696-216x300.jpg 216w\" sizes=\"auto, (max-width: 206px) 100vw, 206px\" \/><\/a><a href=\"http:\/\/agora.xtec.cat\/ieslescala\/wp-content\/uploads\/usu933\/2016\/09\/ESMORZAR.jpeg\"><img loading=\"lazy\" decoding=\"async\" class=\"alignnone size-full wp-image-2025\" src=\"http:\/\/agora.xtec.cat\/ieslescala\/wp-content\/uploads\/usu933\/2016\/09\/ESMORZAR.jpeg\" alt=\"ESMORZAR\" width=\"184\" height=\"274\" \/><\/a><\/p>\n<p style=\"text-align: justify;\"><a href=\"http:\/\/agora.xtec.cat\/ieslescala\/wp-content\/uploads\/usu933\/2016\/09\/9788424641696_FONIMGC_9788424641696.jpg\">\u00a0\u00a0 \u00a0 \u00a0 <\/a><\/p>\n<p>&nbsp;<\/p>\n","protected":false},"excerpt":{"rendered":"<p>Tornem a l&#8217;institut amb moltes ganes de llegir i comentar les lectures. Per trobar-nos a l&#8217;octubre us proposem una novel\u00b7la [&hellip;]<\/p>\n","protected":false},"author":40,"featured_media":2016,"comment_status":"open","ping_status":"open","sticky":false,"template":"","format":"standard","meta":{"_bbp_topic_count":0,"_bbp_reply_count":0,"_bbp_total_topic_count":0,"_bbp_total_reply_count":0,"_bbp_voice_count":0,"_bbp_anonymous_reply_count":0,"_bbp_topic_count_hidden":0,"_bbp_reply_count_hidden":0,"_bbp_forum_subforum_count":0,"site-sidebar-layout":"default","site-content-layout":"","ast-site-content-layout":"","site-content-style":"default","site-sidebar-style":"default","ast-global-header-display":"","ast-banner-title-visibility":"","ast-main-header-display":"","ast-hfb-above-header-display":"","ast-hfb-below-header-display":"","ast-hfb-mobile-header-display":"","site-post-title":"","ast-breadcrumbs-content":"","ast-featured-img":"","footer-sml-layout":"","theme-transparent-header-meta":"","adv-header-id-meta":"","stick-header-meta":"","header-above-stick-meta":"","header-main-stick-meta":"","header-below-stick-meta":"","astra-migrate-meta-layouts":"default","ast-page-background-enabled":"default","ast-page-background-meta":{"desktop":{"background-color":"var(--ast-global-color-4)","background-image":"","background-repeat":"repeat","background-position":"center center","background-size":"auto","background-attachment":"scroll","background-type":"","background-media":"","overlay-type":"","overlay-color":"","overlay-opacity":"","overlay-gradient":""},"tablet":{"background-color":"","background-image":"","background-repeat":"repeat","background-position":"center center","background-size":"auto","background-attachment":"scroll","background-type":"","background-media":"","overlay-type":"","overlay-color":"","overlay-opacity":"","overlay-gradient":""},"mobile":{"background-color":"","background-image":"","background-repeat":"repeat","background-position":"center center","background-size":"auto","background-attachment":"scroll","background-type":"","background-media":"","overlay-type":"","overlay-color":"","overlay-opacity":"","overlay-gradient":""}},"ast-content-background-meta":{"desktop":{"background-color":"var(--ast-global-color-5)","background-image":"","background-repeat":"repeat","background-position":"center center","background-size":"auto","background-attachment":"scroll","background-type":"","background-media":"","overlay-type":"","overlay-color":"","overlay-opacity":"","overlay-gradient":""},"tablet":{"background-color":"var(--ast-global-color-5)","background-image":"","background-repeat":"repeat","background-position":"center center","background-size":"auto","background-attachment":"scroll","background-type":"","background-media":"","overlay-type":"","overlay-color":"","overlay-opacity":"","overlay-gradient":""},"mobile":{"background-color":"var(--ast-global-color-5)","background-image":"","background-repeat":"repeat","background-position":"center center","background-size":"auto","background-attachment":"scroll","background-type":"","background-media":"","overlay-type":"","overlay-color":"","overlay-opacity":"","overlay-gradient":""}},"footnotes":""},"categories":[178,1,213,72,71],"tags":[179,101],"class_list":["post-2012","post","type-post","status-publish","format-standard","has-post-thumbnail","hentry","category-biblioteca","category-general","category-lectura","category-llengua-castellana","category-llengua-catalana","tag-activitats-biblioteca","tag-club-de-lectura"],"post_mailing_queue_ids":[],"_links":{"self":[{"href":"https:\/\/agora.xtec.cat\/ieslescala\/wp-json\/wp\/v2\/posts\/2012","targetHints":{"allow":["GET"]}}],"collection":[{"href":"https:\/\/agora.xtec.cat\/ieslescala\/wp-json\/wp\/v2\/posts"}],"about":[{"href":"https:\/\/agora.xtec.cat\/ieslescala\/wp-json\/wp\/v2\/types\/post"}],"author":[{"embeddable":true,"href":"https:\/\/agora.xtec.cat\/ieslescala\/wp-json\/wp\/v2\/users\/40"}],"replies":[{"embeddable":true,"href":"https:\/\/agora.xtec.cat\/ieslescala\/wp-json\/wp\/v2\/comments?post=2012"}],"version-history":[{"count":4,"href":"https:\/\/agora.xtec.cat\/ieslescala\/wp-json\/wp\/v2\/posts\/2012\/revisions"}],"predecessor-version":[{"id":3496,"href":"https:\/\/agora.xtec.cat\/ieslescala\/wp-json\/wp\/v2\/posts\/2012\/revisions\/3496"}],"wp:featuredmedia":[{"embeddable":true,"href":"https:\/\/agora.xtec.cat\/ieslescala\/wp-json\/wp\/v2\/media\/2016"}],"wp:attachment":[{"href":"https:\/\/agora.xtec.cat\/ieslescala\/wp-json\/wp\/v2\/media?parent=2012"}],"wp:term":[{"taxonomy":"category","embeddable":true,"href":"https:\/\/agora.xtec.cat\/ieslescala\/wp-json\/wp\/v2\/categories?post=2012"},{"taxonomy":"post_tag","embeddable":true,"href":"https:\/\/agora.xtec.cat\/ieslescala\/wp-json\/wp\/v2\/tags?post=2012"}],"curies":[{"name":"wp","href":"https:\/\/api.w.org\/{rel}","templated":true}]}}