{"id":1718,"date":"2012-10-01T12:32:00","date_gmt":"2012-10-01T11:32:00","guid":{"rendered":"http:\/\/agora.xtec.cat\/ieslescala\/general\/premis-literaris-en-catala-i-castella\/"},"modified":"2016-07-17T18:35:27","modified_gmt":"2016-07-17T17:35:27","slug":"premis-literaris-en-catala-i-castella","status":"publish","type":"post","link":"https:\/\/agora.xtec.cat\/ieslescala\/biblioteca\/premis-literaris-en-catala-i-castella\/","title":{"rendered":"Premis literaris en catal\u00e0 i castell\u00e0"},"content":{"rendered":"<div style=\"clear: both; text-align: center;\"><a href=\"http:\/\/1.bp.blogspot.com\/-gB8XJcbHVvA\/UGl_svxJXnI\/AAAAAAAAAeU\/qQDCvY3biU8\/s1600\/220px-Patr%C3%ADcia_Gabancho.jpg\" style=\"clear: right; float: right; margin-bottom: 1em; margin-left: 1em;\"><img loading=\"lazy\" decoding=\"async\" border=\"0\" height=\"200\" src=\"http:\/\/1.bp.blogspot.com\/-gB8XJcbHVvA\/UGl_svxJXnI\/AAAAAAAAAeU\/qQDCvY3biU8\/s200\/220px-Patr%C3%ADcia_Gabancho.jpg\" width=\"184\" \/><\/a><\/div>\n<div style=\"font-family: Arial,Helvetica,sans-serif; text-align: justify;\"><span style=\"font-size: small;\">Si t&#8217;agrada con\u00e8ixer els guanyadors dels principals premis literaris en catal\u00e0, pots consultar el&nbsp; <a href=\"http:\/\/www20.gencat.cat\/portal\/site\/CulturaDepartament\/menuitem.4f810f50a62de38a5a2a63a7b0c0e1a0\/?vgnextoid=19e569dfd38db010VgnVCM1000000b0c1e0aRCRD&amp;vgnextchannel=19e569dfd38db010VgnVCM1000000b0c1e0aRCRD&amp;vgnextfmt=default&amp;vgnextrefresh=1\" target=\"_blank\">Palmar\u00e8s<\/a><a href=\"http:\/\/www20.gencat.cat\/portal\/site\/CulturaDepartament\/menuitem.4f810f50a62de38a5a2a63a7b0c0e1a0\/?vgnextoid=19e569dfd38db010VgnVCM1000000b0c1e0aRCRD&amp;vgnextchannel=19e569dfd38db010VgnVCM1000000b0c1e0aRCRD&amp;vgnextfmt=default&amp;vgnextrefresh=1\" target=\"_blank\">&nbsp; que ens ofereix el web del Departament de Cultura<\/a>, on trobareu els noms dels autors i autores guanyadors des del principi de les convocat\u00f2ries&nbsp; fins l&#8217;any 2011.<\/span><\/div>\n<div style=\"font-family: Arial,Helvetica,sans-serif; text-align: justify;\"><\/div>\n<div style=\"font-family: Arial,Helvetica,sans-serif; text-align: justify;\"><span style=\"font-size: small;\">En el Premis Literaris de Girona 2012, lliurats  la setmana passada, els guanyadors  han estat els seg\u00fcents:<\/span><\/div>\n<div style=\"font-family: Arial,Helvetica,sans-serif; text-align: justify;\"><span style=\"font-size: small;\"><a href=\"http:\/\/www.ara.cat\/llegim\/Patricia-Gabancho-Premi-Prudenci-Bertrana_0_781722003.html\" style=\"background-color: red; color: red;\" target=\"_blank\"><b><span style=\"background-color: white; color: red;\">Patr\u00edcia Gabancho<\/span><\/b><\/a><span style=\"background-color: white; color: red;\"> <\/span>amb la novel\u00b7la <b>La n\u00e9ta d&#8217;Adam<\/b>&nbsp; ha guanyat el Prudenci Bertrana i<\/span>l&#8217;escriptora N\u00faria Esponell\u00e0 ha quedat finalista del guard\u00f3 amb la novel\u00b7la<b> Una dona d&#8217;aigua,<\/b> ambientada a Banyoles a finals del segle XIX.<\/div>\n<div style=\"text-align: justify;\"><span style=\"font-size: small;\"><span style=\"font-family: Arial,Helvetica,sans-serif;\"><b><span style=\"color: red;\">Sadurn\u00ed Tubau<\/span><\/b> ha estat guardonat amb el Premi Miquel de Palol de poesia&nbsp;per <b>El Somni de Gregor Samsa<\/b>.&nbsp;<\/span><\/span><\/div>\n<div style=\"text-align: justify;\"><span style=\"font-size: small;\"><span style=\"font-family: Arial,Helvetica,sans-serif;\"><b>Cinquanta anys despr\u00e9s <span style=\"color: red;\">de Vicent Sanchis<\/span><\/b>, ha estat&nbsp;distingida amb el Carles Rahola d\u2019assaig.<\/span><\/span><\/div>\n<div style=\"text-align: justify;\"><span style=\"font-size: small;\"><span style=\"font-family: Arial,Helvetica,sans-serif;\">I el 27\u00e8 Premi Ramon Muntaner de literatura juvenil s\u2019ha atorgat a <b><span style=\"color: red;\">JosepTorrent<\/span><\/b> per la seva obra<b> De cara a Tramuntana.<\/b><\/span><\/span><\/div>\n<div style=\"font-family: Arial,Helvetica,sans-serif; text-align: justify;\"><\/div>\n<div style=\"text-align: justify;\"><span style=\"font-size: small;\"><span style=\"font-family: Arial,Helvetica,sans-serif;\">Per con\u00e8ixer tamb\u00e9 convocat\u00f2ries de concursos i premis en catal\u00e0 i castell\u00e0 es pot veure el <\/span><a href=\"http:\/\/www.nosaltres.cat\/www\/seccio?p_idint=41290\" style=\"font-family: Arial,Helvetica,sans-serif;\" target=\"_blank\">llistat de vilaweb <\/a><\/span><\/div>\n","protected":false},"excerpt":{"rendered":"<p>Si t&#8217;agrada con\u00e8ixer els guanyadors dels principals premis literaris en catal\u00e0, pots consultar el&nbsp; Palmar\u00e8s&nbsp; que ens ofereix el web [&hellip;]<\/p>\n","protected":false},"author":40,"featured_media":0,"comment_status":"closed","ping_status":"open","sticky":false,"template":"","format":"standard","meta":{"_bbp_topic_count":0,"_bbp_reply_count":0,"_bbp_total_topic_count":0,"_bbp_total_reply_count":0,"_bbp_voice_count":0,"_bbp_anonymous_reply_count":0,"_bbp_topic_count_hidden":0,"_bbp_reply_count_hidden":0,"_bbp_forum_subforum_count":0,"site-sidebar-layout":"default","site-content-layout":"","ast-site-content-layout":"","site-content-style":"default","site-sidebar-style":"default","ast-global-header-display":"","ast-banner-title-visibility":"","ast-main-header-display":"","ast-hfb-above-header-display":"","ast-hfb-below-header-display":"","ast-hfb-mobile-header-display":"","site-post-title":"","ast-breadcrumbs-content":"","ast-featured-img":"","footer-sml-layout":"","theme-transparent-header-meta":"","adv-header-id-meta":"","stick-header-meta":"","header-above-stick-meta":"","header-main-stick-meta":"","header-below-stick-meta":"","astra-migrate-meta-layouts":"default","ast-page-background-enabled":"default","ast-page-background-meta":{"desktop":{"background-color":"var(--ast-global-color-4)","background-image":"","background-repeat":"repeat","background-position":"center center","background-size":"auto","background-attachment":"scroll","background-type":"","background-media":"","overlay-type":"","overlay-color":"","overlay-opacity":"","overlay-gradient":""},"tablet":{"background-color":"","background-image":"","background-repeat":"repeat","background-position":"center center","background-size":"auto","background-attachment":"scroll","background-type":"","background-media":"","overlay-type":"","overlay-color":"","overlay-opacity":"","overlay-gradient":""},"mobile":{"background-color":"","background-image":"","background-repeat":"repeat","background-position":"center center","background-size":"auto","background-attachment":"scroll","background-type":"","background-media":"","overlay-type":"","overlay-color":"","overlay-opacity":"","overlay-gradient":""}},"ast-content-background-meta":{"desktop":{"background-color":"var(--ast-global-color-5)","background-image":"","background-repeat":"repeat","background-position":"center center","background-size":"auto","background-attachment":"scroll","background-type":"","background-media":"","overlay-type":"","overlay-color":"","overlay-opacity":"","overlay-gradient":""},"tablet":{"background-color":"var(--ast-global-color-5)","background-image":"","background-repeat":"repeat","background-position":"center center","background-size":"auto","background-attachment":"scroll","background-type":"","background-media":"","overlay-type":"","overlay-color":"","overlay-opacity":"","overlay-gradient":""},"mobile":{"background-color":"var(--ast-global-color-5)","background-image":"","background-repeat":"repeat","background-position":"center center","background-size":"auto","background-attachment":"scroll","background-type":"","background-media":"","overlay-type":"","overlay-color":"","overlay-opacity":"","overlay-gradient":""}},"footnotes":""},"categories":[178],"tags":[],"class_list":["post-1718","post","type-post","status-publish","format-standard","hentry","category-biblioteca"],"post_mailing_queue_ids":[],"_links":{"self":[{"href":"https:\/\/agora.xtec.cat\/ieslescala\/wp-json\/wp\/v2\/posts\/1718","targetHints":{"allow":["GET"]}}],"collection":[{"href":"https:\/\/agora.xtec.cat\/ieslescala\/wp-json\/wp\/v2\/posts"}],"about":[{"href":"https:\/\/agora.xtec.cat\/ieslescala\/wp-json\/wp\/v2\/types\/post"}],"author":[{"embeddable":true,"href":"https:\/\/agora.xtec.cat\/ieslescala\/wp-json\/wp\/v2\/users\/40"}],"replies":[{"embeddable":true,"href":"https:\/\/agora.xtec.cat\/ieslescala\/wp-json\/wp\/v2\/comments?post=1718"}],"version-history":[{"count":1,"href":"https:\/\/agora.xtec.cat\/ieslescala\/wp-json\/wp\/v2\/posts\/1718\/revisions"}],"predecessor-version":[{"id":1920,"href":"https:\/\/agora.xtec.cat\/ieslescala\/wp-json\/wp\/v2\/posts\/1718\/revisions\/1920"}],"wp:attachment":[{"href":"https:\/\/agora.xtec.cat\/ieslescala\/wp-json\/wp\/v2\/media?parent=1718"}],"wp:term":[{"taxonomy":"category","embeddable":true,"href":"https:\/\/agora.xtec.cat\/ieslescala\/wp-json\/wp\/v2\/categories?post=1718"},{"taxonomy":"post_tag","embeddable":true,"href":"https:\/\/agora.xtec.cat\/ieslescala\/wp-json\/wp\/v2\/tags?post=1718"}],"curies":[{"name":"wp","href":"https:\/\/api.w.org\/{rel}","templated":true}]}}