{"id":1696,"date":"2013-03-20T17:08:00","date_gmt":"2013-03-20T16:08:00","guid":{"rendered":"http:\/\/agora.xtec.cat\/ieslescala\/general\/21-de-marc-celebrem-el-dia-mundial-de-la-poesia\/"},"modified":"2016-07-17T17:59:09","modified_gmt":"2016-07-17T16:59:09","slug":"21-de-marc-celebrem-el-dia-mundial-de-la-poesia","status":"publish","type":"post","link":"https:\/\/agora.xtec.cat\/ieslescala\/biblioteca\/21-de-marc-celebrem-el-dia-mundial-de-la-poesia\/","title":{"rendered":"21 de mar\u00e7. Celebrem el Dia Mundial de la Poesia"},"content":{"rendered":"<p><span style=\"font-size: large;\">Dijous 21 de mar\u00e7 us convidem al recital de poesia que farem a la biblioteca a les 11:15 per celebrar el Dia Mundial de la Poesia, que promou l&#8217;<a href=\"http:\/\/www20.gencat.cat\/portal\/site\/CulturaDepartament\/menuitem.a698cbe5a26e56a65a2a63a7b0c0e1a0\/?vgnextoid=96d56790ded1a010VgnVCM1000000b0c1e0aRCRD&amp;vgnextchannel=96d56790ded1a010VgnVCM1000000b0c1e0aRCRD\" target=\"_blank\">Instituci\u00f3 de les Lletres Catalanes<\/a>.<\/span><br \/><span style=\"font-size: large;\"><br \/><\/span><a href=\"http:\/\/3.bp.blogspot.com\/-Ud6us-2QDC8\/UUndj7rzpNI\/AAAAAAAAAyQ\/iwYId_ghUtI\/s1600\/capc3a7alera-bloc-dmp.jpg\" style=\"clear: right; float: right; margin-bottom: 1em; margin-left: 1em;\"><img loading=\"lazy\" decoding=\"async\" border=\"0\" height=\"58\" src=\"http:\/\/3.bp.blogspot.com\/-Ud6us-2QDC8\/UUndj7rzpNI\/AAAAAAAAAyQ\/iwYId_ghUtI\/s320\/capc3a7alera-bloc-dmp.jpg\" width=\"320\" \/><\/a><a href=\"http:\/\/1.bp.blogspot.com\/-LcQCm3cqdWM\/UUndn-Y2AcI\/AAAAAAAAAyY\/Tb7U8OKCG7Y\/s1600\/caratula-fulleto.jpg\" style=\"clear: right; float: right; margin-bottom: 1em; margin-left: 1em;\"><span style=\"font-size: large;\"><\/span><\/a><span style=\"font-size: large;\">El text en catal\u00e0 d&#8217;enguany \u00e9s un poema de Zoraida Burgos, que ha estat traduit a diferents lleng\u00fces.<\/span><br \/><span style=\"font-size: large;\">Esperem la col\u00b7laboraci\u00f3 de molts\/es alumnes i professors\/es per recitar i escoltar els poemes.<\/span><br \/><span style=\"font-size: large;\">Si voleu veure &nbsp;les accions que estan previstes a tot Catalunya, podeu <a href=\"http:\/\/diamundialpoesia.wordpress.com\/accions-2012\/lescala\/\" target=\"_blank\">consultar el bloc<\/a>&nbsp;espec\u00edfic.<\/span><br \/><span style=\"font-size: large;\"><\/p>\n<table align=\"center\" cellpadding=\"0\" cellspacing=\"0\" style=\"margin-left: auto; margin-right: auto; text-align: center;\">\n<tbody>\n<tr>\n<td style=\"text-align: center;\"><a href=\"http:\/\/4.bp.blogspot.com\/-TqpcG5wjE1A\/UUng-wWdzLI\/AAAAAAAAAyg\/R_uIhnA5uKA\/s1600\/Xarxanet..jpeg\" style=\"clear: right; margin-bottom: 1em; margin-left: auto; margin-right: auto;\"><img loading=\"lazy\" decoding=\"async\" border=\"0\" height=\"124\" src=\"http:\/\/4.bp.blogspot.com\/-TqpcG5wjE1A\/UUng-wWdzLI\/AAAAAAAAAyg\/R_uIhnA5uKA\/s320\/Xarxanet..jpeg\" width=\"320\" \/><\/a><\/td>\n<\/tr>\n<tr>\n<td style=\"text-align: center;\"><a href=\"http:\/\/blocs.cpnl.cat\/emocionatamblapoesia\/\" target=\"_blank\">Imatge del bloc del Consorci de Normalitzaci\u00f3 ling\u00fc\u00edstica<\/a><\/td>\n<\/tr>\n<\/tbody>\n<\/table>\n<p><\/span><br \/><span style=\"font-size: large;\"><span style=\"color: #333333; font-family: Georgia, 'Bitstream Charter', serif; line-height: 23px;\">NOM\u00c9S LA VEU<\/span><\/span><\/p>\n<div style=\"clear: both; text-align: center;\"><a href=\"http:\/\/1.bp.blogspot.com\/-LcQCm3cqdWM\/UUndn-Y2AcI\/AAAAAAAAAyY\/Tb7U8OKCG7Y\/s1600\/caratula-fulleto.jpg\" style=\"clear: right; float: right; margin-bottom: 1em; margin-left: 1em;\"><img loading=\"lazy\" decoding=\"async\" border=\"0\" height=\"200\" src=\"http:\/\/1.bp.blogspot.com\/-LcQCm3cqdWM\/UUndn-Y2AcI\/AAAAAAAAAyY\/Tb7U8OKCG7Y\/s200\/caratula-fulleto.jpg\" width=\"95\" \/><\/a><\/div>\n<p><b><span style=\"background-color: white; color: #333333; font-family: Georgia, 'Bitstream Charter', serif; font-size: 14px; line-height: 23px;\">Emmudit el vent,<\/span><br style=\"background-color: white; color: #333333; font-family: Georgia, 'Bitstream Charter', serif; font-size: 14px; line-height: 23px;\" \/><span style=\"background-color: white; color: #333333; font-family: Georgia, 'Bitstream Charter', serif; font-size: 14px; line-height: 23px;\">inventem el silenci, l\u2019equiilibri.<\/span><br style=\"background-color: white; color: #333333; font-family: Georgia, 'Bitstream Charter', serif; font-size: 14px; line-height: 23px;\" \/><span style=\"background-color: white; color: #333333; font-family: Georgia, 'Bitstream Charter', serif; font-size: 14px; line-height: 23px;\">Nom\u00e9s la veu, el poema,<\/span><br style=\"background-color: white; color: #333333; font-family: Georgia, 'Bitstream Charter', serif; font-size: 14px; line-height: 23px;\" \/><span style=\"background-color: white; color: #333333; font-family: Georgia, 'Bitstream Charter', serif; font-size: 14px; line-height: 23px;\">atansa espais oberts,<\/span><br style=\"background-color: white; color: #333333; font-family: Georgia, 'Bitstream Charter', serif; font-size: 14px; line-height: 23px;\" \/><span style=\"background-color: white; color: #333333; font-family: Georgia, 'Bitstream Charter', serif; font-size: 14px; line-height: 23px;\">acull el temps<\/span><br style=\"background-color: white; color: #333333; font-family: Georgia, 'Bitstream Charter', serif; font-size: 14px; line-height: 23px;\" \/><span style=\"background-color: white; color: #333333; font-family: Georgia, 'Bitstream Charter', serif; font-size: 14px; line-height: 23px;\">\u2013arena que sense pietat<\/span><br style=\"background-color: white; color: #333333; font-family: Georgia, 'Bitstream Charter', serif; font-size: 14px; line-height: 23px;\" \/><span style=\"background-color: white; color: #333333; font-family: Georgia, 'Bitstream Charter', serif; font-size: 14px; line-height: 23px;\">llisca i no es detura\u2013,<\/span><br style=\"background-color: white; color: #333333; font-family: Georgia, 'Bitstream Charter', serif; font-size: 14px; line-height: 23px;\" \/><span style=\"background-color: white; color: #333333; font-family: Georgia, 'Bitstream Charter', serif; font-size: 14px; line-height: 23px;\">arrela l\u2019instant, tan fr\u00e0gil.<\/span><br style=\"background-color: white; color: #333333; font-family: Georgia, 'Bitstream Charter', serif; font-size: 14px; line-height: 23px;\" \/><span style=\"background-color: white; color: #333333; font-family: Georgia, 'Bitstream Charter', serif; font-size: 14px; line-height: 23px;\">Nom\u00e9s la veu, el poema,<\/span><br style=\"background-color: white; color: #333333; font-family: Georgia, 'Bitstream Charter', serif; font-size: 14px; line-height: 23px;\" \/><span style=\"background-color: white; color: #333333; font-family: Georgia, 'Bitstream Charter', serif; font-size: 14px; line-height: 23px;\">desxifra la clau, el somni,&nbsp;<\/span><br style=\"background-color: white; color: #333333; font-family: Georgia, 'Bitstream Charter', serif; font-size: 14px; line-height: 23px;\" \/><span style=\"background-color: white; color: #333333; font-family: Georgia, 'Bitstream Charter', serif; font-size: 14px; line-height: 23px;\">el so profund dels morts,<\/span><br style=\"background-color: white; color: #333333; font-family: Georgia, 'Bitstream Charter', serif; font-size: 14px; line-height: 23px;\" \/><span style=\"background-color: white; color: #333333; font-family: Georgia, 'Bitstream Charter', serif; font-size: 14px; line-height: 23px;\">els signes ara obscurs de la mirada,<\/span><br style=\"background-color: white; color: #333333; font-family: Georgia, 'Bitstream Charter', serif; font-size: 14px; line-height: 23px;\" \/><span style=\"background-color: white; color: #333333; font-family: Georgia, 'Bitstream Charter', serif; font-size: 14px; line-height: 23px;\">la ferida encesa dels amants,<\/span><br style=\"background-color: white; color: #333333; font-family: Georgia, 'Bitstream Charter', serif; font-size: 14px; line-height: 23px;\" \/><span style=\"background-color: white; color: #333333; font-family: Georgia, 'Bitstream Charter', serif; font-size: 14px; line-height: 23px;\">la vermellor dels n\u00favols<\/span><br style=\"background-color: white; color: #333333; font-family: Georgia, 'Bitstream Charter', serif; font-size: 14px; line-height: 23px;\" \/><span style=\"background-color: white; color: #333333; font-family: Georgia, 'Bitstream Charter', serif; font-size: 14px; line-height: 23px;\">a trenc d\u2019alba,<\/span><br style=\"background-color: white; color: #333333; font-family: Georgia, 'Bitstream Charter', serif; font-size: 14px; line-height: 23px;\" \/><span style=\"background-color: white; color: #333333; font-family: Georgia, 'Bitstream Charter', serif; font-size: 14px; line-height: 23px;\">els contrallums opacs dels paisatges<\/span><br style=\"background-color: white; color: #333333; font-family: Georgia, 'Bitstream Charter', serif; font-size: 14px; line-height: 23px;\" \/><span style=\"background-color: white; color: #333333; font-family: Georgia, 'Bitstream Charter', serif; font-size: 14px; line-height: 23px;\">i les llunes surant sobre les aig\u00fces.<\/span><br style=\"background-color: white; color: #333333; font-family: Georgia, 'Bitstream Charter', serif; font-size: 14px; line-height: 23px;\" \/><span style=\"background-color: white; color: #333333; font-family: Georgia, 'Bitstream Charter', serif; font-size: 14px; line-height: 23px;\">Nom\u00e9s la veu, el poema,<\/span><br style=\"background-color: white; color: #333333; font-family: Georgia, 'Bitstream Charter', serif; font-size: 14px; line-height: 23px;\" \/><span style=\"background-color: white; color: #333333; font-family: Georgia, 'Bitstream Charter', serif; font-size: 14px; line-height: 23px;\">dissol els temps dels verbs,<\/span><br style=\"background-color: white; color: #333333; font-family: Georgia, 'Bitstream Charter', serif; font-size: 14px; line-height: 23px;\" \/><span style=\"background-color: white; color: #333333; font-family: Georgia, 'Bitstream Charter', serif; font-size: 14px; line-height: 23px;\">sotmet l\u2019oblit.<\/span><br style=\"background-color: white; color: #333333; font-family: Georgia, 'Bitstream Charter', serif; font-size: 14px; line-height: 23px;\" \/><span style=\"background-color: white; color: #333333; font-family: Georgia, 'Bitstream Charter', serif; font-size: 14px; line-height: 23px;\">El vers ret\u00e9 als dits el gest,<\/span><\/b><br \/><b><span style=\"background-color: white; color: #333333; font-family: Georgia, 'Bitstream Charter', serif; font-size: 14px; line-height: 23px;\">el calfred intacte de la pell.<\/span><\/b><br \/><span style=\"background-color: white; color: #333333; font-family: Georgia, 'Bitstream Charter', serif; font-size: 14px; line-height: 23px;\"><b>&nbsp; &nbsp; &nbsp; &nbsp; &nbsp; &nbsp; &nbsp; &nbsp; &nbsp; &nbsp; &nbsp; &nbsp; &nbsp;&nbsp;<\/b><i>Zoraida Burgos<\/i><\/span><\/p>\n","protected":false},"excerpt":{"rendered":"<p>Dijous 21 de mar\u00e7 us convidem al recital de poesia que farem a la biblioteca a les 11:15 per celebrar [&hellip;]<\/p>\n","protected":false},"author":40,"featured_media":0,"comment_status":"closed","ping_status":"open","sticky":false,"template":"","format":"standard","meta":{"_bbp_topic_count":0,"_bbp_reply_count":0,"_bbp_total_topic_count":0,"_bbp_total_reply_count":0,"_bbp_voice_count":0,"_bbp_anonymous_reply_count":0,"_bbp_topic_count_hidden":0,"_bbp_reply_count_hidden":0,"_bbp_forum_subforum_count":0,"site-sidebar-layout":"default","site-content-layout":"","ast-site-content-layout":"","site-content-style":"default","site-sidebar-style":"default","ast-global-header-display":"","ast-banner-title-visibility":"","ast-main-header-display":"","ast-hfb-above-header-display":"","ast-hfb-below-header-display":"","ast-hfb-mobile-header-display":"","site-post-title":"","ast-breadcrumbs-content":"","ast-featured-img":"","footer-sml-layout":"","theme-transparent-header-meta":"","adv-header-id-meta":"","stick-header-meta":"","header-above-stick-meta":"","header-main-stick-meta":"","header-below-stick-meta":"","astra-migrate-meta-layouts":"default","ast-page-background-enabled":"default","ast-page-background-meta":{"desktop":{"background-color":"var(--ast-global-color-4)","background-image":"","background-repeat":"repeat","background-position":"center center","background-size":"auto","background-attachment":"scroll","background-type":"","background-media":"","overlay-type":"","overlay-color":"","overlay-opacity":"","overlay-gradient":""},"tablet":{"background-color":"","background-image":"","background-repeat":"repeat","background-position":"center center","background-size":"auto","background-attachment":"scroll","background-type":"","background-media":"","overlay-type":"","overlay-color":"","overlay-opacity":"","overlay-gradient":""},"mobile":{"background-color":"","background-image":"","background-repeat":"repeat","background-position":"center center","background-size":"auto","background-attachment":"scroll","background-type":"","background-media":"","overlay-type":"","overlay-color":"","overlay-opacity":"","overlay-gradient":""}},"ast-content-background-meta":{"desktop":{"background-color":"var(--ast-global-color-5)","background-image":"","background-repeat":"repeat","background-position":"center center","background-size":"auto","background-attachment":"scroll","background-type":"","background-media":"","overlay-type":"","overlay-color":"","overlay-opacity":"","overlay-gradient":""},"tablet":{"background-color":"var(--ast-global-color-5)","background-image":"","background-repeat":"repeat","background-position":"center center","background-size":"auto","background-attachment":"scroll","background-type":"","background-media":"","overlay-type":"","overlay-color":"","overlay-opacity":"","overlay-gradient":""},"mobile":{"background-color":"var(--ast-global-color-5)","background-image":"","background-repeat":"repeat","background-position":"center center","background-size":"auto","background-attachment":"scroll","background-type":"","background-media":"","overlay-type":"","overlay-color":"","overlay-opacity":"","overlay-gradient":""}},"footnotes":""},"categories":[178],"tags":[179],"class_list":["post-1696","post","type-post","status-publish","format-standard","hentry","category-biblioteca","tag-activitats-biblioteca"],"post_mailing_queue_ids":[],"_links":{"self":[{"href":"https:\/\/agora.xtec.cat\/ieslescala\/wp-json\/wp\/v2\/posts\/1696","targetHints":{"allow":["GET"]}}],"collection":[{"href":"https:\/\/agora.xtec.cat\/ieslescala\/wp-json\/wp\/v2\/posts"}],"about":[{"href":"https:\/\/agora.xtec.cat\/ieslescala\/wp-json\/wp\/v2\/types\/post"}],"author":[{"embeddable":true,"href":"https:\/\/agora.xtec.cat\/ieslescala\/wp-json\/wp\/v2\/users\/40"}],"replies":[{"embeddable":true,"href":"https:\/\/agora.xtec.cat\/ieslescala\/wp-json\/wp\/v2\/comments?post=1696"}],"version-history":[{"count":1,"href":"https:\/\/agora.xtec.cat\/ieslescala\/wp-json\/wp\/v2\/posts\/1696\/revisions"}],"predecessor-version":[{"id":1850,"href":"https:\/\/agora.xtec.cat\/ieslescala\/wp-json\/wp\/v2\/posts\/1696\/revisions\/1850"}],"wp:attachment":[{"href":"https:\/\/agora.xtec.cat\/ieslescala\/wp-json\/wp\/v2\/media?parent=1696"}],"wp:term":[{"taxonomy":"category","embeddable":true,"href":"https:\/\/agora.xtec.cat\/ieslescala\/wp-json\/wp\/v2\/categories?post=1696"},{"taxonomy":"post_tag","embeddable":true,"href":"https:\/\/agora.xtec.cat\/ieslescala\/wp-json\/wp\/v2\/tags?post=1696"}],"curies":[{"name":"wp","href":"https:\/\/api.w.org\/{rel}","templated":true}]}}