{"id":1683,"date":"2013-09-04T20:58:00","date_gmt":"2013-09-04T19:58:00","guid":{"rendered":"http:\/\/agora.xtec.cat\/ieslescala\/general\/la-setmana-del-llibre-en-catala-del-6-al-15-de-setembre\/"},"modified":"2016-07-17T18:45:36","modified_gmt":"2016-07-17T17:45:36","slug":"la-setmana-del-llibre-en-catala-del-6-al-15-de-setembre","status":"publish","type":"post","link":"https:\/\/agora.xtec.cat\/ieslescala\/biblioteca\/la-setmana-del-llibre-en-catala-del-6-al-15-de-setembre\/","title":{"rendered":"La Setmana del Llibre en catal\u00e0 del 6 al 15 de setembre"},"content":{"rendered":"<p><a href=\"http:\/\/2.bp.blogspot.com\/-3UdL21xvdp4\/UieA5noGsUI\/AAAAAAAAA28\/_BU6B1v2IBU\/s1600\/SLC13-Logo+colorV.jpeg\" style=\"clear: right; float: right; margin-bottom: 1em; margin-left: 1em;\"><img loading=\"lazy\" decoding=\"async\" border=\"0\" height=\"200\" src=\"http:\/\/2.bp.blogspot.com\/-3UdL21xvdp4\/UieA5noGsUI\/AAAAAAAAA28\/_BU6B1v2IBU\/s200\/SLC13-Logo+colorV.jpeg\" width=\"148\" \/><\/a><\/p>\n<div style=\"text-align: justify;\"><span style=\"font-size: large;\">Comencem el curs 2013\/14 amb ganes de gaudir de la literatura i dels &nbsp;bons llibres, d&#8217;aprendre molt i de compartir lectures i inquietuds, perqu\u00e8 &#8220;Llegir ens obre al m\u00f3n&#8221;.<\/span><\/div>\n<p><\/p>\n<div style=\"text-align: justify;\"><span style=\"font-size: large;\">Des de la Biblioteca Escolar continuem la tasca de difusi\u00f3 de novetats, recomanaci\u00f3 de lectures i d&#8217;esdeveniments culturals i, per comen\u00e7ar, aquest setembre ja tenim aqu\u00ed la <a href=\"http:\/\/www.lasetmana.cat\/\" target=\"_blank\">Setmana del Llibre en Catal\u00e0<\/a>, amb moltes activitats relacionades amb la lectura. A la p\u00e0gina web de la Setmana trobareu tota la informaci\u00f3 sobre la programaci\u00f3, activitats tem\u00e0tiques, itineraris literaris i \u00e0pats amb autores, etc. I als mitjans, podeu llegir &nbsp;aquest article del diari<a href=\"http:\/\/www.ara.cat\/cultura\/Setmana-Llibre-Catala-expositors-activitats_0_986901476.html#.Uid-_2Q3hC0.gmail\" target=\"_blank\"> Ara<\/a>.<\/span><\/div>\n<div style=\"text-align: justify;\"><span style=\"font-size: large;\"><br \/><\/span><\/div>\n<div style=\"text-align: justify;\"><span style=\"font-size: large;\">Aqu\u00ed teniu un v\u00eddeo curt de promoci\u00f3 de l&#8217;edici\u00f3 d&#8217;aquest any. Per cert, si voleu participar en un <a href=\"http:\/\/www.lasetmana.cat\/index.php\/premsa?layout=edit&amp;id=83\" target=\"_blank\">concurs<\/a> despr\u00e9s de veure&#8217;l, podeu jugar-hi<\/span>!<\/div>\n<div>\n<div><\/div>\n<\/div>\n<p><iframe loading=\"lazy\" allowfullscreen=\"\" height=\"281\" mozallowfullscreen=\"\" src=\"\/\/player.vimeo.com\/video\/71981246\" webkitallowfullscreen=\"\" width=\"500\"><\/iframe><\/p>\n","protected":false},"excerpt":{"rendered":"<p>Comencem el curs 2013\/14 amb ganes de gaudir de la literatura i dels &nbsp;bons llibres, d&#8217;aprendre molt i de compartir [&hellip;]<\/p>\n","protected":false},"author":40,"featured_media":0,"comment_status":"closed","ping_status":"open","sticky":false,"template":"","format":"standard","meta":{"_bbp_topic_count":0,"_bbp_reply_count":0,"_bbp_total_topic_count":0,"_bbp_total_reply_count":0,"_bbp_voice_count":0,"_bbp_anonymous_reply_count":0,"_bbp_topic_count_hidden":0,"_bbp_reply_count_hidden":0,"_bbp_forum_subforum_count":0,"site-sidebar-layout":"default","site-content-layout":"","ast-site-content-layout":"","site-content-style":"default","site-sidebar-style":"default","ast-global-header-display":"","ast-banner-title-visibility":"","ast-main-header-display":"","ast-hfb-above-header-display":"","ast-hfb-below-header-display":"","ast-hfb-mobile-header-display":"","site-post-title":"","ast-breadcrumbs-content":"","ast-featured-img":"","footer-sml-layout":"","theme-transparent-header-meta":"","adv-header-id-meta":"","stick-header-meta":"","header-above-stick-meta":"","header-main-stick-meta":"","header-below-stick-meta":"","astra-migrate-meta-layouts":"default","ast-page-background-enabled":"default","ast-page-background-meta":{"desktop":{"background-color":"var(--ast-global-color-4)","background-image":"","background-repeat":"repeat","background-position":"center center","background-size":"auto","background-attachment":"scroll","background-type":"","background-media":"","overlay-type":"","overlay-color":"","overlay-opacity":"","overlay-gradient":""},"tablet":{"background-color":"","background-image":"","background-repeat":"repeat","background-position":"center center","background-size":"auto","background-attachment":"scroll","background-type":"","background-media":"","overlay-type":"","overlay-color":"","overlay-opacity":"","overlay-gradient":""},"mobile":{"background-color":"","background-image":"","background-repeat":"repeat","background-position":"center center","background-size":"auto","background-attachment":"scroll","background-type":"","background-media":"","overlay-type":"","overlay-color":"","overlay-opacity":"","overlay-gradient":""}},"ast-content-background-meta":{"desktop":{"background-color":"var(--ast-global-color-5)","background-image":"","background-repeat":"repeat","background-position":"center center","background-size":"auto","background-attachment":"scroll","background-type":"","background-media":"","overlay-type":"","overlay-color":"","overlay-opacity":"","overlay-gradient":""},"tablet":{"background-color":"var(--ast-global-color-5)","background-image":"","background-repeat":"repeat","background-position":"center center","background-size":"auto","background-attachment":"scroll","background-type":"","background-media":"","overlay-type":"","overlay-color":"","overlay-opacity":"","overlay-gradient":""},"mobile":{"background-color":"var(--ast-global-color-5)","background-image":"","background-repeat":"repeat","background-position":"center center","background-size":"auto","background-attachment":"scroll","background-type":"","background-media":"","overlay-type":"","overlay-color":"","overlay-opacity":"","overlay-gradient":""}},"footnotes":""},"categories":[178],"tags":[],"class_list":["post-1683","post","type-post","status-publish","format-standard","hentry","category-biblioteca"],"post_mailing_queue_ids":[],"_links":{"self":[{"href":"https:\/\/agora.xtec.cat\/ieslescala\/wp-json\/wp\/v2\/posts\/1683","targetHints":{"allow":["GET"]}}],"collection":[{"href":"https:\/\/agora.xtec.cat\/ieslescala\/wp-json\/wp\/v2\/posts"}],"about":[{"href":"https:\/\/agora.xtec.cat\/ieslescala\/wp-json\/wp\/v2\/types\/post"}],"author":[{"embeddable":true,"href":"https:\/\/agora.xtec.cat\/ieslescala\/wp-json\/wp\/v2\/users\/40"}],"replies":[{"embeddable":true,"href":"https:\/\/agora.xtec.cat\/ieslescala\/wp-json\/wp\/v2\/comments?post=1683"}],"version-history":[{"count":1,"href":"https:\/\/agora.xtec.cat\/ieslescala\/wp-json\/wp\/v2\/posts\/1683\/revisions"}],"predecessor-version":[{"id":1935,"href":"https:\/\/agora.xtec.cat\/ieslescala\/wp-json\/wp\/v2\/posts\/1683\/revisions\/1935"}],"wp:attachment":[{"href":"https:\/\/agora.xtec.cat\/ieslescala\/wp-json\/wp\/v2\/media?parent=1683"}],"wp:term":[{"taxonomy":"category","embeddable":true,"href":"https:\/\/agora.xtec.cat\/ieslescala\/wp-json\/wp\/v2\/categories?post=1683"},{"taxonomy":"post_tag","embeddable":true,"href":"https:\/\/agora.xtec.cat\/ieslescala\/wp-json\/wp\/v2\/tags?post=1683"}],"curies":[{"name":"wp","href":"https:\/\/api.w.org\/{rel}","templated":true}]}}