{"id":19788,"date":"2026-04-13T18:10:07","date_gmt":"2026-04-13T16:10:07","guid":{"rendered":"https:\/\/agora.xtec.cat\/ieslaserra\/?p=19788"},"modified":"2026-04-13T18:10:07","modified_gmt":"2026-04-13T16:10:07","slug":"iii-premis-a-lestudi-elsa-peretti-pere-closa","status":"publish","type":"post","link":"https:\/\/agora.xtec.cat\/ieslaserra\/portada\/iii-premis-a-lestudi-elsa-peretti-pere-closa\/","title":{"rendered":"III PREMIS A L&#8217;ESTUDI ELSA PERETTI-PERE CLOSA"},"content":{"rendered":"<p>La <em>Fundaci\u00f3 Privada Pere Closa<\/em>, amb el suport de T<em>he Nando and Elsa Peretti Foundation<\/em>, ha atorgat un dels 150 premis a JES\u00daS BU\u00d1ALES MATEO, de 2n d&#8217;ESO, en reconeixement a l&#8217;esfor\u00e7, la const\u00e0ncia i la dedicaci\u00f3 a l&#8217;estudi del nostre alumne, valorant el seu comprom\u00eds acad\u00e8mic i personal i amb l&#8217;objectiu d&#8217;impulsar-los a prosseguir en la seva formaci\u00f3. Cada alumne rebr\u00e0 un diploma juntament amb un val dotat de 200\u20ac per invertir-los en material escolar. Estem conven\u00e7udes que aquest reconeixement no nom\u00e9s encoratjar\u00e0 els guardonats a continuar endavant, sin\u00f3 que tamb\u00e9 servir\u00e0 d&#8217;exemple inspirador per a tota la comunitat educativa.<\/p>\n<p>L\u2019entrega dels <span style=\"text-decoration: underline;\"><strong>III Premis a l\u2019Estudi Elsa Peretti-Pere Closa<\/strong><\/span> tindr\u00e0 lloc el proper dia 6 de juny a L&#8217;Auditori de Barcelona<\/p>\n<p>La Fundaci\u00f3 Privada Pere Closa dona l\u2019enhorabona als premiats i premiades i continuar\u00e0 sumant esfor\u00e7os per impulsar el seu alumnat cap a l\u2019\u00e8xit educatiu.<\/p>\n","protected":false},"excerpt":{"rendered":"<p>La Fundaci\u00f3 Privada Pere Closa, amb el suport de The Nando and Elsa Peretti Foundation, ha atorgat un dels 150 premis a JES\u00daS BU\u00d1ALES MATEO, de 2n d&#8217;ESO, en reconeixement a l&#8217;esfor\u00e7, la const\u00e0ncia i la dedicaci\u00f3 a l&#8217;estudi del nostre alumne, valorant el seu&hellip;  <a href=\"https:\/\/agora.xtec.cat\/ieslaserra\/portada\/iii-premis-a-lestudi-elsa-peretti-pere-closa\/\" title=\"Read III PREMIS A L&#8217;ESTUDI ELSA PERETTI-PERE CLOSA\">Llegeix m\u00e9s\u00bb<\/a><\/p>\n","protected":false},"author":1,"featured_media":0,"comment_status":"open","ping_status":"open","sticky":false,"template":"","format":"standard","meta":{"_bbp_topic_count":0,"_bbp_reply_count":0,"_bbp_total_topic_count":0,"_bbp_total_reply_count":0,"_bbp_voice_count":0,"_bbp_anonymous_reply_count":0,"_bbp_topic_count_hidden":0,"_bbp_reply_count_hidden":0,"_bbp_forum_subforum_count":0,"footnotes":""},"categories":[29],"tags":[],"class_list":["post-19788","post","type-post","status-publish","format-standard","hentry","category-portada"],"post_mailing_queue_ids":[],"_links":{"self":[{"href":"https:\/\/agora.xtec.cat\/ieslaserra\/wp-json\/wp\/v2\/posts\/19788","targetHints":{"allow":["GET"]}}],"collection":[{"href":"https:\/\/agora.xtec.cat\/ieslaserra\/wp-json\/wp\/v2\/posts"}],"about":[{"href":"https:\/\/agora.xtec.cat\/ieslaserra\/wp-json\/wp\/v2\/types\/post"}],"author":[{"embeddable":true,"href":"https:\/\/agora.xtec.cat\/ieslaserra\/wp-json\/wp\/v2\/users\/1"}],"replies":[{"embeddable":true,"href":"https:\/\/agora.xtec.cat\/ieslaserra\/wp-json\/wp\/v2\/comments?post=19788"}],"version-history":[{"count":1,"href":"https:\/\/agora.xtec.cat\/ieslaserra\/wp-json\/wp\/v2\/posts\/19788\/revisions"}],"predecessor-version":[{"id":19789,"href":"https:\/\/agora.xtec.cat\/ieslaserra\/wp-json\/wp\/v2\/posts\/19788\/revisions\/19789"}],"wp:attachment":[{"href":"https:\/\/agora.xtec.cat\/ieslaserra\/wp-json\/wp\/v2\/media?parent=19788"}],"wp:term":[{"taxonomy":"category","embeddable":true,"href":"https:\/\/agora.xtec.cat\/ieslaserra\/wp-json\/wp\/v2\/categories?post=19788"},{"taxonomy":"post_tag","embeddable":true,"href":"https:\/\/agora.xtec.cat\/ieslaserra\/wp-json\/wp\/v2\/tags?post=19788"}],"curies":[{"name":"wp","href":"https:\/\/api.w.org\/{rel}","templated":true}]}}